{"id":126919,"date":"2026-01-02T10:45:10","date_gmt":"2026-01-02T10:45:10","guid":{"rendered":"https:\/\/www.europesays.com\/no\/126919\/"},"modified":"2026-01-02T10:45:10","modified_gmt":"2026-01-02T10:45:10","slug":"pilot-flight-academy-legger-ned-vi-beklager","status":"publish","type":"post","link":"https:\/\/www.europesays.com\/no\/126919\/","title":{"rendered":"Pilot Flight Academy legger ned: \u2013 Vi beklager"},"content":{"rendered":"\n<p class=\"_lead_o9xde_2 _lead_xtcu6_50 layout-component text-serif-m layout-normal text-serif-l layout-component layout-wide layout-padded _wide_17hqh_1 layout-padded\">Det bekrefter skolens ledelse fredag.<\/p>\n<p><img alt=\"Her er ett av flyene til Pilot Flight Academy avbildet tilbake i 2021. Foto: Frode Hansen \/ VG\" class=\"_image_qp4xg_65 layout-component layout-wide\" data-fullscreen- data-track-element-type=\"Article image fullscreen\" data-track-name=\"ImageFullscreen\" fetchpriority=\"high\" decoding=\"sync\" loading=\"eager\" height=\"3648\" itemprop=\"image\"  src=\"https:\/\/www.europesays.com\/no\/wp-content\/uploads\/2026\/01\/2c1f770c-5949-44b7-88fe-46d1ecf105b0.jpeg\"  style=\"object-position:0% 0%\" width=\"5472\"\/>Her er ett av flyene til Pilot Flight Academy avbildet tilbake i 2021. Foto: Frode Hansen \/ VG<\/p>\n<ul aria-hidden=\"true\" class=\"_images_ntbth_112\">\n<li><a class=\"_link_ntbth_117\" href=\"https:\/\/www.vg.no\/forfatter\/eline-hauger\" style=\"z-index:2\" title=\"Eline Hauger\" rel=\"nofollow noopener\" target=\"_blank\"><img alt=\"Bilde av Eline Hauger\" class=\"_image_ntbth_93\" fetchpriority=\"low\" loading=\"lazy\" decoding=\"async\" itemprop=\"image\"  src=\"https:\/\/www.europesays.com\/no\/wp-content\/uploads\/2026\/01\/3dd290e1-4a44-4b56-a5ad-64fb323cd6ac.png\"  width=\"480\"\/><\/a><\/li>\n<li><a class=\"_link_ntbth_117\" href=\"https:\/\/www.vg.no\/forfatter\/live-tronstad\" style=\"z-index:1\" title=\"Live Tronstad\" rel=\"nofollow noopener\" target=\"_blank\"><img alt=\"Bilde av Live Tronstad\" class=\"_image_ntbth_93\" fetchpriority=\"low\" loading=\"lazy\" decoding=\"async\" itemprop=\"image\"  src=\"https:\/\/www.europesays.com\/no\/wp-content\/uploads\/2026\/01\/1767350708_608_730bca66-e713-4274-9d1c-1222feeb3c7d.jpeg\"  width=\"480\"\/><\/a><\/li>\n<\/ul>\n<p> Oppdatert fredag 2. januar kl. 11:26     <\/p>\n<p class=\"_paragraph_o9xde_4 _paragraph_xtcu6_10 layout-component text-serif-m layout-normal text-serif-m layout-padded\">\u2013 Det er med dyp beklagelse at jeg m\u00e5 informere dere om at Pilot Flight Academy besluttet \u00e5 begj\u00e6re konkurs i g\u00e5r, innleder styreleder og daglig leder Henriette M\u00f8ller Nielsen en e-post til studentene. <\/p>\n<p class=\"_paragraph_o9xde_4 _paragraph_xtcu6_10 layout-component text-serif-m layout-normal text-serif-m layout-padded\">De siste m\u00e5nedene har PFA pr\u00f8vd \u00e5 stabilisere den \u00f8konomiske situasjonen ved blant annet \u00e5 fors\u00f8ke \u00e5 finne nye investorer. <\/p>\n<p class=\"_paragraph_o9xde_4 _paragraph_xtcu6_10 layout-component text-serif-m layout-normal text-serif-m layout-padded\">Det har de ikke lyktes med.<\/p>\n<p class=\"_paragraph_o9xde_4 _paragraph_xtcu6_10 layout-component text-serif-m layout-normal text-serif-m layout-padded\">Skolen har n\u00e6rmere 160 studenter. Flere av dem bor p\u00e5 campus og m\u00e5 n\u00e5 forlate lokalene. <\/p>\n<p class=\"_paragraph_o9xde_4 _paragraph_xtcu6_10 layout-component text-serif-m layout-normal text-serif-m layout-padded\">\u2013 Beslutningen er ikke tatt lett, og f\u00f8lger en krevende periode preget av redusert studentinntak og en kostnadsstruktur som ikke lenger var b\u00e6rekraftig.<\/p>\n<p class=\"_paragraph_o9xde_4 _paragraph_xtcu6_10 layout-component text-serif-m layout-normal text-serif-m layout-padded\">Noe senere fredag formiddag, bekrefter M\u00f8ller Nielsen at de begj\u00e6rer oppbud i en pressemelding.<\/p>\n<p> \u2013 Har v\u00e6rt tungt<\/p>\n<p class=\"_paragraph_o9xde_4 _paragraph_xtcu6_10 layout-component text-serif-m layout-normal text-serif-m layout-padded\">\u2013 Vi beklager at det ikke var mulig \u00e5 finne en l\u00f8sning for \u00e5 videref\u00f8re PFA, skriver den daglige lederen.<\/p>\n<p class=\"_paragraph_o9xde_4 _paragraph_xtcu6_10 layout-component text-serif-m layout-normal text-serif-m layout-padded\">Hun opplyser om at de har v\u00e6rt i tett dialog med andre skoler for \u00e5 gi studentene nye alternativer, i tillegg til \u00e5 tilby r\u00e5dgivning.<\/p>\n<p class=\"_paragraph_o9xde_4 _paragraph_xtcu6_10 layout-component text-serif-m layout-normal text-serif-m layout-padded\">\u2013 Som f\u00f8lge av den krevende \u00f8konomiske situasjonen ved PFA, har vi hatt en lang periode med usikkerhet b\u00e5de for v\u00e5re studenter og medarbeidere. Det har v\u00e6rt tungt, og n\u00e5 gj\u00f8r vi v\u00e5rt ytterste for \u00e5 l\u00f8se det som l\u00f8ses kan.<\/p>\n<p> Skylder flere millioner<\/p>\n<p class=\"_paragraph_o9xde_4 _paragraph_xtcu6_10 layout-component text-serif-m layout-normal text-serif-m layout-padded\">Det var p\u00e5 lille julaften at ansatte og studenter ved PFA f\u00f8rst fikk melding fra M\u00f8ller Nilsen, der hun fortalte at de m\u00e5tte forberede seg <a href=\"https:\/\/www.vg.no\/i\/JOo7p4\" data-track-element-type=\"Link\" data-track-id=\"link:JOo7p4\" class=\"_link_o9xde_39\" rel=\"nofollow noopener\" target=\"_blank\">p\u00e5 en mulig konkurs<\/a>.<\/p>\n<p class=\"_paragraph_o9xde_4 _paragraph_xtcu6_10 layout-component text-serif-m layout-normal text-serif-m layout-padded\">Per 26. desember 2025 er det registrert 31 betalingsanmerkninger p\u00e5 Pilot Flight Academy.<\/p>\n<p class=\"_paragraph_o9xde_4 _paragraph_xtcu6_10 layout-component text-serif-m layout-normal text-serif-m layout-padded\">De totale kravene i oversikten er p\u00e5 3.975.394 kroner, viser opplysninger fra Proff.<\/p>\n<p class=\"_paragraph_o9xde_4 _paragraph_xtcu6_10 layout-component text-serif-m layout-normal text-serif-m layout-padded\">Bel\u00f8pene p\u00e5 listen over inkassosaker varierer fra noen hundrelapper for vaktmestertjenester og sn\u00f8m\u00e5king til over tre millioner kroner. <\/p>\n<p>\u2013 Et slag i trynet<\/p>\n<p class=\"_paragraph_o9xde_4 _paragraph_xtcu6_10 layout-component text-serif-m layout-normal text-serif-m layout-padded\"><a href=\"https:\/\/www.vg.no\/nyheter\/i\/Wvb3yj\/pilot-flight-academy-pfa-utsetter-konkursbeslutning\" data-track-element-type=\"Link\" data-track-id=\"link:Wvb3yj\" class=\"_link_o9xde_39\" rel=\"nofollow noopener\" target=\"_blank\">VG har snakket med studenter ved h\u00f8yskolen<\/a> som fikk beskjed om den mulige konkursen lille julaften. <\/p>\n<p class=\"_paragraph_o9xde_4 _paragraph_xtcu6_10 layout-component text-serif-m layout-normal text-serif-m layout-padded\">\u2013 Det var et slag i trynet da vi fikk den meldingen 23. desember. Det var veldig uventet. Vi har i hvert fall ikke tenkt at de kom til \u00e5 g\u00e5 konkurs, sa Eric Aagaard Davis (25). <\/p>\n<p><img alt=\"VG snakket med Emil Forsland og Eric Aagaard Davis som var studenter ved Pilot Flight Academy tidligere i julen.   Foto: Privat\" class=\"_image_qp4xg_65 layout-component layout-normal\" data-fullscreen- data-track-element-type=\"Article image fullscreen\" data-track-name=\"ImageFullscreen\" decoding=\"async\" loading=\"lazy\" height=\"1668\" itemprop=\"image\"  src=\"https:\/\/www.europesays.com\/no\/wp-content\/uploads\/2026\/01\/c6994d73-c0c8-4d46-90b5-02d5b75e3b79.png\"  style=\"object-position:0% 0%\" width=\"2500\"\/>VG snakket med Emil Forsland og Eric Aagaard Davis som var studenter ved Pilot Flight Academy tidligere i julen.   Foto: Privat<\/p>\n<p class=\"_paragraph_o9xde_4 _paragraph_xtcu6_10 layout-component text-serif-m layout-normal text-serif-m layout-padded\">Aagard Davis fortalte at de hadde h\u00f8rt noe om at den \u00f8konomiske situasjonen til skolen ikke var s\u00e5 bra ved starten av skole\u00e5ret, men at det da virket som situasjonen hadde blitt bedre.<\/p>\n<p class=\"_paragraph_o9xde_4 _paragraph_xtcu6_10 layout-component text-serif-m layout-normal text-serif-m layout-padded\"><a href=\"https:\/\/www.vg.no\/nyheter\/i\/Wvb3yj\/pilot-flight-academy-pfa-utsetter-konkursbeslutning\" data-track-element-type=\"Link\" data-track-id=\"link:Wvb3yj\" class=\"_link_o9xde_39\" rel=\"nofollow noopener\" target=\"_blank\"><strong class=\"_strong_o9xde_25\">Les hele VGs intervju med studentene her. <\/strong><\/a><\/p>\n<p>    <img decoding=\"async\" alt=\"Tips oss illustrasjon\" src=\"https:\/\/www.europesays.com\/no\/wp-content\/uploads\/2025\/10\/pssst-small.webp.webp\"\/>    <\/p>\n<p class=\"title-serif-s\">Har du tips?<\/p>\n<p class=\"text-sans-m\">Send oss informasjon, bilder eller video.<\/p>\n<p>  <a href=\"https:\/\/www.vg.no\/tips-oss\" rel=\"nofollow noopener\" target=\"_blank\"> Tips oss <\/a>      <\/p>\n","protected":false},"excerpt":{"rendered":"Det bekrefter skolens ledelse fredag. Her er ett av flyene til Pilot Flight Academy avbildet tilbake i 2021.&hellip;\n","protected":false},"author":2,"featured_media":126920,"comment_status":"","ping_status":"","sticky":false,"template":"","format":"standard","meta":{"footnotes":""},"categories":[5],"tags":[31,20,21,24,25,15,19,22,23,17,18,13,30,28,29,14,16,26,27],"class_list":{"0":"post-126919","1":"post","2":"type-post","3":"status-publish","4":"format-standard","5":"has-post-thumbnail","7":"category-overskrifter","8":"tag-breaking","9":"tag-breaking-news","10":"tag-breakingnews","11":"tag-featured-news","12":"tag-featurednews","13":"tag-headlines","14":"tag-hovedoppslag","15":"tag-latest-news","16":"tag-latestnews","17":"tag-main-news","18":"tag-mainnews","19":"tag-news","20":"tag-no","21":"tag-norge","22":"tag-norway","23":"tag-nyheter","24":"tag-overskrifter","25":"tag-top-stories","26":"tag-topstories"},"share_on_mastodon":{"url":"https:\/\/pubeurope.com\/@no\/115825103545290527","error":""},"_links":{"self":[{"href":"https:\/\/www.europesays.com\/no\/wp-json\/wp\/v2\/posts\/126919","targetHints":{"allow":["GET"]}}],"collection":[{"href":"https:\/\/www.europesays.com\/no\/wp-json\/wp\/v2\/posts"}],"about":[{"href":"https:\/\/www.europesays.com\/no\/wp-json\/wp\/v2\/types\/post"}],"author":[{"embeddable":true,"href":"https:\/\/www.europesays.com\/no\/wp-json\/wp\/v2\/users\/2"}],"replies":[{"embeddable":true,"href":"https:\/\/www.europesays.com\/no\/wp-json\/wp\/v2\/comments?post=126919"}],"version-history":[{"count":0,"href":"https:\/\/www.europesays.com\/no\/wp-json\/wp\/v2\/posts\/126919\/revisions"}],"wp:featuredmedia":[{"embeddable":true,"href":"https:\/\/www.europesays.com\/no\/wp-json\/wp\/v2\/media\/126920"}],"wp:attachment":[{"href":"https:\/\/www.europesays.com\/no\/wp-json\/wp\/v2\/media?parent=126919"}],"wp:term":[{"taxonomy":"category","embeddable":true,"href":"https:\/\/www.europesays.com\/no\/wp-json\/wp\/v2\/categories?post=126919"},{"taxonomy":"post_tag","embeddable":true,"href":"https:\/\/www.europesays.com\/no\/wp-json\/wp\/v2\/tags?post=126919"}],"curies":[{"name":"wp","href":"https:\/\/api.w.org\/{rel}","templated":true}]}}