{"id":126921,"date":"2026-01-02T10:47:09","date_gmt":"2026-01-02T10:47:09","guid":{"rendered":"https:\/\/www.europesays.com\/no\/126921\/"},"modified":"2026-01-02T10:47:09","modified_gmt":"2026-01-02T10:47:09","slug":"will-smith-saksokes-for-seksuell-trakassering","status":"publish","type":"post","link":"https:\/\/www.europesays.com\/no\/126921\/","title":{"rendered":"Will Smith saks\u00f8kes for seksuell trakassering"},"content":{"rendered":"<p>Den amerikanske fiolinisten Brian King Joseph har saks\u00f8kt skuespiller Will Smith (57) og hans management for seksuell trakassering og usaklig oppsigelse.<\/p>\n<p>Det melder\u00a0<a href=\"https:\/\/people.com\/will-smith-sued-by-violinist-brian-king-joseph-sexual-harassment-11877805\" rel=\"nofollow noopener\" target=\"_blank\">People<\/a>\u00a0og flere andre medier.\u00a0<\/p>\n<p>        <img class=\"image__img lazyload\" itemprop=\"image\" title=\"Foto: O'Connor \/ Pa Photos \/ NTB\" alt=\"FIOLINIST: Brian King Joseph har deltatt p\u00e5 \u00abAmerica\u2019s Got Talent\u00bb. Foto: O'Connor \/ Pa Photos \/ NTB\" width=\"675\" height=\"486\" bad-src=\"https:\/\/www.europesays.com\/no\/wp-content\/uploads\/2026\/01\/18425640.webp.jpeg\" fetchpriority=\"auto\" \/><\/p>\n<p>      FIOLINIST: Brian King Joseph har deltatt p\u00e5 \u00abAmerica\u2019s Got Talent\u00bb.<br \/>\n         Foto: O&#8217;Connor \/ Pa Photos \/ NTB<\/p>\n<p>Fiolisten opplyser at han ble invitert med p\u00e5 Smiths turn\u00e9 i november 2024. I s\u00f8ksm\u00e5let hevder han at Smith over tid opptr\u00e5dte upassende og skapte en utrygg og ubehagelig arbeidssituasjon.<\/p>\n<p>Joseph saks\u00f8kte Smith og hans management 30. desember.<\/p>\n<p>H\u00e5ndskreven lapp<\/p>\n<p>Smith skal if\u00f8lge s\u00f8ksm\u00e5let ha gitt uttrykk for at det var en \u00abspesiell forbindelse\u00bb mellom dem.<\/p>\n<p>Under et turn\u00e9stopp i Las Vegas skal Joseph ha kommet tilbake til hotellrommet sitt og funnet det rotet til. Han hevder at det l\u00e5 gjenstander der han ikke kjente igjen, blant annet en HIV-medisin med et annet navn p\u00e5 etiketten.<\/p>\n<p>Det som if\u00f8lge Joseph gjorde sterkest inntrykk, var en h\u00e5ndskrevet lapp han oppfattet som seksuelt ladet og truende.\u00a0<\/p>\n<p>P\u00e5 lappen skal det ha st\u00e5tt:<br \/>\n\u00abBrian, jeg kommer tilbake \u2026 bare oss\u00bb, signert \u00abStone F\u00bb, etterfulgt av et hjerte.<\/p>\n<p>Ble sagt opp kort tid etter hendelsen\u00a0<\/p>\n<p>Joseph sier han varslet b\u00e5de hotellpersonalet, politiet og turn\u00e9ledelsen om hendelsen. Kort tid etter skal han ha blitt sagt opp, noe han mener var gjengjeldelse for at han varslet.<\/p>\n<p>Smith avviser anklagene. Hans advokat omtaler s\u00f8ksm\u00e5let som grunnl\u00f8st og sier at Smith vil forsvare seg i retten, if\u00f8lge People.<\/p>\n","protected":false},"excerpt":{"rendered":"Den amerikanske fiolinisten Brian King Joseph har saks\u00f8kt skuespiller Will Smith (57) og hans management for seksuell trakassering&hellip;\n","protected":false},"author":2,"featured_media":126922,"comment_status":"","ping_status":"","sticky":false,"template":"","format":"standard","meta":{"footnotes":""},"categories":[58],"tags":[71,30,28,29,72],"class_list":{"0":"post-126921","1":"post","2":"type-post","3":"status-publish","4":"format-standard","5":"has-post-thumbnail","7":"category-underholdning","8":"tag-entertainment","9":"tag-no","10":"tag-norge","11":"tag-norway","12":"tag-underholdning"},"share_on_mastodon":{"url":"https:\/\/pubeurope.com\/@no\/115825111399896162","error":""},"_links":{"self":[{"href":"https:\/\/www.europesays.com\/no\/wp-json\/wp\/v2\/posts\/126921","targetHints":{"allow":["GET"]}}],"collection":[{"href":"https:\/\/www.europesays.com\/no\/wp-json\/wp\/v2\/posts"}],"about":[{"href":"https:\/\/www.europesays.com\/no\/wp-json\/wp\/v2\/types\/post"}],"author":[{"embeddable":true,"href":"https:\/\/www.europesays.com\/no\/wp-json\/wp\/v2\/users\/2"}],"replies":[{"embeddable":true,"href":"https:\/\/www.europesays.com\/no\/wp-json\/wp\/v2\/comments?post=126921"}],"version-history":[{"count":0,"href":"https:\/\/www.europesays.com\/no\/wp-json\/wp\/v2\/posts\/126921\/revisions"}],"wp:featuredmedia":[{"embeddable":true,"href":"https:\/\/www.europesays.com\/no\/wp-json\/wp\/v2\/media\/126922"}],"wp:attachment":[{"href":"https:\/\/www.europesays.com\/no\/wp-json\/wp\/v2\/media?parent=126921"}],"wp:term":[{"taxonomy":"category","embeddable":true,"href":"https:\/\/www.europesays.com\/no\/wp-json\/wp\/v2\/categories?post=126921"},{"taxonomy":"post_tag","embeddable":true,"href":"https:\/\/www.europesays.com\/no\/wp-json\/wp\/v2\/tags?post=126921"}],"curies":[{"name":"wp","href":"https:\/\/api.w.org\/{rel}","templated":true}]}}