{"id":126934,"date":"2026-01-02T11:01:07","date_gmt":"2026-01-02T11:01:07","guid":{"rendered":"https:\/\/www.europesays.com\/no\/126934\/"},"modified":"2026-01-02T11:01:07","modified_gmt":"2026-01-02T11:01:07","slug":"naf-trafikk-en-bonn-til-deg-som-skal-ut-og-kjore-venter-ko-kork-og-kaos","status":"publish","type":"post","link":"https:\/\/www.europesays.com\/no\/126934\/","title":{"rendered":"NAF, Trafikk | En b\u00f8nn til deg som skal ut og kj\u00f8re: Venter k\u00f8, kork og kaos"},"content":{"rendered":"\n<p>Irriterer du deg over bilister som ikke holder avstand? Blir du ut\u00e5lmodig i trafikken og tar forbikj\u00f8ringer &#8211; selv om k\u00f8en er s\u00e5 lang \u00f8yet kan se?<\/p>\n<p><b>\u2013 Mitt r\u00e5d er \u00e5 f\u00f8lge trafikken, og ikke ta sjansen p\u00e5 un\u00f8dvendige og risikable forbikj\u00f8ringer. Husk at fartsgrensen ogs\u00e5 gjelder ved forbikj\u00f8ring. N\u00e5r det er k\u00f8 i tillegg sparer du lite tid i minutter, men \u00f8ker risikoen for alle. <\/b><\/p>\n<p>Det sier Jan Harry Svendsen, r\u00e5dgiver i Norges Automobil Forbund (NAF), i en pressemelding.<\/p>\n<p>Der advarer de om at det kan bli tett trafikk p\u00e5 veien denne helgen. Etter to uker med skoleferie, skal alle hjem fra jule-og nytt\u00e5rsfeiring samtidig.<\/p>\n<p>Fredag morgen kom <a class=\"simple-relation related-teaser article--c-eRUmMG article--c-eRUmMG-jKCPdD-design-default article--c-eRUmMG-iBPVJb-cv\" href=\"https:\/\/www.dt.no\/kulde-og-sno-kan-sette-pris-pa-at-man-ikke-bor-i-telt\/s\/5-57-2765399\" rel=\"nofollow noopener\" target=\"_blank\">\u00e5rets f\u00f8rste sn\u00f8fall<\/a>. Og med det ble det ogs\u00e5 noe tr\u00f8blete da <a rel=\"Follow nofollow noopener\" href=\"https:\/\/www.dt.no\/advarer-bilister-beregn-ekstra-god-tid\/s\/30-57-10505\" target=\"_blank\">nysn\u00f8 la seg p\u00e5 E18<\/a>.<\/p>\n<p>NAF har en b\u00f8nn om at alle som skal ut og kj\u00f8re ogs\u00e5 evner \u00e5 holde avstand. De viser til det \u00e5penbare ved glatt f\u00f8re, alts\u00e5 at bremselengden \u00f8ker.<\/p>\n<p>\u2013 I tillegg vet vi at mange irriterer seg over biler som ligger tett p\u00e5 bak seg. S\u00e5 vis hensyn og hold avstand. Slipp ogs\u00e5 andre inn p\u00e5 veien, s\u00e5 bidrar du til bedre flyt i trafikken for alle, sier Svendsen.<\/p>\n<p><b>NAF kommer ogs\u00e5 med egne r\u00e5d til elbilistene: <\/b><\/p>\n<ul>\n<li>Sjekk at alt som gjelder lading er p\u00e5 stell f\u00f8r hjemreise (inkludert \u00e5 sjekke hvor du kan lade, og at ladeapper er oppdaterte)<\/li>\n<li>Start med fullt batteri<\/li>\n<li>Helst b\u00f8r du forvarme bilen f\u00f8r du reiser (for \u00e5 f\u00e5 lavere forbruk)<\/li>\n<\/ul>\n","protected":false},"excerpt":{"rendered":"Irriterer du deg over bilister som ikke holder avstand? Blir du ut\u00e5lmodig i trafikken og tar forbikj\u00f8ringer &#8211;&hellip;\n","protected":false},"author":2,"featured_media":126935,"comment_status":"","ping_status":"","sticky":false,"template":"","format":"standard","meta":{"footnotes":""},"categories":[5],"tags":[36,20,21,24,25,15,19,3024,22,23,17,18,4303,13,30,28,29,14,16,1510,26,27,224],"class_list":{"0":"post-126934","1":"post","2":"type-post","3":"status-publish","4":"format-standard","5":"has-post-thumbnail","7":"category-overskrifter","8":"tag-art","9":"tag-breaking-news","10":"tag-breakingnews","11":"tag-featured-news","12":"tag-featurednews","13":"tag-headlines","14":"tag-hovedoppslag","15":"tag-ko","16":"tag-latest-news","17":"tag-latestnews","18":"tag-main-news","19":"tag-mainnews","20":"tag-naf","21":"tag-news","22":"tag-no","23":"tag-norge","24":"tag-norway","25":"tag-nyheter","26":"tag-overskrifter","27":"tag-story","28":"tag-top-stories","29":"tag-topstories","30":"tag-trafikk"},"share_on_mastodon":{"url":"https:\/\/pubeurope.com\/@no\/115825166428304010","error":""},"_links":{"self":[{"href":"https:\/\/www.europesays.com\/no\/wp-json\/wp\/v2\/posts\/126934","targetHints":{"allow":["GET"]}}],"collection":[{"href":"https:\/\/www.europesays.com\/no\/wp-json\/wp\/v2\/posts"}],"about":[{"href":"https:\/\/www.europesays.com\/no\/wp-json\/wp\/v2\/types\/post"}],"author":[{"embeddable":true,"href":"https:\/\/www.europesays.com\/no\/wp-json\/wp\/v2\/users\/2"}],"replies":[{"embeddable":true,"href":"https:\/\/www.europesays.com\/no\/wp-json\/wp\/v2\/comments?post=126934"}],"version-history":[{"count":0,"href":"https:\/\/www.europesays.com\/no\/wp-json\/wp\/v2\/posts\/126934\/revisions"}],"wp:featuredmedia":[{"embeddable":true,"href":"https:\/\/www.europesays.com\/no\/wp-json\/wp\/v2\/media\/126935"}],"wp:attachment":[{"href":"https:\/\/www.europesays.com\/no\/wp-json\/wp\/v2\/media?parent=126934"}],"wp:term":[{"taxonomy":"category","embeddable":true,"href":"https:\/\/www.europesays.com\/no\/wp-json\/wp\/v2\/categories?post=126934"},{"taxonomy":"post_tag","embeddable":true,"href":"https:\/\/www.europesays.com\/no\/wp-json\/wp\/v2\/tags?post=126934"}],"curies":[{"name":"wp","href":"https:\/\/api.w.org\/{rel}","templated":true}]}}