{"id":126966,"date":"2026-01-02T11:43:11","date_gmt":"2026-01-02T11:43:11","guid":{"rendered":"https:\/\/www.europesays.com\/no\/126966\/"},"modified":"2026-01-02T11:43:11","modified_gmt":"2026-01-02T11:43:11","slug":"johan-golden-saksoker-facebook-og-lager-tv-av-det","status":"publish","type":"post","link":"https:\/\/www.europesays.com\/no\/126966\/","title":{"rendered":"Johan Golden saks\u00f8ker Facebook og lager TV av det"},"content":{"rendered":"\n<p class=\"_lead_o9xde_2 _lead_xtcu6_50 layout-component text-serif-m layout-normal text-serif-l layout-component layout-wide layout-padded _wide_17hqh_1 layout-padded\">I \u00abGolden vs. Zuckerberg\u00bb tar Johan Golden (51) opp kampen mot en av verdens mektigste menn.<\/p>\n<p><img alt=\"KOMIKER: Johan Golden, her under innspillingen av sin nye dokumentarserie. Foto: Patrick da Silva S\u00e6ther\/NRK\" class=\"_image_qp4xg_65 layout-component layout-wide\" data-fullscreen- data-track-element-type=\"Article image fullscreen\" data-track-name=\"ImageFullscreen\" fetchpriority=\"high\" decoding=\"sync\" loading=\"eager\" height=\"6092\" itemprop=\"image\"  src=\"https:\/\/www.europesays.com\/no\/wp-content\/uploads\/2026\/01\/64b3dd7b-945f-4488-ae2d-afd5f6af50ad.jpeg\"  style=\"object-position:0% 0%\" width=\"9138\"\/>KOMIKER: Johan Golden, her under innspillingen av sin nye dokumentarserie. Foto: Patrick da Silva S\u00e6ther\/NRK<\/p>\n<ul aria-hidden=\"true\" class=\"_images_ntbth_112\">\n<li><a class=\"_link_ntbth_117\" href=\"https:\/\/www.vg.no\/forfatter\/catherine-gonsholt-ighanian\" style=\"z-index:1\" title=\"Catherine Gonsholt Ighanian\" rel=\"nofollow noopener\" target=\"_blank\"><img alt=\"Bilde av Catherine Gonsholt Ighanian\" class=\"_image_ntbth_93\" fetchpriority=\"low\" loading=\"lazy\" decoding=\"async\" itemprop=\"image\"  src=\"https:\/\/www.europesays.com\/no\/wp-content\/uploads\/2026\/01\/1767354189_717_72dca32d-ee6f-474c-a50e-72a9bb49f38a.jpeg\"  width=\"480\"\/><\/a><\/li>\n<\/ul>\n<p> Oppdatert fredag 2. januar kl. 11:02    <\/p>\n<ul class=\"_list_o9xde_3 _list_64s2r_85 _unordered_o9xde_106 text-sans-m\">\n<li class=\"_item_o9xde_30\">Johan Golden saks\u00f8ker Meta og Mark Zuckerberg for krypto-svindel p\u00e5 Facebook.<\/li>\n<li class=\"_item_o9xde_30\">NRK-dokumentarserien \u00abGolden vs. Zuckerberg\u00bb f\u00f8lger kampen hans.<\/li>\n<li class=\"_item_o9xde_30\">Golden h\u00e5per \u00e5 konfrontere Zuckerberg ansikt til ansikt.<\/li>\n<li class=\"_item_o9xde_30\">Serien g\u00e5r p\u00e5 lufta 20. januar.<\/li>\n<\/ul>\n<p>Vis mer <\/p>\n<p class=\"_paragraph_o9xde_4 _paragraph_xtcu6_10 layout-component text-serif-m layout-normal text-serif-m layout-padded\"><a href=\"https:\/\/www.vg.no\/tag\/johan-golden?utm_source=vg-article&amp;utm_medium=auto-tagger&amp;utm_campaign=5p0zoK\" class=\"_link_o9xde_39\" rel=\"nofollow noopener\" target=\"_blank\">Johan Golden<\/a> er nemlig fly forbannet, fordi han er blitt misbrukt i krypto-svindelkrypto-svindelEn type svindel der folk blir lurt til \u00e5 investere i falske kryptovaluta-prosjekter eller plattformer. p\u00e5 Facebook.<\/p>\n<p class=\"_paragraph_o9xde_4 _paragraph_xtcu6_10 layout-component text-serif-m layout-normal text-serif-m layout-padded\">Raseriet har resultert i et s\u00f8ksm\u00e5l mot Meta, selskapet som eier Facebook, Instagram og WhatsApp, og som er ledet av Mark Zuckerberg (41).<\/p>\n<p class=\"_paragraph_o9xde_4 _paragraph_xtcu6_10 layout-component text-serif-m layout-normal text-serif-m layout-padded\">N\u00e5 blir oppgj\u00f8ret mellom Golden og Zuckerberg dokumentarserie p\u00e5 NRK.<\/p>\n<p class=\"_paragraph_o9xde_4 _paragraph_xtcu6_10 layout-component text-serif-m layout-normal text-serif-m layout-padded\">\u2013 Jeg har rapportert, sendt e-post og bedt dem ta ned dette flere ganger, sier Johan Golden i en pressemelding fra NRK.<\/p>\n<p class=\"_paragraph_o9xde_4 _paragraph_xtcu6_10 layout-component text-serif-m layout-normal text-serif-m layout-padded\">Men alle fors\u00f8k har v\u00e6rt nyttel\u00f8se, og n\u00e5 er Golden drittlei.<\/p>\n<p><img decoding=\"async\" alt=\"Bilde av Saks\u00f8kes\" class=\"_image_ygndg_42\" height=\"27\" itemprop=\"image\" loading=\"lazy\"  src=\"https:\/\/www.europesays.com\/no\/wp-content\/uploads\/2026\/01\/e3b9c263-6bfa-47d0-8df2-e3fb969aaf94.jpeg\"  width=\"40\"\/><strong class=\"_name_ygndg_51 title-serif-xs\">Saks\u00f8kes<\/strong><\/p>\n<p class=\"_paragraph_o9xde_4 _paragraph_xtcu6_10 layout-component text-serif-m layout-normal text-serif-m layout-padded\">Statskanalen opplyser at flere har tapt mye penger nettopp fordi de er blitt lurt av de falske annonsene som Johan Golden figurerer i. <\/p>\n<p class=\"_paragraph_o9xde_4 _paragraph_xtcu6_10 layout-component text-serif-m layout-normal text-serif-m layout-padded\">Blant annet m\u00f8ter Golden en kvinne som skal ha blitt svindlet for 160.000 kroner.<\/p>\n<p class=\"_paragraph_o9xde_4 _paragraph_xtcu6_10 layout-component text-serif-m layout-normal text-serif-m layout-padded\">N\u00e5 setter Golden seg m\u00e5l om \u00e5 m\u00f8te Meta-sjefen Mark Zuckerberg ansikt til ansikt for \u00e5 f\u00e5 ham til \u00e5 ordne opp.<\/p>\n<p class=\"_paragraph_o9xde_4 _paragraph_xtcu6_10 layout-component text-serif-m layout-normal text-serif-m layout-padded\">Og TV-seerne skal alts\u00e5 f\u00e5 v\u00e6re med.<\/p>\n<p class=\"_paragraph_o9xde_4 _paragraph_xtcu6_10 layout-component text-serif-m layout-normal text-serif-m layout-padded\">\u2013 Jeg hater f\u00f8lelsen av \u00e5 ikke kunne gj\u00f8re noe, derfor g\u00e5r jeg drastisk til verks i denne serien, sier Johan.<\/p>\n<p><img alt=\"Facebook- og Meta\u2013sjef Mark Zuckerberg under et arrangement i California i november 2025.  Foto: Jeff Chiu \/ AP \/ NTB\" class=\"_image_qp4xg_65 layout-component layout-normal\" data-fullscreen- data-track-element-type=\"Article image fullscreen\" data-track-name=\"ImageFullscreen\" decoding=\"async\" loading=\"lazy\" height=\"3753\" itemprop=\"image\"  src=\"https:\/\/www.europesays.com\/no\/wp-content\/uploads\/2026\/01\/0c8b814c-f23f-44a6-af96-8cb2ee02a446.jpeg\"  style=\"object-position:0% 0%\" width=\"5629\"\/>Facebook- og Meta\u2013sjef Mark Zuckerberg under et arrangement i California i november 2025.  Foto: Jeff Chiu \/ AP \/ NTB<\/p>\n<p class=\"_paragraph_o9xde_4 _paragraph_xtcu6_10 layout-component text-serif-m layout-normal text-serif-m layout-padded\">\u2013 I \u00e5revis har Mark latt svindlere bruke ansiktet mitt i falske nyhetsannonser for \u00e5 lure uskyldige folk. N\u00e5r de trykker p\u00e5 en annonse, kommer de til en falsk investeringsplattform for bitcoinbitcoinEn type digital valuta, ogs\u00e5 kjent som kryptovaluta, som brukes til elektroniske transaksjoner uten behov for en sentral bank. og annen kryptovalutakryptovalutaEn type digital valuta,  som brukes til elektroniske transaksjoner uten behov for en sentral bank., forteller Golden.<\/p>\n<p class=\"_paragraph_o9xde_4 _paragraph_xtcu6_10 layout-component text-serif-m layout-normal text-serif-m layout-padded\">VG har rettet en skriftlig henvendelse til b\u00e5de Meta og Facebook.<\/p>\n<p class=\"_paragraph_o9xde_4 _paragraph_xtcu6_10 layout-component text-serif-m layout-normal text-serif-m layout-padded\">If\u00f8lge NRK avsl\u00f8rer Golden gradvis \u00abde m\u00f8rke sidene ved Facebooks innflytelse p\u00e5 verden\u00bb.<\/p>\n<p class=\"_paragraph_o9xde_4 _paragraph_xtcu6_10 layout-component text-serif-m layout-normal text-serif-m layout-padded\">Han ender til slutt opp i San Francisco. Om han virkelig lykkes i \u00e5 konfrontere Zuckerberg direkte, gjenst\u00e5r \u00e5 se.<\/p>\n<p class=\"_paragraph_o9xde_4 _paragraph_xtcu6_10 layout-component text-serif-m layout-normal text-serif-m layout-padded\">\u00abGolden vs. Zuckerberg\u00bb har premiere p\u00e5 NRK TV 20. januar<\/p>\n<p><img alt=\"Johan Golden foran Meta-skiltet i San Francisco.  Foto: Viktor Mauren\/NRK\" class=\"_image_qp4xg_65 layout-component layout-normal\" data-fullscreen- data-track-element-type=\"Article image fullscreen\" data-track-name=\"ImageFullscreen\" decoding=\"async\" loading=\"lazy\" height=\"2160\" itemprop=\"image\"  src=\"https:\/\/www.europesays.com\/no\/wp-content\/uploads\/2026\/01\/6fbe2cc9-c804-430a-84c0-c96e73e73825.png\"  style=\"object-position:0% 0%\" width=\"3840\"\/>Johan Golden foran Meta-skiltet i San Francisco.  Foto: Viktor Mauren\/NRK<\/p>\n<p class=\"_paragraph_o9xde_4 _paragraph_xtcu6_10 layout-component text-serif-m layout-normal text-serif-m layout-padded\">If\u00f8lge Reuters tjener Meta rundt 16 milliarder dollar i \u00e5ret p\u00e5 svindelannonser, noe som tilsvarer om lag 160 milliarder norske kroner.<\/p>\n<p class=\"_paragraph_o9xde_4 _paragraph_xtcu6_10 layout-component text-serif-m layout-normal text-serif-m layout-padded\">Det er <a href=\"https:\/\/www.vg.no\/nyheter\/i\/wAoQxd\/faktisk-no-johan-golden-misbrukes-i-falsk-krypto-reklame\" data-track-element-type=\"Link\" data-track-id=\"link:wAoQxd\" class=\"_link_o9xde_39\" rel=\"nofollow noopener\" target=\"_blank\">litt over to \u00e5r siden<\/a> en falsk artikkel i Nettavisen-drakt, som hevdet at Golden hadde tjent seg rik p\u00e5 kryptovaluta, spredte seg i sosiale medier. <\/p>\n<p class=\"_paragraph_o9xde_4 _paragraph_xtcu6_10 layout-component text-serif-m layout-normal text-serif-m layout-padded\">Komikeren og \u00abNytt p\u00e5 nytt\u00bb-veteranen uttalte da at han ville saks\u00f8ke Facebook.<\/p>\n<p class=\"_paragraph_o9xde_4 _paragraph_xtcu6_10 layout-component text-serif-m layout-normal text-serif-m layout-padded\">Samtidig sa Golden at det ikke var bare den falske artikkelen han figurerte i, men at det var flere.<\/p>\n<p><img alt=\"TV-FJES: Johan Golden, her under et m\u00f8te med VG for noen \u00e5r siden.  Foto: Helge Mikalsen \/ VG\" class=\"_image_qp4xg_65 layout-component layout-normal\" data-fullscreen- data-track-element-type=\"Article image fullscreen\" data-track-name=\"ImageFullscreen\" decoding=\"async\" loading=\"lazy\" height=\"3446\" itemprop=\"image\"  src=\"https:\/\/www.europesays.com\/no\/wp-content\/uploads\/2026\/01\/3fc97e46-aa4e-49a9-b190-905c3d73f806.jpeg\"  style=\"object-position:0% 0%\" width=\"4734\"\/>TV-FJES: Johan Golden, her under et m\u00f8te med VG for noen \u00e5r siden.  Foto: Helge Mikalsen \/ VG<\/p>\n<p class=\"_paragraph_o9xde_4 _paragraph_xtcu6_10 layout-component text-serif-m layout-normal text-serif-m layout-padded\">Ogs\u00e5 <a href=\"https:\/\/www.vg.no\/nyheter\/i\/6qnzn0\/norske-medier-vil-saksoeke-facebook-eier-meta\" data-track-element-type=\"Link\" data-track-id=\"link:6qnzn0\" class=\"_link_o9xde_39\" rel=\"nofollow noopener\" target=\"_blank\">norske<\/a> og <a href=\"https:\/\/www.vg.no\/rampelys\/i\/QJR0oA\/svenske-medier-politianmelder-zuckerberg\" data-track-element-type=\"Link\" data-track-id=\"link:QJR0oA\" class=\"_link_o9xde_39\" rel=\"nofollow noopener\" target=\"_blank\">svenske<\/a> medier varslet p\u00e5 tampen av 2025 at de vil g\u00e5 til sak mot Meta p\u00e5 grunn av falske annonser fremstilt som nyhetssaker \u2013 noe som har v\u00e6rt et problem i \u00e5revis.<\/p>\n<p class=\"_paragraph_o9xde_4 _paragraph_xtcu6_10 layout-component text-serif-m layout-normal text-serif-m layout-padded\">Bakgrunnen er svindelannonser som ser ut som nyhetssaker, ofte om kjendiser som har tjent penger p\u00e5 bitcoin, og som pr\u00f8ver \u00e5 lure deg til \u00e5 gj\u00f8re det samme. <\/p>\n<p class=\"_paragraph_o9xde_4 _paragraph_xtcu6_10 layout-component text-serif-m layout-normal text-serif-m layout-padded\">Disse finner du for eksempel p\u00e5 Facebook.<\/p>\n<p class=\"_paragraph_o9xde_4 _paragraph_xtcu6_10 layout-component text-serif-m layout-normal text-serif-m layout-padded\">Norske medier har lenge, b\u00e5de sammen og hver for seg, tatt opp saken med Meta. Men MBL (Mediebedriftenes Landsforening) er ikke forn\u00f8yd og mener Meta ikke gj\u00f8r nok.<\/p>\n<p class=\"_paragraph_o9xde_4 _paragraph_xtcu6_10 layout-component text-serif-m layout-normal text-serif-m layout-padded\">\u2013 Vi mener at Meta har et ansvar for ikke \u00e5 tilrettelegge for svindel som de vet foreg\u00e5r. Og vi mener at de gj\u00f8r for lite i dag, <a href=\"https:\/\/www.vg.no\/nyheter\/i\/6qnzn0\/norske-medier-vil-saksoeke-facebook-eier-meta\" data-track-element-type=\"Link\" data-track-id=\"link:6qnzn0\" class=\"_link_o9xde_39\" rel=\"nofollow noopener\" target=\"_blank\">uttalte MBLs fagsjef Geir Engen<\/a> til NTB i desember 2025.<\/p>\n<p>Les ogs\u00e5<\/p>\n","protected":false},"excerpt":{"rendered":"I \u00abGolden vs. Zuckerberg\u00bb tar Johan Golden (51) opp kampen mot en av verdens mektigste menn. KOMIKER: Johan&hellip;\n","protected":false},"author":2,"featured_media":126967,"comment_status":"","ping_status":"","sticky":false,"template":"","format":"standard","meta":{"footnotes":""},"categories":[5],"tags":[20,21,1832,24,25,15,19,4606,22,23,17,18,128,7517,13,30,28,29,787,14,16,26,27,207],"class_list":{"0":"post-126966","1":"post","2":"type-post","3":"status-publish","4":"format-standard","5":"has-post-thumbnail","7":"category-overskrifter","8":"tag-breaking-news","9":"tag-breakingnews","10":"tag-facebook","11":"tag-featured-news","12":"tag-featurednews","13":"tag-headlines","14":"tag-hovedoppslag","15":"tag-johan-golden","16":"tag-latest-news","17":"tag-latestnews","18":"tag-main-news","19":"tag-mainnews","20":"tag-mark-zuckerberg","21":"tag-meta","22":"tag-news","23":"tag-no","24":"tag-norge","25":"tag-norway","26":"tag-nrk","27":"tag-nyheter","28":"tag-overskrifter","29":"tag-top-stories","30":"tag-topstories","31":"tag-tv"},"share_on_mastodon":{"url":"https:\/\/pubeurope.com\/@no\/115825331651800047","error":""},"_links":{"self":[{"href":"https:\/\/www.europesays.com\/no\/wp-json\/wp\/v2\/posts\/126966","targetHints":{"allow":["GET"]}}],"collection":[{"href":"https:\/\/www.europesays.com\/no\/wp-json\/wp\/v2\/posts"}],"about":[{"href":"https:\/\/www.europesays.com\/no\/wp-json\/wp\/v2\/types\/post"}],"author":[{"embeddable":true,"href":"https:\/\/www.europesays.com\/no\/wp-json\/wp\/v2\/users\/2"}],"replies":[{"embeddable":true,"href":"https:\/\/www.europesays.com\/no\/wp-json\/wp\/v2\/comments?post=126966"}],"version-history":[{"count":0,"href":"https:\/\/www.europesays.com\/no\/wp-json\/wp\/v2\/posts\/126966\/revisions"}],"wp:featuredmedia":[{"embeddable":true,"href":"https:\/\/www.europesays.com\/no\/wp-json\/wp\/v2\/media\/126967"}],"wp:attachment":[{"href":"https:\/\/www.europesays.com\/no\/wp-json\/wp\/v2\/media?parent=126966"}],"wp:term":[{"taxonomy":"category","embeddable":true,"href":"https:\/\/www.europesays.com\/no\/wp-json\/wp\/v2\/categories?post=126966"},{"taxonomy":"post_tag","embeddable":true,"href":"https:\/\/www.europesays.com\/no\/wp-json\/wp\/v2\/tags?post=126966"}],"curies":[{"name":"wp","href":"https:\/\/api.w.org\/{rel}","templated":true}]}}