{"id":126974,"date":"2026-01-02T11:57:09","date_gmt":"2026-01-02T11:57:09","guid":{"rendered":"https:\/\/www.europesays.com\/no\/126974\/"},"modified":"2026-01-02T11:57:09","modified_gmt":"2026-01-02T11:57:09","slug":"der-er-de-ute-etter-a-ta-meg","status":"publish","type":"post","link":"https:\/\/www.europesays.com\/no\/126974\/","title":{"rendered":"\u2013 Der er de ute etter \u00e5 ta meg"},"content":{"rendered":"\n<p class=\"_lead_o9xde_2 _lead_xtcu6_50 layout-component text-serif-m layout-normal text-serif-l layout-component layout-wide layout-padded _wide_17hqh_1 layout-padded\">F\u00f8r Tour de Ski hadde Kristine Stav\u00e5s Skistad (26) p\u00e5dratt seg ett r\u00f8dt kort og to gule. Men 1. nytt\u00e5rsdag fikk hun gult kort igjen.<\/p>\n<p><img alt=\"Kristine Stav\u00e5s Skistad, her utenfor landslagets sm\u00f8retrailer sammen med lagvenninne Ingrid Bergene Aabrekk, etter en trening i Val di Fiemme fredag formiddag. Foto: Mikal Aaserud, VG\" class=\"_image_qp4xg_65 layout-component layout-wide\" data-fullscreen- data-track-element-type=\"Article image fullscreen\" data-track-name=\"ImageFullscreen\" fetchpriority=\"high\" decoding=\"sync\" loading=\"eager\" height=\"4284\" itemprop=\"image\"  src=\"https:\/\/www.europesays.com\/no\/wp-content\/uploads\/2026\/01\/47057adc-8a5f-467a-8775-2c18d79b4b59.jpeg\"  style=\"object-position:0% 0%\" width=\"5712\"\/>Kristine Stav\u00e5s Skistad, her utenfor landslagets sm\u00f8retrailer sammen med lagvenninne Ingrid Bergene Aabrekk, etter en trening i Val di Fiemme fredag formiddag. Foto: Mikal Aaserud, VG<\/p>\n<ul aria-hidden=\"true\" class=\"_images_ntbth_112\">\n<li><a class=\"_link_ntbth_117\" href=\"https:\/\/www.vg.no\/forfatter\/mikal-aaserud\" style=\"z-index:2\" title=\"Mikal Emil Aaserud\" rel=\"nofollow noopener\" target=\"_blank\"><img alt=\"Bilde av Mikal Emil Aaserud\" class=\"_image_ntbth_93\" fetchpriority=\"low\" loading=\"lazy\" decoding=\"async\" itemprop=\"image\"  src=\"https:\/\/www.europesays.com\/no\/wp-content\/uploads\/2026\/01\/1f4bb18c-b7b1-46ba-9b49-79ae6afd7bbd.jpeg\"  width=\"480\"\/><\/a><\/li>\n<li><a class=\"_link_ntbth_117\" href=\"https:\/\/www.vg.no\/forfatter\/herman-folvik\" style=\"z-index:1\" title=\"Herman Folvik\" rel=\"nofollow noopener\" target=\"_blank\"><img alt=\"Bilde av Herman Folvik\" class=\"_image_ntbth_93\" fetchpriority=\"low\" loading=\"lazy\" decoding=\"async\" itemprop=\"image\"  src=\"https:\/\/www.europesays.com\/no\/wp-content\/uploads\/2026\/01\/b8d5eb91-9fa9-460c-b9f0-da310ffe35dd.png\"  width=\"480\"\/><\/a><\/li>\n<\/ul>\n<p>Val di Fiemme, Italia Oppdatert fredag 2. januar kl. 12:54     <\/p>\n<p class=\"_paragraph_o9xde_4 _paragraph_xtcu6_10 layout-component text-serif-m layout-normal text-serif-m layout-padded\">Det skjedde under den 20 kilometer lange jaktstarten i klassisk stil i italienske Toblach, <a href=\"https:\/\/www.vg.no\/sport\/i\/JOo2KX\/tour-de-ski-jessie-diggins-knuste-konkurrentene-paa-20-kilometer-jaktstart\" data-track-element-type=\"Link\" data-track-id=\"link:JOo2KX\" class=\"_link_o9xde_39\" rel=\"nofollow noopener\" target=\"_blank\">der Skistad tuslet til m\u00e5l og endte helt sist i rennet p\u00e5 Tour de Skis fjerde etappe.<\/a><\/p>\n<p class=\"_paragraph_o9xde_4 _paragraph_xtcu6_10 layout-component text-serif-m layout-normal text-serif-m layout-padded\">Foran l\u00f8rdagens uhyre viktige sprint i Val di Fiemme, som er generalpr\u00f8ven til samme \u00f8velse i OL om en dr\u00f8y m\u00e5ned, svarer Skistad slik p\u00e5 det gule kortet hun fikk for feil bruk av teknikk i en spesiell teknikksone.<\/p>\n<p class=\"_paragraph_o9xde_4 _paragraph_xtcu6_10 layout-component text-serif-m layout-normal text-serif-m layout-padded\">\u2013 Jeg har ikke s\u00e5 mye tanker.<\/p>\n<p class=\"_paragraph_o9xde_4 _paragraph_xtcu6_10 layout-component text-serif-m layout-normal text-serif-m layout-padded\"><strong class=\"_strong_o9xde_25\">\u2013 Det er tredje gang du er innblandet i en situasjon som gir gult kort?<\/strong><\/p>\n<p class=\"_paragraph_o9xde_4 _paragraph_xtcu6_10 layout-component text-serif-m layout-normal text-serif-m layout-padded\">\u2013 Jeg tenker det er fin l\u00e6ring for det som skjer videre i sesongen.<\/p>\n<p class=\"_paragraph_o9xde_4 _paragraph_xtcu6_10 layout-component text-serif-m layout-normal text-serif-m layout-padded\"><strong class=\"_strong_o9xde_25\">\u2013 Hvorfor er det s\u00e5 mange situasjoner med deg?<\/strong><\/p>\n<p class=\"_paragraph_o9xde_4 _paragraph_xtcu6_10 layout-component text-serif-m layout-normal text-serif-m layout-padded\">\u2013 Det der var veldig\u2026 Der var de ute etter \u00e5 ta meg, sier Skistad til VG om det gule kortet 1. nytt\u00e5rsdag.<\/p>\n<p class=\"_paragraph_o9xde_4 _paragraph_xtcu6_10 layout-component text-serif-m layout-normal text-serif-m layout-padded\">\u2013 Nei, vi er ikke ute etter henne, sl\u00e5r renndirekt\u00f8r i FISFISDet internasjonale ski- og sn\u00f8brettforbundet., Michal Lamplot, fast overfor VG fredag.<\/p>\n<p class=\"_paragraph_o9xde_4 _paragraph_xtcu6_10 layout-component text-serif-m layout-normal text-serif-m layout-padded\">Han fortsetter:<\/p>\n<p class=\"_paragraph_o9xde_4 _paragraph_xtcu6_10 layout-component text-serif-m layout-normal text-serif-m layout-padded\">\u2013 Vi f\u00f8lger med p\u00e5 l\u00f8pet og n\u00e5r vi ser en feil, s\u00e5 kommer vi med en reaksjon. Hun var ikke den eneste som fikk den sanksjonen i g\u00e5r, s\u00e5 vi er ikke mer positive til noen enn andre, sier han.<\/p>\n<p><img decoding=\"async\" alt=\"Bilde av Michal Lamplot\" class=\"_image_ygndg_42\" height=\"27\" itemprop=\"image\" loading=\"lazy\"  src=\"https:\/\/www.europesays.com\/no\/wp-content\/uploads\/2026\/01\/801e1fa7-496c-46e9-a800-99d1364810bf.jpeg\"  width=\"40\"\/><strong class=\"_name_ygndg_51 title-serif-xs\">Michal Lamplot<\/strong><\/p>\n<p class=\"_paragraph_o9xde_4 text-sans-m _description_ygndg_56\">FIS-topp<\/p>\n<p class=\"_paragraph_o9xde_4 _paragraph_xtcu6_10 layout-component text-serif-m layout-normal text-serif-m layout-padded\">Lamplot forteller at en del av l\u00f8ypa under g\u00e5rsdagens jaktstart i italienske Toblach hadde en sone der det var forbudt \u00e5 stake. Skistad staket to ganger, if\u00f8lge Lamplot.<\/p>\n<p class=\"_paragraph_o9xde_4 _paragraph_xtcu6_10 layout-component text-serif-m layout-normal text-serif-m layout-padded\">Da VG sp\u00f8r hvorfor han tror Skistad f\u00e5r s\u00e5 mange gule kort, svarer han slik:<\/p>\n<p class=\"_paragraph_o9xde_4 _paragraph_xtcu6_10 layout-component text-serif-m layout-normal text-serif-m layout-padded\">\u2013 Jeg vet ikke helt, men hun er sprinter og de konkurransene er mange tette dueller. Man pusher grensene. Det er ikke s\u00e5 uvanlig at sprintere f\u00e5r flere gule kort enn distansel\u00f8pere og s\u00e5 har alle forskjellig stil i renn.<\/p>\n<p class=\"_paragraph_o9xde_4 _paragraph_xtcu6_10 layout-component text-serif-m layout-normal text-serif-m layout-padded\">Det som er sikkert er at det ikke er f\u00f8rste gang Skistad f\u00e5r kort denne sesongen.<\/p>\n<ul class=\"_list_o9xde_3 _list_xtcu6_9 _unordered_o9xde_106 layout-component text-serif-m layout-normal text-serif-m layout-padded\">\n<li class=\"_item_o9xde_30\">Under den nasjonale langrenns\u00e5pningen p\u00e5 Beitost\u00f8len fikk Skistad gult kort for en tjuvstart.<\/li>\n<li class=\"_item_o9xde_30\">Samme rennhelg gjorde hun det hun kunne for \u00e5 f\u00e5 et gult kort til, men <a href=\"https:\/\/www.vg.no\/sport\/i\/vrW6ql\/weng-vant-10-kilometeren-johaug-tror-ikke-paa-skistad-forklaring\" data-track-element-type=\"Link\" data-track-id=\"link:vrW6ql\" class=\"_link_o9xde_39\" rel=\"nofollow noopener\" target=\"_blank\">fikk i stedet r\u00f8dt kort for usportslig opptreden<\/a>.<\/li>\n<li class=\"_item_o9xde_30\">Under verdenscupen i <a href=\"https:\/\/www.vg.no\/sport\/i\/RjxppW\/drama-i-davos-kristine-stavaas-skistad-disket\" data-track-element-type=\"Link\" data-track-id=\"link:RjxppW\" class=\"_link_o9xde_39\" rel=\"nofollow noopener\" target=\"_blank\">Davos i midten av desember fikk hun sesongens andre gule og da mente Skistad hun ble hardt straffet<\/a>.<\/li>\n<li class=\"_item_o9xde_30\">N\u00e5 under Tour de Ski bokf\u00f8rer hun alts\u00e5 sesongens tredje gule kort for teknikkfeil.<\/li>\n<\/ul>\n<p class=\"_paragraph_o9xde_4 _paragraph_xtcu6_10 layout-component text-serif-m layout-normal text-serif-m layout-padded\">Et gult kort n\u00e5 betyr at Skistad er i faresonen igjen, for f\u00e5r hun det samme under et renn i verdenscupen, blir hun disket.<\/p>\n<p class=\"_paragraph_o9xde_4 _paragraph_xtcu6_10 layout-component text-serif-m layout-normal text-serif-m layout-padded\">Hun tar ikke med seg det gule kortet inn i OL, men hun kan for eksempel ende med \u00e5 bli disket i l\u00f8rdagens OL-generalpr\u00f8ve.<\/p>\n<p class=\"_paragraph_o9xde_4 _paragraph_xtcu6_10 layout-component text-serif-m layout-normal text-serif-m layout-padded\">\u2013 Det g\u00e5r s\u00e5 fint, atte, sier Skistad som ikke \u00f8nsket \u00e5 svare p\u00e5 flere sp\u00f8rsm\u00e5l fordi hun \u2013 i likhet med flere andre norske profiler \u2013 hadde bedt om mediefri etter fire av seks konkurransedager i Tour de Ski.<\/p>\n<p class=\"_paragraph_o9xde_4 _paragraph_xtcu6_10 layout-component text-serif-m layout-normal text-serif-m layout-padded\">Fredag rakk hun i hvert fall en kort treningstur i konkurransel\u00f8ypene i Val di Fiemme sammen med Ingrid Bergene Aabrekk, som kjemper sin egen kamp for \u00e5 bli OL-klar i sprint for Norge.<\/p>\n<p class=\"_paragraph_o9xde_4 _paragraph_xtcu6_10 layout-component text-serif-m layout-normal text-serif-m layout-padded\">Da VG sp\u00f8r Aabrekk hvordan det p\u00e5virker \u00e5 ha et gult kort p\u00e5 seg og faren for disk, svarer hun slik:<\/p>\n<p class=\"_paragraph_o9xde_4 _paragraph_xtcu6_10 layout-component text-serif-m layout-normal text-serif-m layout-padded\">\u2013 Det letteste er \u00e5 ikke tjuvstarte. Det er enkelt \u00e5 unng\u00e5, men ellers gj\u00f8re som vi pleier.\u00a0<\/p>\n<p class=\"_paragraph_o9xde_4 _paragraph_xtcu6_10 layout-component text-serif-m layout-normal text-serif-m layout-padded\"><strong class=\"_strong_o9xde_25\">\u2013 Hvorfor blir det s\u00e5 mye greier med Skistad?<\/strong><\/p>\n<p class=\"_paragraph_o9xde_4 _paragraph_xtcu6_10 layout-component text-serif-m layout-normal text-serif-m layout-padded\">\u2013 Hun er en popul\u00e6r dame, det er mye som skjer rundt henne, hun klarer \u00e5 terge p\u00e5 seg noen gule kort og juryen er kanskje ekstra ute etter henne.<\/p>\n<p class=\"_paragraph_o9xde_4 _paragraph_xtcu6_10 layout-component text-serif-m layout-normal text-serif-m layout-padded\">Da VG sp\u00f8r om Skistad blir fulgt med argus\u00f8yne, svarer Aabrekk slik:<\/p>\n<p class=\"_paragraph_o9xde_4 _paragraph_xtcu6_10 layout-component text-serif-m layout-normal text-serif-m layout-padded\">\u2013 Ja, absolutt. N\u00e5r de f\u00e5r med seg hvordan hun g\u00e5r den 20 kilometer i g\u00e5r, hvor alle har begynt \u00e5 pakke ned f\u00f8r hun er i m\u00e5l, og det blir en stor sak ut av det, da har de et ekstra \u00f8ye med henne. <\/p>\n<p class=\"_paragraph_o9xde_4 _paragraph_xtcu6_10 layout-component text-serif-m layout-normal text-serif-m layout-padded\">VG utvider saken.<\/p>\n","protected":false},"excerpt":{"rendered":"F\u00f8r Tour de Ski hadde Kristine Stav\u00e5s Skistad (26) p\u00e5dratt seg ett r\u00f8dt kort og to gule. Men&hellip;\n","protected":false},"author":2,"featured_media":126975,"comment_status":"","ping_status":"","sticky":false,"template":"","format":"standard","meta":{"footnotes":""},"categories":[5],"tags":[20,21,24,25,15,19,794,398,22,23,17,18,13,30,28,29,14,16,26,27,399],"class_list":{"0":"post-126974","1":"post","2":"type-post","3":"status-publish","4":"format-standard","5":"has-post-thumbnail","7":"category-overskrifter","8":"tag-breaking-news","9":"tag-breakingnews","10":"tag-featured-news","11":"tag-featurednews","12":"tag-headlines","13":"tag-hovedoppslag","14":"tag-kristine-stavas-skistad","15":"tag-langrenn","16":"tag-latest-news","17":"tag-latestnews","18":"tag-main-news","19":"tag-mainnews","20":"tag-news","21":"tag-no","22":"tag-norge","23":"tag-norway","24":"tag-nyheter","25":"tag-overskrifter","26":"tag-top-stories","27":"tag-topstories","28":"tag-vintersport"},"share_on_mastodon":{"url":"https:\/\/pubeurope.com\/@no\/115825386748053966","error":""},"_links":{"self":[{"href":"https:\/\/www.europesays.com\/no\/wp-json\/wp\/v2\/posts\/126974","targetHints":{"allow":["GET"]}}],"collection":[{"href":"https:\/\/www.europesays.com\/no\/wp-json\/wp\/v2\/posts"}],"about":[{"href":"https:\/\/www.europesays.com\/no\/wp-json\/wp\/v2\/types\/post"}],"author":[{"embeddable":true,"href":"https:\/\/www.europesays.com\/no\/wp-json\/wp\/v2\/users\/2"}],"replies":[{"embeddable":true,"href":"https:\/\/www.europesays.com\/no\/wp-json\/wp\/v2\/comments?post=126974"}],"version-history":[{"count":0,"href":"https:\/\/www.europesays.com\/no\/wp-json\/wp\/v2\/posts\/126974\/revisions"}],"wp:featuredmedia":[{"embeddable":true,"href":"https:\/\/www.europesays.com\/no\/wp-json\/wp\/v2\/media\/126975"}],"wp:attachment":[{"href":"https:\/\/www.europesays.com\/no\/wp-json\/wp\/v2\/media?parent=126974"}],"wp:term":[{"taxonomy":"category","embeddable":true,"href":"https:\/\/www.europesays.com\/no\/wp-json\/wp\/v2\/categories?post=126974"},{"taxonomy":"post_tag","embeddable":true,"href":"https:\/\/www.europesays.com\/no\/wp-json\/wp\/v2\/tags?post=126974"}],"curies":[{"name":"wp","href":"https:\/\/api.w.org\/{rel}","templated":true}]}}