{"id":126984,"date":"2026-01-02T12:06:10","date_gmt":"2026-01-02T12:06:10","guid":{"rendered":"https:\/\/www.europesays.com\/no\/126984\/"},"modified":"2026-01-02T12:06:10","modified_gmt":"2026-01-02T12:06:10","slug":"therese-johaug-langrenn-deler-vill-fyllehistorie-jeg-skjemmes","status":"publish","type":"post","link":"https:\/\/www.europesays.com\/no\/126984\/","title":{"rendered":"Therese johaug, Langrenn | Deler vill fyllehistorie: \u2013 Jeg skjemmes"},"content":{"rendered":"\n<p>(<a href=\"https:\/\/www.nettavisen.no\/sport\/therese-johaug-deler-vill-fyllehistorie-jeg-skjemmes\/s\/5-95-2803785\" rel=\"Follow nofollow noopener\" target=\"_blank\">Nettavisen<\/a>): Et nytt \u00e5r er i gang, og for mange ble inngangen til det nye \u00e5ret feiret med god mat og noe godt i glasset.<\/p>\n<p>Det ble imidlertid en roligere feiring for de norske langrennsl\u00f8perne som befinner seg i Italia for \u00e5 g\u00e5 Tour de ski.<\/p>\n<p>Det er nemlig sjeldent toppidrettsut\u00f8vere kan ta seg en fest, men n\u00e5r de f\u00f8rst gj\u00f8r det, da pleier det \u00e5 g\u00e5 hardt for seg.<\/p>\n<p>Det gjorde det i alle fall for Therese Johaug da hun skulle feire at ski-VM i Trondheim forrige sesong var unnagjort.<\/p>\n<p>I podkasten \u00abGukild og Johaug\u00bb forteller hun at hun gikk p\u00e5 en skikkelig smell p\u00e5 VM-festen. Akkurat det overrasker ikke Johaugs tidligere lagvenninne Kristin Austgulen Fosn\u00e6s.<\/p>\n<p>\u2013 Det er nok ganske beskrivende for langrennsl\u00f8pere. Hvis du har g\u00e5tt femmil og s\u00e5 skal du pr\u00f8ve \u00e5 f\u00e5 i deg noe gift i kroppen s\u00e5 kan det jo fort g\u00e5 litt galt, ja, sier hun til Nettavisen og ler.<\/p>\n<p>Johaug skjemmes<\/p>\n<p>Det var nemlig etter den avsluttende femmila i VM at det ventet en voldsom fest for Johaug og noen av de andre l\u00f8perne.<\/p>\n<p>Etter to glass med ros\u00e9 m\u00e5tte Johaug allerede komme seg hjem.<\/p>\n<p>\u2013 Jeg hadde ikke drukket p\u00e5 et \u00e5r. For \u00e5 si det s\u00e5nn, det var en og en halv time. Alts\u00e5, jeg gikk s\u00e5 i bakken, sier hun i podkasten.<\/p>\n<p>   <img decoding=\"async\" width=\"5070\" height=\"3380\" fetchpriority=\"low\"  loading=\"lazy\"  src=\"https:\/\/www.europesays.com\/no\/wp-content\/uploads\/2026\/01\/1767355570_642_NTB_eJwZLMjVyz8.jpg\" alt=\"Trondheim 20250309. &#10;Therese Joahug tar bronse etter 50 km fri teknikk for kvinner under ski-VM i Trondheim.&#10;Foto: Lise \u00c5serud \/ NTB\" class=\"brick-c-cFOWSL\" style=\"--brick-image-ratio: 5070 \/ 3380;\"\/><\/p>\n<p>      VM-FEST: Etter at Therese Johaug tok bronse p\u00e5 VM-femmila ventet det fest i Trondheim.<br \/>\n      Foto: Lise \u00c5serud (NTB)\n    <\/p>\n<p>Allerede da var det alts\u00e5 over og ut for Johaug, som m\u00e5tte gjennom noen brutale timer.<\/p>\n<p>\u2013 Jeg begynte f\u00f8rst \u00e5 spy p\u00e5 festen. Jeg spydde f\u00f8r taxien, vi satte oss i taxien og jeg satt med pose der, ikke sant. Kom ut av taxien og spydde f\u00f8r jeg gikk inn p\u00e5 hotellet. Og s\u00e5 kom jeg opp i senga og bare l\u00e5 som en sj\u00f8stjerne og begynte \u00e5 spy p\u00e5 gulvet. Til slutt m\u00e5tte jeg bare legge meg p\u00e5 badegulvet, sier hun.<\/p>\n<p>Johaug legger ikke skjul p\u00e5 at VM-festen ikke er blant de stolteste \u00f8yeblikkene i livet hennes.<\/p>\n<p>\u2013 Det var helt forferdelig. Jeg skjemmes s\u00e5 skikkelig, sier hun.<\/p>\n<p>Overtenning<\/p>\n<p>Tidligere nevnte Fosn\u00e6s valgte selv \u00e5 droppe VM-festen. Hun mener Johaugs fyllehistorie gir et ganske godt innblikk i hvordan det pleier \u00e5 v\u00e6re n\u00e5r langrennsl\u00f8pere skal feste.<\/p>\n<p>\u2013 Ja, det er jo dessverre s\u00e5nn. Det blir ofte en tidlig kveld p\u00e5 mange, kan man vel si, sier hun og ler.<\/p>\n<p>Landslagsl\u00f8per Erik Valnes er ogs\u00e5 kjent med at det fort kan g\u00e5 litt over stokk og stein n\u00e5r langrennsl\u00f8perne endelig f\u00e5r slippe seg l\u00f8s.<\/p>\n<p>\u2013 Det er den overtenningen som er et kjent fenomen, spesielt etter mesterskap og s\u00e5nn, for da er det s\u00e5 mye \u00e5 feire og toleransen er sikkert ikke den h\u00f8yeste. Spesielt hvis det er etter et skirenn og en femmil spesielt, for da har man kanskje ikke spist s\u00e5 mye, sier han til Nettavisen.<\/p>\n<p>Den overtenningen han beskriver tror han mange langrennsl\u00f8pere kan kjenne seg igjen i.<\/p>\n<p>\u2013 Man skal ta igjen s\u00e5 mye moro at man har en enorm appetitt p\u00e5 de shotsene som kommer, sier Valnes.<\/p>\n<p>Langrennsl\u00f8perne m\u00e5 nok fortsatt vente litt f\u00f8r de kan unne seg en ny fest, for Tour de ski fortsetter med klassisk sprint p\u00e5 l\u00f8rdag.<\/p>\n","protected":false},"excerpt":{"rendered":"(Nettavisen): Et nytt \u00e5r er i gang, og for mange ble inngangen til det nye \u00e5ret feiret med&hellip;\n","protected":false},"author":2,"featured_media":126985,"comment_status":"","ping_status":"","sticky":false,"template":"","format":"standard","meta":{"footnotes":""},"categories":[59],"tags":[36,398,30,28,29,83,82,1510,6328],"class_list":{"0":"post-126984","1":"post","2":"type-post","3":"status-publish","4":"format-standard","5":"has-post-thumbnail","7":"category-sport","8":"tag-art","9":"tag-langrenn","10":"tag-no","11":"tag-norge","12":"tag-norway","13":"tag-sport","14":"tag-sports","15":"tag-story","16":"tag-therese-johaug"},"share_on_mastodon":{"url":"https:\/\/pubeurope.com\/@no\/115825422040529061","error":""},"_links":{"self":[{"href":"https:\/\/www.europesays.com\/no\/wp-json\/wp\/v2\/posts\/126984","targetHints":{"allow":["GET"]}}],"collection":[{"href":"https:\/\/www.europesays.com\/no\/wp-json\/wp\/v2\/posts"}],"about":[{"href":"https:\/\/www.europesays.com\/no\/wp-json\/wp\/v2\/types\/post"}],"author":[{"embeddable":true,"href":"https:\/\/www.europesays.com\/no\/wp-json\/wp\/v2\/users\/2"}],"replies":[{"embeddable":true,"href":"https:\/\/www.europesays.com\/no\/wp-json\/wp\/v2\/comments?post=126984"}],"version-history":[{"count":0,"href":"https:\/\/www.europesays.com\/no\/wp-json\/wp\/v2\/posts\/126984\/revisions"}],"wp:featuredmedia":[{"embeddable":true,"href":"https:\/\/www.europesays.com\/no\/wp-json\/wp\/v2\/media\/126985"}],"wp:attachment":[{"href":"https:\/\/www.europesays.com\/no\/wp-json\/wp\/v2\/media?parent=126984"}],"wp:term":[{"taxonomy":"category","embeddable":true,"href":"https:\/\/www.europesays.com\/no\/wp-json\/wp\/v2\/categories?post=126984"},{"taxonomy":"post_tag","embeddable":true,"href":"https:\/\/www.europesays.com\/no\/wp-json\/wp\/v2\/tags?post=126984"}],"curies":[{"name":"wp","href":"https:\/\/api.w.org\/{rel}","templated":true}]}}