{"id":126988,"date":"2026-01-02T12:11:13","date_gmt":"2026-01-02T12:11:13","guid":{"rendered":"https:\/\/www.europesays.com\/no\/126988\/"},"modified":"2026-01-02T12:11:13","modified_gmt":"2026-01-02T12:11:13","slug":"trafikk-tromso-lufthavn-store-forsinkelser-pa-tromso-lufthavn","status":"publish","type":"post","link":"https:\/\/www.europesays.com\/no\/126988\/","title":{"rendered":"Trafikk, Troms\u00f8 lufthavn | Store forsinkelser p\u00e5 Troms\u00f8 lufthavn"},"content":{"rendered":"\n<p>De f\u00f8rste dagene av ny\u00e5ret er noen av \u00e5rets aller travleste p\u00e5 Troms\u00f8 lufthavn. Da kommer et hissig polart lavtrykk noe ubeleilig.<\/p>\n<p>Fredag er det flere forsinkelser p\u00e5 flyplassen.<\/p>\n<p>Driftssjef Per Erik Nordsveen har akkurat snakket med vaktsjefen p\u00e5 flyplassen fredag formiddag.<\/p>\n<p>\u2013 Tidlig i morges kom det veldig mye sn\u00f8 p\u00e5 kort tid og da slet vi med \u00e5 holde hodet over vannet. Men n\u00e5 skal det g\u00e5 greit.<\/p>\n<p>Men det er naturlig nok forsinkelser, sier Nordsveen.<\/p>\n<p>\u2013 Vi f\u00e5r ikke gjort noe med v\u00e6ret. Vi har hatt flere m\u00f8ter i romjula for \u00e5 forberede oss, men det blir forsinkelser i dag.<\/p>\n<p>\u2013 Vi st\u00e5r p\u00e5, legger han til.<\/p>\n<p>Noen av de st\u00f8rste forsinkelsene skyldes neppe v\u00e6ret. Wider\u00f8es rute WF621 til Bergen skulle egentlig g\u00e5 klokka 08.00 i morges, men er utsatt til 15.00.<\/p>\n<p>Wider\u00f8e har ogs\u00e5 m\u00e5ttet kansellere rute WF921 fra Alta.<\/p>\n<p>Easyjet skal etter planen komme med et fly fra London Gatwick klokka 12.35. Dette er forsinket med over 7,5 timer.<\/p>\n","protected":false},"excerpt":{"rendered":"De f\u00f8rste dagene av ny\u00e5ret er noen av \u00e5rets aller travleste p\u00e5 Troms\u00f8 lufthavn. Da kommer et hissig&hellip;\n","protected":false},"author":2,"featured_media":126989,"comment_status":"","ping_status":"","sticky":false,"template":"","format":"standard","meta":{"footnotes":""},"categories":[10],"tags":[36,20,21,24,25,15,22,23,13,30,28,29,14,16,1510,26,27,224,263,1997],"class_list":{"0":"post-126988","1":"post","2":"type-post","3":"status-publish","4":"format-standard","5":"has-post-thumbnail","7":"category-norge","8":"tag-art","9":"tag-breaking-news","10":"tag-breakingnews","11":"tag-featured-news","12":"tag-featurednews","13":"tag-headlines","14":"tag-latest-news","15":"tag-latestnews","16":"tag-news","17":"tag-no","18":"tag-norge","19":"tag-norway","20":"tag-nyheter","21":"tag-overskrifter","22":"tag-story","23":"tag-top-stories","24":"tag-topstories","25":"tag-trafikk","26":"tag-tromso","27":"tag-tromso-lufthavn"},"share_on_mastodon":{"url":"https:\/\/pubeurope.com\/@no\/115825441764360472","error":""},"_links":{"self":[{"href":"https:\/\/www.europesays.com\/no\/wp-json\/wp\/v2\/posts\/126988","targetHints":{"allow":["GET"]}}],"collection":[{"href":"https:\/\/www.europesays.com\/no\/wp-json\/wp\/v2\/posts"}],"about":[{"href":"https:\/\/www.europesays.com\/no\/wp-json\/wp\/v2\/types\/post"}],"author":[{"embeddable":true,"href":"https:\/\/www.europesays.com\/no\/wp-json\/wp\/v2\/users\/2"}],"replies":[{"embeddable":true,"href":"https:\/\/www.europesays.com\/no\/wp-json\/wp\/v2\/comments?post=126988"}],"version-history":[{"count":0,"href":"https:\/\/www.europesays.com\/no\/wp-json\/wp\/v2\/posts\/126988\/revisions"}],"wp:featuredmedia":[{"embeddable":true,"href":"https:\/\/www.europesays.com\/no\/wp-json\/wp\/v2\/media\/126989"}],"wp:attachment":[{"href":"https:\/\/www.europesays.com\/no\/wp-json\/wp\/v2\/media?parent=126988"}],"wp:term":[{"taxonomy":"category","embeddable":true,"href":"https:\/\/www.europesays.com\/no\/wp-json\/wp\/v2\/categories?post=126988"},{"taxonomy":"post_tag","embeddable":true,"href":"https:\/\/www.europesays.com\/no\/wp-json\/wp\/v2\/tags?post=126988"}],"curies":[{"name":"wp","href":"https:\/\/api.w.org\/{rel}","templated":true}]}}