{"id":126998,"date":"2026-01-02T12:20:10","date_gmt":"2026-01-02T12:20:10","guid":{"rendered":"https:\/\/www.europesays.com\/no\/126998\/"},"modified":"2026-01-02T12:20:10","modified_gmt":"2026-01-02T12:20:10","slug":"salten-iris-salten-ber-saltvaeringer-slette-app-sender-ut-varsler-som-er-feil","status":"publish","type":"post","link":"https:\/\/www.europesays.com\/no\/126998\/","title":{"rendered":"Salten, Iris Salten | Ber saltv\u00e6ringer slette app \u2013 sender ut varsler som er feil"},"content":{"rendered":"\n<p>Iris slettet den gamle Iris-appen i slutten av \u00e5ret 2025, men den vil ikke bli helt borte for folk f\u00f8r i m\u00e5nedsskifte januar\/februar. <\/p>\n<p>\u2013 Vi ser at en del fortsatt bruker den gamle Iris-appen. Vi f\u00e5r ikke oppdatert denne, og ser at den fremdeles sender ut varsler om t\u00f8mming, som i tillegg er feil, sier kommunikasjonsansvarlig i Iris Salten, Maiken Johnsen. <\/p>\n<p>Siden den nye appen ble lansert i mai i fjor, har den registrert hele 20.000 nedladninger, men det gjenst\u00e5r alts\u00e5 fortsatt en hel del saltv\u00e6ringer. <\/p>\n<p>\u2013 Det er uheldig at den gamle Iris-appen sender ut feil t\u00f8mmeplan. Hvis du er usikker p\u00e5 t\u00f8mmeplanen din ber vi deg sjekke den nye Iris-appen eller p\u00e5 hjemmesiden v\u00e5r, opplyser Johnsen. <\/p>\n<p>\u2013 Man kan ogs\u00e5 levere avfall p\u00e5 n\u00e6rmeste milj\u00f8torg hvis det hoper seg opp. Gavepapirsekken kan du levere gratis i restavfallet p\u00e5 milj\u00f8torget, legger hun til.<\/p>\n","protected":false},"excerpt":{"rendered":"Iris slettet den gamle Iris-appen i slutten av \u00e5ret 2025, men den vil ikke bli helt borte for&hellip;\n","protected":false},"author":2,"featured_media":126999,"comment_status":"","ping_status":"","sticky":false,"template":"","format":"standard","meta":{"footnotes":""},"categories":[5],"tags":[4513,36,20,21,24,25,15,19,14891,22,23,17,18,13,30,28,29,14,16,798,14051,1510,26,27],"class_list":{"0":"post-126998","1":"post","2":"type-post","3":"status-publish","4":"format-standard","5":"has-post-thumbnail","7":"category-overskrifter","8":"tag-app","9":"tag-art","10":"tag-breaking-news","11":"tag-breakingnews","12":"tag-featured-news","13":"tag-featurednews","14":"tag-headlines","15":"tag-hovedoppslag","16":"tag-iris-salten","17":"tag-latest-news","18":"tag-latestnews","19":"tag-main-news","20":"tag-mainnews","21":"tag-news","22":"tag-no","23":"tag-norge","24":"tag-norway","25":"tag-nyheter","26":"tag-overskrifter","27":"tag-salten","28":"tag-soppeltomming","29":"tag-story","30":"tag-top-stories","31":"tag-topstories"},"share_on_mastodon":{"url":"https:\/\/pubeurope.com\/@no\/115825477149605430","error":""},"_links":{"self":[{"href":"https:\/\/www.europesays.com\/no\/wp-json\/wp\/v2\/posts\/126998","targetHints":{"allow":["GET"]}}],"collection":[{"href":"https:\/\/www.europesays.com\/no\/wp-json\/wp\/v2\/posts"}],"about":[{"href":"https:\/\/www.europesays.com\/no\/wp-json\/wp\/v2\/types\/post"}],"author":[{"embeddable":true,"href":"https:\/\/www.europesays.com\/no\/wp-json\/wp\/v2\/users\/2"}],"replies":[{"embeddable":true,"href":"https:\/\/www.europesays.com\/no\/wp-json\/wp\/v2\/comments?post=126998"}],"version-history":[{"count":0,"href":"https:\/\/www.europesays.com\/no\/wp-json\/wp\/v2\/posts\/126998\/revisions"}],"wp:featuredmedia":[{"embeddable":true,"href":"https:\/\/www.europesays.com\/no\/wp-json\/wp\/v2\/media\/126999"}],"wp:attachment":[{"href":"https:\/\/www.europesays.com\/no\/wp-json\/wp\/v2\/media?parent=126998"}],"wp:term":[{"taxonomy":"category","embeddable":true,"href":"https:\/\/www.europesays.com\/no\/wp-json\/wp\/v2\/categories?post=126998"},{"taxonomy":"post_tag","embeddable":true,"href":"https:\/\/www.europesays.com\/no\/wp-json\/wp\/v2\/tags?post=126998"}],"curies":[{"name":"wp","href":"https:\/\/api.w.org\/{rel}","templated":true}]}}