{"id":127018,"date":"2026-01-02T12:40:24","date_gmt":"2026-01-02T12:40:24","guid":{"rendered":"https:\/\/www.europesays.com\/no\/127018\/"},"modified":"2026-01-02T12:40:24","modified_gmt":"2026-01-02T12:40:24","slug":"den-nye-rekrutteringsmetoden-bekymrer-politiet","status":"publish","type":"post","link":"https:\/\/www.europesays.com\/no\/127018\/","title":{"rendered":"Den nye rekrutteringsmetoden bekymrer politiet"},"content":{"rendered":"<p>STAVANGER (POLITIFORUM)\u00a0Vi sitter samlet i et m\u00f8terom p\u00e5 politistasjonen i Stavanger. Rundt bordet sitter de som til daglig har ansvaret for \u00e5 bekjempe U18-kriminaliteten i Stavanger og Sandnes.<\/p>\n<p> Politiforum er \u00abinvitert\u00bb hit p\u00e5 tampen av et \u00e5r som har v\u00e6rt sv\u00e6rt innholdsrikt for avsnittet.\u00a0<\/p>\n<p>I mars ble <a href=\"https:\/\/www.politiforum.no\/fire-personer-siktet-skulle-drepe-sonnen-til-politileder-i-sor-vest\/272711\" aria-label=\"https:\/\/www.politiforum.no\/fire-personer-siktet-skulle-drepe-sonnen-til-politileder-i-sor-vest\/272711\" target=\"_blank\" rel=\"nofollow noopener\">fire personer siktet<\/a> for \u00e5 ha planlagt \u00e5 drepe s\u00f8nnen til en politileder i S\u00f8r-Vest. To av de siktede er ten\u00e5ringer.\u00a0<\/p>\n<p>En n\u00e5 16-\u00e5r gammel gutt fra Stavanger skal if\u00f8lge Kripos ha brukt krypterte meldingstjenester til \u00e5 rekruttere drapsmenn til den svenske gjengkrigen. <\/p>\n<p>Mens en 18-\u00e5ring fra Stavanger sitter fengslet i England &#8211; siktet\u00a0for \u00e5 ha planlagt drap og for ulovlig oppbevaring av v\u00e5pen.<\/p>\n<p>Dette er bare noen av de alvorlige sakene som involverer ungdom fra Rogaland dette \u00e5ret.\u00a0<\/p>\n<p>Og samme dag som vi befinner oss p\u00e5 politistasjonen i Stavanger, p\u00e5griper to betjenter en gutt p\u00e5 en videreg\u00e5ende skole i n\u00e6rheten. Han blir knyttet opp mot en\u00a0skyteepisode i Stavanger, hvor flere luftv\u00e5pen ble beslaglagt.<\/p>\n<p>Tall fra 2024 viser at kun Oslo Politidistrikt hadde flere alvorlige straffesaker beg\u00e5tt av personer under 18 \u00e5r, men for de som skal bekjempe denne kriminaliteten, har utviklingen v\u00e6rt ekstraordin\u00e6r i 2025.<\/p>\n<p> \u2013\u00a0Det blir grovere og grovere. Evnen og viljen til \u00e5 beg\u00e5 grov vold er drastisk \u00f8kende. Dessverre, sier avsnittsleder for U18 i Stavanger, Erik Schau Ydsteb\u00f8.<\/p>\n<p>Det viser ogs\u00e5 tallene per 16. oktober 2025:<\/p>\n<p> Statistikken viser blant annet flere tilfeller av drapsfors\u00f8k og grove ran \u2013 noe som skiller 2025 fra tidligere \u00e5r. I tillegg er det et \u00f8kt bruk av v\u00e5pen som kniver og gasspistoler.\u00a0<\/p>\n<p> \u2013 Vi ser tendenser til mer evne og vilje til \u00e5 f\u00e5 tak i reelle skytev\u00e5pen, sier Ydsteb\u00f8.<\/p>\n<p> Fra 1. januar til 1. september 2025 var det 263 personer under 18 \u00e5r i Stavanger og Sandnes som hadde beg\u00e5tt et lovbrudd. 58 av disse var involvert i mer enn to straffesaker, mens 12 personer har v\u00e6rt involvert i fem eller flere straffesaker.\u00a0<\/p>\n<p> \u2013 Det vi ser g\u00e5r igjen, er at det er flere mistenkte i de fleste voldssaker. Det er sjelden det er \u00e9n eller to, sier Ydsteb\u00f8. <\/p>\n<p>Ogs\u00e5 den \u00f8kende volden mot offentlige tjenestefolk bekymrer Ydsteb\u00f8:<\/p>\n<p> \u2013 Det sier litt om respekten og holdninger. Samtidig sier det veldig mye om hva operative tjenestefolk m\u00e5 h\u00e5ndtere. Det skjer ofte straffbare forhold overfor v\u00e5re folk i f\u00f8rstelinjen. Terskelen for \u00e5 faktisk anmelde et barn enten for ukvemsord eller vold er allerede h\u00f8y, men n\u00e5r du likevel ser en \u00f8kning, s\u00e5 sier det ganske mye om hvilke forhold de jobber under.<\/p>\n<p>                <img decoding=\"async\" src=\"https:\/\/www.europesays.com\/no\/wp-content\/uploads\/2026\/01\/285136.webp.jpeg\" width=\"380\" height=\"263\" title=\"V\u00c5PENBESLAG: \u2013 Det er spesielt at et barn kan v\u00e6re i besittelse av noe s\u00e5nt, sier Erik Schau Ydsteb\u00f8 n\u00e5r han viser frem v\u00e5pnene de har beslaglagt. I tillegg til kniven er dette softgun og gasspistoler.\" alt=\"\" loading=\"lazy\" style=\"\"\/><\/p>\n<p>\n            V\u00c5PENBESLAG: \u2013 Det er spesielt at et barn kan v\u00e6re i besittelse av noe s\u00e5nt, sier Erik Schau Ydsteb\u00f8 n\u00e5r han viser frem v\u00e5pnene de har beslaglagt. I tillegg til kniven er dette softgun og gasspistoler.<br \/>\n            Foto: Marie von Krogh\n        <\/p>\n<p>Rekrutterer s\u00e5rbare ungdommer gjennom gaming<\/p>\n<p>Flere av sakene nevnt i starten av denne artikkelen inneholder bestilt kriminalitet kalt crime as a service (CaaS) eller violence as a service (VaaS).\u00a0<\/p>\n<p>Disse begrepene brukes om kriminalitet som blir bestilt. Ofte er det unge gjerningspersoner som utf\u00f8rer handlingene etter \u00e5 ha blitt rekruttert via internett.\u00a0<\/p>\n<p> <a href=\"https:\/\/www.politiet.no\/om-politiet\/tall-og-fakta\/politiets-trusselvurdering\/Organisert-kriminalitet-i-en-global-og-digital-tidsalder\" aria-label=\"https:\/\/www.politiet.no\/om-politiet\/tall-og-fakta\/politiets-trusselvurdering\/Organisert-kriminalitet-i-en-global-og-digital-tidsalder\" target=\"_blank\" rel=\"nofollow noopener\">Politiets trusselvurdering for 2025<\/a> peker p\u00e5 dette som et av de mest sentrale temaene knyttet til samfunnstruende kriminalitet. <\/p>\n<p class=\"font-weight-bold m-font-weight-bold\" data-lab-font_weight=\"font-weight-bold\">\u2013 CaaS og VaaS kom som et ordentlig smell for S\u00f8r-Vest Politidistrikt i februar. Det er en helt ny dimensjon i det arbeidet vi gj\u00f8r for \u00e5 forebygge rekruttering til kriminalitet, sier Ydsteb\u00f8.\u00a0<\/p>\n<p>Ungdommer rekrutteres ofte gjennom sosiale medier som Snapchat, Instagram og Tik Tok.\u00a0<\/p>\n<p>Men de kriminelle er hele tiden ute etter m\u00e5ter \u00e5 unng\u00e5 politiet.<\/p>\n<p class=\"font-weight-bold m-font-weight-bold\" data-lab-font_weight=\"font-weight-bold\"> \u2013 En vanlig metode er at de rekrutterer ungdommer som vi ikke kjenner fra f\u00f8r, fordi de skal g\u00e5 under radaren til politiet. De g\u00e5r inn p\u00e5 gamingplattformer p\u00e5 dagtid og ser hvem som spiller, for \u00e5 finne de som er utenfor samfunnet. Det bekymrer meg, sier avsnittsleder for det forebyggende arbeidet, Siri Torbj\u00f8rnsen.\u00a0<\/p>\n<p class=\"font-weight-bold m-font-weight-bold\" data-lab-font_weight=\"font-weight-bold\"> Rekrutteringen kan komme fra b\u00e5de store og sm\u00e5 akt\u00f8rer. <\/p>\n<p>\u2013 De store akt\u00f8rene er ekstremt potente. Du har blant annet Foxtrot-nettverket. Det er jo grupperinger som bruker vold for den minste ting, sier Ydsteb\u00f8.<\/p>\n<p> Fra sosiale medier og gamingplattformer s\u00f8rger de kriminelle oppdragsgiverne for \u00e5 f\u00e5 ungdommene over p\u00e5 krypterte meldingstjenester som Signal, Discord og Telegram. Der foreg\u00e5r den detaljerte beskrivelsen av oppdraget. <\/p>\n<p>                <img decoding=\"async\" src=\"https:\/\/www.europesays.com\/no\/wp-content\/uploads\/2026\/01\/285134.webp.jpeg\" width=\"380\" height=\"263\" title=\"REKRUTTERES VIA MOBILEN: Mange unge bruker store deler av fritiden sin p\u00e5 mobilen og kan komme i kontakt med folk som har skumle hensikter. Dette er et illustrasjonsfoto fra byterminalen i Stavanger.\" alt=\"\" loading=\"lazy\" style=\"\"\/><\/p>\n<p>\n            REKRUTTERES VIA MOBILEN: Mange unge bruker store deler av fritiden sin p\u00e5 mobilen og kan komme i kontakt med folk som har skumle hensikter. Dette er et illustrasjonsfoto fra byterminalen i Stavanger.<br \/>\n            Foto: Marie von Krogh\n        <\/p>\n<p>Kriminelle fra beste vestkant<\/p>\n<p>Martine Meslo er p\u00e5talejurist for U18-avsnittet. Hun peker p\u00e5 nettopp sosiale medier som den mest sentrale \u00e5rsaken til den \u00f8kende volden.\u00a0<\/p>\n<p>\u2013 De bruker det store internett og kan se videoer og snakke med folk. Mye av planleggingen foreg\u00e5r over internett. Selv de mindre alvorlige lovbruddene planlegges via sosiale medier, sier Meslo.\u00a0<\/p>\n<p>Og hun ser at noen er ekstra utsatt enn andre for p\u00e5virkning gjennom sosiale medier:<\/p>\n<p class=\"font-weight-bold m-font-weight-bold\" data-lab-font_weight=\"font-weight-bold\">\u2013\u00a0Man ser det s\u00e6rlig p\u00e5\u00a0ungdom som er i\u00a0s\u00e5rbare\u00a0posisjoner. De har gjerne behov for institusjonsopphold, hvor de naturlig nok har mye kommunikasjon med hverandre. <\/p>\n<p>Ydsteb\u00f8 stemmer i:\u00a0<\/p>\n<p> \u2013 Det er v\u00e5r ungdom. Det er v\u00e5re barn. Det er v\u00e5re gutter og jenter som vi har hatt et s\u00f8kelys p\u00e5 fra tidligere. Og s\u00e5 blir det en st\u00f8rre eskalering. De er et lett bytte n\u00e5r du snakker om s\u00e5rbare barn, sier Ydsteb\u00f8.\u00a0<\/p>\n<p>                <img decoding=\"async\" src=\"https:\/\/www.europesays.com\/no\/wp-content\/uploads\/2026\/01\/285151.webp.jpeg\" width=\"380\" height=\"244\" title=\"P\u00c5TALEJURIST: Martine Meslo er bekymret for utviklingen blant de unge.\" alt=\"\" loading=\"lazy\" style=\"\"\/><\/p>\n<p>\n            P\u00c5TALEJURIST: Martine Meslo er bekymret for utviklingen blant de unge.<br \/>\n            Foto: Marie von Krogh\n        <\/p>\n<p>De som blir forledet til \u00e5 p\u00e5ta seg oppdrag eller gj\u00f8rem\u00e5l blir stadig yngre.\u00a0<\/p>\n<p> \u2013 De er av en s\u00e5rbar karakter. Det handler om sosio\u00f8konomiske faktorer, utenforskap, \u00e5 falle ut av skolen, \u00e5 falle ut av idretten, stigmatisering og mye mer, sier Ydsteb\u00f8 og legger til:<\/p>\n<p>\u2013 Det er veldig kynisk og kriminelle akt\u00f8rer ser det som effektivt.\u00a0<\/p>\n<p class=\"font-weight-bold m-font-weight-bold\" data-lab-font_weight=\"font-weight-bold\"> Statistikken over anmeldte for alvorlige forhold under 18 \u00e5r viser at 16-\u00e5ringer var den mest anmeldte aldersgruppen i Stavanger i 2024. Faktisk ble over dobbelt s\u00e5 mange 16-\u00e5ringer anmeldt i fjor sammenlignet med 2021, 2022 og 2023 til sammen.\u00a0<\/p>\n<p class=\"font-weight-bold m-font-weight-bold\" data-lab-font_weight=\"font-weight-bold\">15- og 14-\u00e5ringer ble nest mest anmeldt. Ogs\u00e5 et f\u00e5tall 12-\u00e5ringer ble anmeldt i 2024, men dette tallet var h\u00f8yere i 2022.\u00a0<\/p>\n<p class=\"font-weight-bold m-font-weight-bold\" data-lab-font_weight=\"font-weight-bold\">Selv om denne m\u00e5ten \u00e5 bedrive kriminalitet er relativt ny for politiet i Stavanger, s\u00e5 trekker Torbj\u00f8rnsen frem at det p\u00e5 ingen m\u00e5te er nytt p\u00e5 internasjonal basis:\u00a0<\/p>\n<p class=\"font-weight-bold m-font-weight-bold\" data-lab-font_weight=\"font-weight-bold\">\u2013 De bruker jo den samme metoden i de mexicanske kartellene og s\u00e5nn.\u00a0<\/p>\n<p class=\"font-weight-bold m-font-weight-bold\" data-lab-font_weight=\"font-weight-bold\">Politiforum har tidligere skrevet om ungdomskriminaliteten p\u00e5 Oslo \u00f8st, hvor det i stor grad er andre og tredje generasjons innvandrere som er bosatt. Disse er ogs\u00e5 i flertall hva gjelder ungdomskriminalitet i omr\u00e5det.\u00a0<\/p>\n<p class=\"font-weight-bold m-font-weight-bold\" data-lab-font_weight=\"font-weight-bold\">I Stavanger er situasjonen en litt annen:\u00a0<\/p>\n<p class=\"font-weight-bold m-font-weight-bold\" data-lab-font_weight=\"font-weight-bold\">\u2013 I Stavanger opplever vi ikke at det er prim\u00e6rt andre og tredje generasjons innvandrere. Det er faktisk et kjempespenn. Det gj\u00f8r det ekstra vanskelig \u00e5 vite hvem som potensielt kan bli rekruttert. Flere av de kriminelle ungdommene kommer fra \u00abbeste vestkant\u00bb, sier Ydsteb\u00f8.\u00a0<\/p>\n<p>                <img decoding=\"async\" src=\"https:\/\/www.europesays.com\/no\/wp-content\/uploads\/2026\/01\/285149.webp.jpeg\" width=\"480\" height=\"274\" title=\"ALLTID BEREDT MED TELEFONEN I H\u00c5NDA: Siri Torbj\u00f8rnsen leder det forebyggende arbeidet til U18-avsnittet i Stavanger.\" alt=\"\" loading=\"lazy\" style=\"\"\/><\/p>\n<p>\n            ALLTID BEREDT MED TELEFONEN I H\u00c5NDA: Siri Torbj\u00f8rnsen leder det forebyggende arbeidet til U18-avsnittet i Stavanger.<br \/>\n            Foto: Marie von Krogh\n        <\/p>\n<p>Krever \u00f8remerkede midler<\/p>\n<p>Avsnittslederen er ikke i tvil om hva som trengs for \u00e5 kunne hindre flere tilfeller av CaaS og VaaS:\u00a0<\/p>\n<p>\u2013 Det m\u00e5 komme \u00f8remerkede midler til ungdomsetterforskning- og forebygging! Det er en utvikling vi ikke er skodd for \u00e5 h\u00e5ndtere. <\/p>\n<p class=\"font-weight-bold m-font-weight-bold\" data-lab-font_weight=\"font-weight-bold\">For slik situasjonen er i dag, har ikke U18-avsnittet tid og ressurser til \u00e5 prioritere de som er p\u00e5 vei inn i alvorlig kriminalitet. De f\u00e5r ikke gjort den n\u00f8dvendige forebyggingen til \u00e5 v\u00e6re i forkant, for\u00a0ressursene rekker kun til de mest alvorlige sakene. <\/p>\n<p>Statssekret\u00e6r i Justis- og beredskapsdepartementet, Joakim \u00d8ren, sier de \u00abskal sikre at barn og unge som bryter loven m\u00f8tes med raske og treffsikre reaksjoner\u00bb:<\/p>\n<p>\u2013 V\u00e5rt m\u00e5l er \u2013 i tett dialog med fagmilj\u00f8ene \u2013 \u00e5 ta grep som virker og som b\u00e5de beskytter barna det gjelder og samfunnet.<\/p>\n<p>Han peker p\u00e5 en rekke grep: I desember 2025 besluttet Barne\u2011 og familiedepartementet \u00e5 gi ekstra midler til \u00e9n-til-\u00e9n-oppf\u00f8lging for ungdom i fire kommuner, deriblant Stavanger.\u00a0\u00a0I tillegg tester regjeringen ut et nytt forsterket institusjonstilbud for barn som beg\u00e5r alvorlig eller gjentatt kriminalitet. <\/p>\n<p>\u2013 Det er ogs\u00e5 foresl\u00e5tt strengere straffer for ulovlig befatning med kniver og v\u00e5pen, og flere tiltak som \u00f8ker politiets og barnevernets handlingsrom i m\u00f8te med barn som beg\u00e5r kriminalitet eller er i faresonen for det, sier \u00d8ren.\u00a0<\/p>\n<p>\u2013 M\u00e5 se det i et st\u00f8rre perspektiv <\/p>\n<p>Fra 2025 har Regjeringen satt av 600 millioner \u00e5rlig til politiet,\u00a0 spesifikt for innsatsen mot kriminelle nettverk (KN), organiserte gjenger og organisert kriminalitet. <\/p>\n<p>De har ikke Ydsteb\u00f8 og hans team sett noe til.\u00a0<\/p>\n<p>\u2013 Vi trodde og h\u00e5pet at det skulle g\u00e5 noe til U18 etterforskning og forebyggende avsnitt. I hvert fall litt. Vi mener at man m\u00e5 se det i et st\u00f8rre perspektiv. Kriminelle nettverk rekrutterer ungdom, sier Ydsteb\u00f8.\u00a0<\/p>\n<p>Politiforum har spurt Thor Magne L\u00f8ge, leder for felles enhet for etterretning og etterforskning i S\u00f8r-Vest Politidistrikt, om fordelingen av disse midlene:\u00a0<\/p>\n<p>\u2013 Vi har fordelt tildelte KN-midler i henhold til f\u00f8ringene som fulgte med tildelingen, og i tr\u00e5d med Nasjonal Policy for styrket innsats mot organisert kriminalitet og kriminelle nettverk. Fordelingen har v\u00e6rt til behandling i distriktets ledergruppe. Ressurser som g\u00e5r inn i KN-satsingen har v\u00e6rt sv\u00e6rt involvert i samtlige CaaS\/VaaS-saker i politidistriktet.<\/p>\n<p>                <img decoding=\"async\" src=\"https:\/\/www.europesays.com\/no\/wp-content\/uploads\/2026\/01\/285140.webp.jpeg\" width=\"480\" height=\"274\" title=\"AVH\u00d8R P\u00c5G\u00c5R: Fra venstre: Politibetjent Anders, etterforskningsleder Linda Fj\u00e4llstr\u00f8m Jakobsen (Stavanger) og p\u00e5talejurist U18, Martine Meslo, f\u00f8lger et avh\u00f8r av en ungdom som akkurat er innbrakt.\" alt=\"\" loading=\"lazy\" style=\"\"\/><\/p>\n<p>\n            AVH\u00d8R P\u00c5G\u00c5R: Fra venstre: Politibetjent Anders, etterforskningsleder Linda Fj\u00e4llstr\u00f8m Jakobsen (Stavanger) og p\u00e5talejurist U18, Martine Meslo, f\u00f8lger et avh\u00f8r av en ungdom som akkurat er innbrakt.<br \/>\n            Foto: Marie von Krogh\n        <\/p>\n<p> Ressursmangelen skaper en ond sirkel der manglende forebygging f\u00f8rer til at flere beg\u00e5r alvorlig kriminalitet. Beg\u00e5tt ungdomskriminalitet etterforskes heller ikke s\u00e5 raskt at det har en forebyggende effekt. <\/p>\n<p>Oslo politidistrikt Enhet \u00d8st to har siden mai hatt to ansatte som kun jobber sivilt ute blant ungdommen. Det skulle forebyggende i Stavanger ogs\u00e5 gjerne gjort.\u00a0<\/p>\n<p>\u2013 Det blir det ikke tid til, for vi er n\u00f8dt til \u00e5 bist\u00e5 og prioritere andre gj\u00f8rem\u00e5l, sier Torbj\u00f8rnsen.\u00a0<\/p>\n<p>Politimester i S\u00f8r-Vest, Hans Vik, svarer f\u00f8lgende p\u00e5 ressursmangelen:\u00a0<\/p>\n<p>\u2013 Det er sv\u00e6rt viktig \u00e5 prioritere innsats mot unge som er p\u00e5 vei inn i alvorlig kriminalitet. Samtidig er det ogs\u00e5 andre alvorlige saker som vi ikke kan se bort fra. Dette er en evig balansegang som er krevende p\u00e5 alle niv\u00e5. Vi disponerer de ressursene vi f\u00e5r s\u00e5 godt vi kan, og jeg synes U18-avsnittet i Stavanger f\u00e5r mye ut av ressursene de har f\u00e5tt. <\/p>\n<p>Overg\u00e5r fristen gang p\u00e5 gang<\/p>\n<p> For saker der gjerningspersonen er under 18 \u00e5r, sier Straffeprosessloven \u00a7 249 annet ledd at p\u00e5taleavgj\u00f8relse som hovedregel skal skje innen 42 dager etter at vedkommende er ansett som mistenkt eller siktet.\u00a0<\/p>\n<p>\u2013 Den fristen overholdes i de aller f\u00e6rreste sakene s\u00e5nn som ting er n\u00e5. Det er i stor grad fordi vi ikke er nok folk og det er frustrerende. Dette er unge mennesker og det er tungt \u00e5 ikke kunne gi dem et svar p\u00e5 utfallet av saken og hva som vil skje med dem. Det er veldig belastende for dem og er igjen med p\u00e5 \u00e5 skape en negativ utvikling. S\u00e5 det er definitivt noe vi er veldig bekymret for, sier Meslo.\u00a0<\/p>\n<p>Ydsteb\u00f8 peker p\u00e5 viktigheten av \u00e5 gripe inn tidlig for \u00e5 vende ungdommene tilbake p\u00e5 rett spor:\u00a0<\/p>\n<p>\u2013 For \u00e5 snu den onde spiralen m\u00e5 sakene etterforskes. Og de m\u00e5 etterforskes hurtigere.\u00a0Vi har flere ganger gitt gode innspill til v\u00e5re ledere p\u00e5 hvordan vi skal strukturere og organisere etterforskningen hos oss. V\u00e5r ledelse er med p\u00e5 dette, men det vil g\u00e5 p\u00e5 bekostning av andre. Man m\u00e5 ta fra et annet saksfelt for \u00e5 styrke oss. Det g\u00e5r ikke. Vi kan ikke ta folk fra f\u00f8rstelinja for \u00e5 sette de inn i en etterforskning. Det g\u00e5r ikke. <\/p>\n<p>                <img decoding=\"async\" src=\"https:\/\/www.europesays.com\/no\/wp-content\/uploads\/2026\/01\/285142.webp.jpeg\" width=\"480\" height=\"274\" title=\"LYDH\u00d8R UNDER AVH\u00d8R: Avh\u00f8rene str\u00f8mmes og f\u00f8lges av betjenter i et annet rom.\" alt=\"\" loading=\"lazy\" style=\"\"\/><\/p>\n<p>\n            LYDH\u00d8R UNDER AVH\u00d8R: Avh\u00f8rene str\u00f8mmes og f\u00f8lges av betjenter i et annet rom.<br \/>\n            Foto: Marie von Krogh\n        <\/p>\n<p> Som en del av satsningen p\u00e5 st\u00f8rre innsats mot kriminelle nettverk har regjeringen innf\u00f8rt\u00a0hurtigdomstol\u00a0for gjerningspersoner under 18 \u00e5r i politidistriktene Agder, Oslo og \u00d8st.\u00a0<\/p>\n<p>I Statsbudsjettet foresl\u00e5r regjeringen \u00e5 bruke ytterligere 44,6 millioner for \u00e5 f\u00e5 en raskere behandling av sakene, samtidig som de foresl\u00e5r \u00e5 utvide tiltaket til S\u00f8r-Vest politidistrikt i 2026. M\u00e5let er \u00e5 innf\u00f8re ordningen i hele landet i l\u00f8pet av regjeringsperioden.\u00a0<\/p>\n<p>\u2013 Hurtigdomstol er fantastisk. Det er et kjempemiddel for \u00e5 f\u00e5 dem inn til tidlige interveneringer, men det hjelper ikke dersom etterforskningen ikke er ferdig og tilrettelagt for p\u00e5tale. S\u00e5 vi henger jo enn\u00e5 bakp\u00e5 og f\u00e5r ikke tatt i bruk de midlene som politikerne har \u00f8nsket at man skal gj\u00f8re. Og det er jo beklagelig, sier Ydsteb\u00f8.\u00a0<\/p>\n<p>Tall fra august viser at det ikke bare er politiet i Stavanger som sliter med \u00e5 f\u00e5 unna sakene i tide.\u00a0<\/p>\n<p>I et m\u00f8te med justisminister Astrid Aas-Hansen la tingrettsdommer \u00c5sa Bech i Oslo tingrett frem tall som viste at antall saker med unge under 18 \u00e5r hadde \u00f8kt med 42 prosent, antallet tiltalte \u00f8kt med 73 prosent og dager til hovedforhandling \u00f8kt fra 82 til 164 i f\u00f8rste halv\u00e5r i \u00e5r, sammenliknet med f\u00f8rste halv\u00e5r i fjor. Alts\u00e5 en \u00f8kning p\u00e5 hundre prosent.<\/p>\n<p>\u2013 Dette skyldes\u00a0en stor \u00f8kning i saksmengden det siste \u00e5ret, en \u00f8kning det ikke har v\u00e6rt mulig \u00e5 forutse. Straffesakskjeden er ikke sterkere enn det svakeste leddet, og akkurat n\u00e5 er det svakeste leddet politiet og domstolene, sa Aas-Hansen den gang, if\u00f8lge <a href=\"https:\/\/www.advokatbladet.no\/hurtigspor-justis-og-beredskapsdepartementet-ungdomskriminalitet\/i-oslo-tingrett-har-antallet-saker-med-unge-under-18-ar-okt-med-42-prosent-forste-halvar\/233723\" aria-label=\"https:\/\/www.advokatbladet.no\/hurtigspor-justis-og-beredskapsdepartementet-ungdomskriminalitet\/i-oslo-tingrett-har-antallet-saker-med-unge-under-18-ar-okt-med-42-prosent-forste-halvar\/233723\" target=\"_blank\" rel=\"nofollow noopener\">Advokatbladet<\/a>.\u00a0<\/p>\n<p>                <img decoding=\"async\" src=\"https:\/\/www.europesays.com\/no\/wp-content\/uploads\/2026\/01\/285141.webp.jpeg\" width=\"380\" height=\"289\" title=\"RIGGET FOR \u00d8KT BEMANNING: Etterforskningsleder Linda Fj\u00e4llstr\u00f8m Jakobsen (Stavanger) med U18-etterforsker Marit Christensen i bakgrunnen. P\u00e5 dette kontoret jobber U18, men ikke alle plassene er fylt opp. De har plass til flere folk.\" alt=\"\" loading=\"lazy\" style=\"\"\/><\/p>\n<p>\n            RIGGET FOR \u00d8KT BEMANNING: Etterforskningsleder Linda Fj\u00e4llstr\u00f8m Jakobsen (Stavanger) med U18-etterforsker Marit Christensen i bakgrunnen. P\u00e5 dette kontoret jobber U18, men ikke alle plassene er fylt opp. De har plass til flere folk.<br \/>\n            Foto: Marie von Krogh\n        <\/p>\n<p>Inndragelse av verdisaker har gitt suksess<\/p>\n<p> Noe av det som har gitt gode resultater i Stavanger og Sandnes, er inndragning av verdisaker fra kriminelle. Det kan v\u00e6re alt fra v\u00e5pen, jakker, penger eller mobiler.\u00a0<\/p>\n<p>\u2013 Verdiene i seg selv er en statusfaktor. Du risikerer at de bare g\u00e5r og stjeler en ny jakke, men terskelen blir h\u00f8yere, for de vet at den kan bli inndratt og at politiet vet hva de driver med, sier Meslo.<\/p>\n<p> For politiet og p\u00e5talemyndigheten skal det i dag v\u00e6re utfordrende \u00e5 inndra verdier fra kriminelle, ettersom det bygger p\u00e5 det strafferettslige kravet om bevis ut over enhver rimelig tvil. <\/p>\n<p>Da er det gode nyheter at\u00a0<a href=\"https:\/\/www.politiforum.no\/nytt-lovforslag-skal-strupe-den-kriminelle-okonomien\/285307\" aria-label=\"https:\/\/www.politiforum.no\/nytt-lovforslag-skal-strupe-den-kriminelle-okonomien\/285307\" target=\"_blank\" rel=\"nofollow noopener\">Regjeringen n\u00e5 foresl\u00e5r at det \u00e5pnes for inndragning<\/a> dersom det er\u00a0sannsynlighetsovervekt\u00a0for at en verdi stammer fra lovbrudd.<\/p>\n<p>\u2013 Inndragning av telefonen er det de hater mest. Det er ikke bare for dem \u00e5 skaffe seg en ny iPhone. Det setter en standard. De snakker videre med sine venner om at det fikk en konsekvens. Man tenker ikke s\u00e5 langt n\u00e5r man sitter p\u00e5 internett. Konkrete konsekvenser kan ha en forebyggende effekt ogs\u00e5 p\u00e5 andre.\u00a0<\/p>\n<p> Sikring og gjennomgang av elektroniske spor er ogs\u00e5 viktig i saker hvor politiet har hjemmel til \u00e5 ransake innholdet. <\/p>\n<p>Samtidig er det sv\u00e6rt tidkrevende arbeid og de har ikke ressurser til \u00e5 g\u00e5 i gjennom s\u00e5 mye de \u00f8nsker.\u00a0<\/p>\n<p> \u2013 Det er ikke sjelden du jobber med ekstremt store databeslag. Det m\u00e5 en enkelt etterforsker, eller en enkelt forebygger, g\u00e5 gjennom fysisk fra A til \u00c5 for \u00e5 dekke informasjonsmengden, sier Ydsteb\u00f8.\u00a0<\/p>\n<p>I fjor sommer s\u00e5 Sandnes og Stavanger potensialet for et vesentlig tettere samarbeid, fordi mange av sakene gikk veldig p\u00e5 tvers av byene. Sammen har de to byene i underkant av 300.000 innbyggere. N\u00e5 samarbeider de for \u00e5 unng\u00e5 at nye ungdommer blir rekruttert.\u00a0<\/p>\n<p> \u2013 Storbyprosjektet viser at samhandling fungerer, sier Ydsteb\u00f8, som ogs\u00e5 er leder for prosjektet.\u00a0<\/p>\n<p>Han skulle gjerne sett at flere i S\u00f8r-Vest Politidistrikt jobbet sammen p\u00e5 denne m\u00e5ten n\u00e5r det gjelder ungdomskriminalitet:<\/p>\n<p> \u2013 79 prosent av relevant utvalgte kategorier i politidistriktet skjer s\u00f8r for Boknafjorden. Det omr\u00e5det burde v\u00e6rt underlagt en egen ledelse og hatt en mer funksjonell styring. Det ville gjort det lettere \u00e5 f\u00e5 oversikt over de involverte partene og aktuelle straffesakene tidligere. Per i dag er det\u00a0flere mindre enheter som h\u00e5ndterer sakene p\u00e5 egenh\u00e5nd, noe som gj\u00f8r\u00a0at U18 etterforskningen\u00a0ikke blir effektiv nok. <\/p>\n<p class=\"font-weight-bold m-font-weight-bold\" data-lab-font_weight=\"font-weight-bold\">For p\u00e5 sp\u00f8rsm\u00e5l om hvilke grep som b\u00f8r gj\u00f8res fremover, er lederne samstemte.<\/p>\n<p class=\"font-weight-bold m-font-weight-bold\" data-lab-font_weight=\"font-weight-bold\"> \u2013 Samarbeid. Tverrfaglig samarbeid, sier de n\u00e6rmest i kor.\u00a0<\/p>\n<p class=\"font-weight-normal m-font-weight-normal\" data-lab-font_weight=\"font-weight-normal\">Politimester Vik\u00a0\u00a0er enig i at flere med fordel kunne jobbet sammen p\u00e5 denne m\u00e5ten.<\/p>\n<p class=\"font-weight-normal m-font-weight-normal\" data-lab-font_weight=\"font-weight-normal\">\u2013 Jeg h\u00e5per og tror at vi gjennom kontinuerlig forbedring av tjenesten v\u00e5r skal f\u00e5 til det innenfor de rammene som gjelder.<\/p>\n<p>                <img decoding=\"async\" src=\"https:\/\/www.europesays.com\/no\/wp-content\/uploads\/2026\/01\/285138.webp.jpeg\" width=\"480\" height=\"274\" title=\"\u00c5PEN FOR SAMARBEID: Avsnittleder Erik Schau Ydsteb\u00f8 lukker ikke d\u00f8ren for nye samarbeid, b\u00e5de innad i etaten, men ogs\u00e5 fra andre akt\u00f8rer.\" alt=\"\" loading=\"lazy\" style=\"\"\/><\/p>\n<p>\n            \u00c5PEN FOR SAMARBEID: Avsnittleder Erik Schau Ydsteb\u00f8 lukker ikke d\u00f8ren for nye samarbeid, b\u00e5de innad i etaten, men ogs\u00e5 fra andre akt\u00f8rer.<br \/>\n            Foto: Marie von Krogh\n        <\/p>\n<p>Vil endre taushetsplikten\u00a0<\/p>\n<p>Skolen er ogs\u00e5 et ledd i dette samarbeidet. Annenhver uke har politiet m\u00f8te med skolene.\u00a0<\/p>\n<p> Da legger politiet fram straffesaker som har kommet inn de siste to ukene og forteller hvem de er bekymret for og hvor det b\u00f8r gj\u00f8res tiltak.\u00a0\u00a0<\/p>\n<p> \u2013\u00a0N\u00e5r vi da legger fra oss disse navnene, s\u00e5 kan enkelte p\u00e5 skolene si \u00abja, vi har jobbet med han i noen \u00e5r\u00bb. Hadde vi da visst det for noen \u00e5r siden s\u00e5 hadde kanskje ikke den straffesaken havnet hos oss. <\/p>\n<p>Skolene varsler nemlig politiet kun n\u00e5r det er frykt for noens helse og liv.\u00a0<\/p>\n<p> \u2013 Det er gjerne en veldig vanskelig vurdering for l\u00e6rerne, for utgangspunktet er at de ikke skal si noe. Mange frykter \u00e5 bli stilt strafferettslig ansvarlig, fordi de potensielt har sagt noe i feil sak, sier Meslo.\u00a0<\/p>\n<p>De har meldeplikt til barnevernet, og eventuell oppm\u00f8teplikt ved avh\u00f8r hos politiet.\u00a0<\/p>\n<p>\u2013\u00a0Men da er vi jo for sene igjen, sier Torbj\u00f8rnsen.\u00a0<\/p>\n<p> Det kan det bli en slutt p\u00e5. <\/p>\n<p> Justisdepartementet har nylig satt ned en ekspertgruppe som skal utrede informasjonsdeling og samarbeid mellom ulike instanser. De skal se p\u00e5 taushetsplikten skolen har i dag, og Torbj\u00f8rnsen og\u00a0etterforskningsleder\u00a0 Linda Fj\u00e4llstr\u00f8m Jakobsen var nylig p\u00e5 et m\u00f8te med departementet hvor dette var tema.\u00a0<\/p>\n<p>Hun ser en stor verdi i at skolen kan dele mer informasjon til politiet og dermed s\u00f8rge for at de ligger i forkant.\u00a0<\/p>\n<p> \u2013 Vi er avhengig av at de deler informasjon med oss om ungdommer de er bekymret for, ungdom som har slutta p\u00e5 skolen eller plutselig g\u00e5r rundt med dyre kl\u00e6r, sier hun og legger til:<\/p>\n<p> \u2013 Det \u00e5 jobbe for barnets beste er jo p\u00e5 en m\u00e5te grunnregelen. Hvis barnets beste er at vi setter oss ned og samhandler, s\u00e5 kan vi egentlig bruke det ganske vidt. Men fordi folk er usikre, s\u00e5 trenger vi en lovendring med tanke p\u00e5 taushetsplikten.<\/p>\n","protected":false},"excerpt":{"rendered":"STAVANGER (POLITIFORUM)\u00a0Vi sitter samlet i et m\u00f8terom p\u00e5 politistasjonen i Stavanger. Rundt bordet sitter de som til daglig&hellip;\n","protected":false},"author":2,"featured_media":127019,"comment_status":"","ping_status":"","sticky":false,"template":"","format":"standard","meta":{"footnotes":""},"categories":[10],"tags":[20,21,24,25,15,22,23,13,30,28,29,14,16,26,27],"class_list":{"0":"post-127018","1":"post","2":"type-post","3":"status-publish","4":"format-standard","5":"has-post-thumbnail","7":"category-norge","8":"tag-breaking-news","9":"tag-breakingnews","10":"tag-featured-news","11":"tag-featurednews","12":"tag-headlines","13":"tag-latest-news","14":"tag-latestnews","15":"tag-news","16":"tag-no","17":"tag-norge","18":"tag-norway","19":"tag-nyheter","20":"tag-overskrifter","21":"tag-top-stories","22":"tag-topstories"},"share_on_mastodon":{"url":"https:\/\/pubeurope.com\/@no\/115825555883892166","error":""},"_links":{"self":[{"href":"https:\/\/www.europesays.com\/no\/wp-json\/wp\/v2\/posts\/127018","targetHints":{"allow":["GET"]}}],"collection":[{"href":"https:\/\/www.europesays.com\/no\/wp-json\/wp\/v2\/posts"}],"about":[{"href":"https:\/\/www.europesays.com\/no\/wp-json\/wp\/v2\/types\/post"}],"author":[{"embeddable":true,"href":"https:\/\/www.europesays.com\/no\/wp-json\/wp\/v2\/users\/2"}],"replies":[{"embeddable":true,"href":"https:\/\/www.europesays.com\/no\/wp-json\/wp\/v2\/comments?post=127018"}],"version-history":[{"count":0,"href":"https:\/\/www.europesays.com\/no\/wp-json\/wp\/v2\/posts\/127018\/revisions"}],"wp:featuredmedia":[{"embeddable":true,"href":"https:\/\/www.europesays.com\/no\/wp-json\/wp\/v2\/media\/127019"}],"wp:attachment":[{"href":"https:\/\/www.europesays.com\/no\/wp-json\/wp\/v2\/media?parent=127018"}],"wp:term":[{"taxonomy":"category","embeddable":true,"href":"https:\/\/www.europesays.com\/no\/wp-json\/wp\/v2\/categories?post=127018"},{"taxonomy":"post_tag","embeddable":true,"href":"https:\/\/www.europesays.com\/no\/wp-json\/wp\/v2\/tags?post=127018"}],"curies":[{"name":"wp","href":"https:\/\/api.w.org\/{rel}","templated":true}]}}