{"id":127020,"date":"2026-01-02T12:41:08","date_gmt":"2026-01-02T12:41:08","guid":{"rendered":"https:\/\/www.europesays.com\/no\/127020\/"},"modified":"2026-01-02T12:41:08","modified_gmt":"2026-01-02T12:41:08","slug":"mesternes-mester-dropper-omstridt-nattest","status":"publish","type":"post","link":"https:\/\/www.europesays.com\/no\/127020\/","title":{"rendered":"\u00abMesternes mester\u00bb dropper omstridt nattest"},"content":{"rendered":"\n<p class=\"_lead_o9xde_2 _lead_xtcu6_50 layout-component text-serif-m layout-normal text-serif-l layout-component layout-wide layout-padded _wide_17hqh_1 layout-padded\">NRK fjerner den beryktede \u00f8velsen med lysr\u00f8rene.<\/p>\n<p><img alt=\"Gyda Bloch Thorsen og Tobias Becs i nattest i fjor\u00e5rets sesong. Programleder Aksel Lund Svindal f\u00f8lger n\u00f8ye med. Foto: NRK\" class=\"_image_qp4xg_65 layout-component layout-wide\" data-fullscreen- data-track-element-type=\"Article image fullscreen\" data-track-name=\"ImageFullscreen\" fetchpriority=\"high\" decoding=\"sync\" loading=\"eager\" height=\"1004\" itemprop=\"image\"  src=\"https:\/\/www.europesays.com\/no\/wp-content\/uploads\/2026\/01\/933e32c7-f3c8-4991-8647-2d67f93269c8.png\"  style=\"object-position:0% 0%\" width=\"1907\"\/>Gyda Bloch Thorsen og Tobias Becs i nattest i fjor\u00e5rets sesong. Programleder Aksel Lund Svindal f\u00f8lger n\u00f8ye med. Foto: NRK<\/p>\n<ul aria-hidden=\"true\" class=\"_images_ntbth_112\">\n<li><a class=\"_link_ntbth_117\" href=\"https:\/\/www.vg.no\/forfatter\/catherine-gonsholt-ighanian\" style=\"z-index:1\" title=\"Catherine Gonsholt Ighanian\" rel=\"nofollow noopener\" target=\"_blank\"><img alt=\"Bilde av Catherine Gonsholt Ighanian\" class=\"_image_ntbth_93\" fetchpriority=\"low\" loading=\"lazy\" decoding=\"async\" itemprop=\"image\"  src=\"https:\/\/www.europesays.com\/no\/wp-content\/uploads\/2026\/01\/1767357668_821_72dca32d-ee6f-474c-a50e-72a9bb49f38a.jpeg\"  width=\"480\"\/><\/a><\/li>\n<\/ul>\n<p> Oppdatert fredag 2. januar kl. 12:56    <\/p>\n<ul class=\"_list_o9xde_3 _list_64s2r_85 _unordered_o9xde_106 text-sans-m\">\n<li class=\"_item_o9xde_30\">NRK fjerner den beryktede lysr\u00f8r-\u00f8velsen fra \u00abMesternes mester\u00bb.<\/li>\n<li class=\"_item_o9xde_30\">Endringen kommer etter 98 klager og episoder hvor h\u00f8yere deltagere hadde fordel.<\/li>\n<li class=\"_item_o9xde_30\">Produsent Thor Arne Ulveraker sier endringen ikke bare skyldes klager, men er en del av jevnlig fornyelse.<\/li>\n<li class=\"_item_o9xde_30\">Den nye nattesten vil v\u00e6re kj\u00f8nnsn\u00f8ytral.<\/li>\n<\/ul>\n<p>Vis mer <\/p>\n<p class=\"_paragraph_o9xde_4 _paragraph_xtcu6_10 layout-component text-serif-m layout-normal text-serif-m layout-padded\"><a href=\"https:\/\/www.vg.no\/rampelys\/i\/QM1Rlx\/dette-er-aarets-mesternes-mester-deltagere\" data-track-element-type=\"Link\" data-track-id=\"link:QM1Rlx\" class=\"_link_o9xde_39\" rel=\"nofollow noopener\" target=\"_blank\">Ti nye idrettskjendiser<\/a> bryner seg i TV-ruta i en ny sesong av \u00abMesternes mester\u00bb. <\/p>\n<p class=\"_paragraph_o9xde_4 _paragraph_xtcu6_10 layout-component text-serif-m layout-normal text-serif-m layout-padded\">Fortsatt skal deltagerne ut i nattest, men den blir annerledes enn den seerne har f\u00e5tt presentert i de fleste sesongene, melder <a href=\"https:\/\/www.vg.no\/tag\/nrk?utm_source=vg-article&amp;utm_medium=auto-tagger&amp;utm_campaign=gk7G21\" class=\"_link_o9xde_39\" rel=\"nofollow noopener\" target=\"_blank\">NRK<\/a>.<\/p>\n<p class=\"_paragraph_o9xde_4 _paragraph_xtcu6_10 layout-component text-serif-m layout-normal text-serif-m layout-padded\">NRK mottok i fjor 98 klager fra seere etter noen av episodene, if\u00f8lge <a href=\"https:\/\/www.nrk.no\/sport\/mesternes-mester_-tar-grep-etter-sju-sesongar-_-droppar-omstridd-nattest-oving-1.17690780\" class=\"_link_o9xde_39\" rel=\"nofollow noopener\" target=\"_blank\">NRK<\/a>. <\/p>\n<p class=\"_paragraph_o9xde_4 _paragraph_xtcu6_10 layout-component text-serif-m layout-normal text-serif-m layout-padded\">Kritikken gikk p\u00e5 at h\u00f8ye deltagere hadde stor fordel i lysr\u00f8r-\u00f8velsen.<\/p>\n<p class=\"_paragraph_o9xde_4 _paragraph_xtcu6_10 layout-component text-serif-m layout-normal text-serif-m layout-padded\">S\u00e6rlig episoden hvor danser Gyda Bloch Thorsen (45) tapte mot fotball-freestyler Tobias \u00abBecs\u00bb Brandal Bus\u00e6t (33), skapte reaksjoner. Thorsen ropte \u00abJeg har ikke sjans!\u00bb da hun ble sl\u00e5tt ut.<\/p>\n<p class=\"_paragraph_o9xde_4 _paragraph_xtcu6_10 layout-component text-serif-m layout-normal text-serif-m layout-padded\">Ogs\u00e5 da freestylekj\u00f8rer Johanne Killi (28) tapte mot proffbokser Kai Robin Havnaa (36), kom det inn klager.<\/p>\n<p class=\"_paragraph_o9xde_4 _paragraph_xtcu6_10 layout-component text-serif-m layout-normal text-serif-m layout-padded\">Produsent Thor Arne Ulveraker understreker overfor NRK at endringen ikke skyldes klagene alene.<\/p>\n<p class=\"_paragraph_o9xde_4 _paragraph_xtcu6_10 layout-component text-serif-m layout-normal text-serif-m layout-padded\">\u2013 \u00abMesternes mester\u00bb har jo fornyet nattesten med jevne mellomrom, og vi f\u00f8lte at det var en passende anledning \u00e5 gj\u00f8re det i sesong 17, sier Ulveraker.<\/p>\n<p>Dette er \u00e5rets deltagere:<\/p>\n<ul class=\"_list_o9xde_3 _list_xtcu6_9 _list_16v91_9 _unordered_o9xde_106 layout-component text-serif-m layout-normal text-sans-m layout-padded\">\n<li class=\"_item_o9xde_30\">Isabelle Pedersen (33), hekkel\u00f8p<\/li>\n<li class=\"_item_o9xde_30\">Kristin Steira (44), langrenn<\/li>\n<li class=\"_item_o9xde_30\">Marte Olsbu R\u00f8iseland (34), skiskyting<\/li>\n<li class=\"_item_o9xde_30\">Ayla \u00c5gren (32), racing<\/li>\n<li class=\"_item_o9xde_30\">Isabell Herlovsen (37), fotball<\/li>\n<li class=\"_item_o9xde_30\">Jarl Magnus Riiber (27), kombinert<\/li>\n<li class=\"_item_o9xde_30\">Edvald Boasson-Hagen (38), sykling<\/li>\n<li class=\"_item_o9xde_30\">Mushaga Bakenga (33), fotball<\/li>\n<li class=\"_item_o9xde_30\">Emil Lybekk (32), d\u00f8dsing<\/li>\n<li class=\"_item_o9xde_30\">Daniel Andr\u00e9 Tande (31), skihopp<\/li>\n<\/ul>\n<p>Vis mer<\/p>\n<p class=\"_paragraph_o9xde_4 _paragraph_xtcu6_10 layout-component text-serif-m layout-normal text-serif-m layout-padded\">Den nye nattesten f\u00f8lger fortsatt prinsippet om \u00e5 v\u00e6re best i l\u00f8pet av tre runder, men selve oppgaven er en helt annen. <\/p>\n<p class=\"_paragraph_o9xde_4 _paragraph_xtcu6_10 layout-component text-serif-m layout-normal text-serif-m layout-padded\">M\u00e5let er \u00e5 gj\u00f8re konkurransen s\u00e5 kj\u00f8nnsn\u00f8ytral som mulig, slik at styrke og h\u00f8yde ikke avgj\u00f8r.<\/p>\n<p class=\"_paragraph_o9xde_4 _paragraph_xtcu6_10 layout-component text-serif-m layout-normal text-serif-m layout-padded\">Hvordan den nye testen foreg\u00e5r, f\u00e5r seerne vite i episode to.<\/p>\n<p class=\"_paragraph_o9xde_4 _paragraph_xtcu6_10 layout-component text-serif-m layout-normal text-serif-m layout-padded\">Serien hadde premiere 1. nytt\u00e5rsdag. <\/p>\n<p class=\"_paragraph_o9xde_4 _paragraph_xtcu6_10 layout-component text-serif-m layout-normal text-serif-m layout-padded\"><strong class=\"_strong_o9xde_25\">Daniel-Andr\u00e9 Tande (31):<\/strong> <a href=\"https:\/\/www.vg.no\/rampelys\/i\/WvbLAk\/daniel-andre-tande-var-doed-i-tre-minutter\" data-track-element-type=\"Link\" data-track-id=\"link:WvbLAk\" class=\"_link_o9xde_39\" rel=\"nofollow noopener\" target=\"_blank\">Var d\u00f8d i tre minutter<\/a><\/p>\n<p class=\"_paragraph_o9xde_4 _paragraph_xtcu6_10 layout-component text-serif-m layout-normal text-serif-m layout-padded\">Aksel Lund Svindal (43) er programleder ogs\u00e5 i \u00e5r.<\/p>\n<p class=\"_paragraph_o9xde_4 _paragraph_xtcu6_10 layout-component text-serif-m layout-normal text-serif-m layout-padded\"><strong class=\"_strong_o9xde_25\">Tilbakeblikk p\u00e5 tidligere nattester \u2013 se VGTV:<\/strong><\/p>\n<p>Les ogs\u00e5<\/p>\n","protected":false},"excerpt":{"rendered":"NRK fjerner den beryktede \u00f8velsen med lysr\u00f8rene. Gyda Bloch Thorsen og Tobias Becs i nattest i fjor\u00e5rets sesong.&hellip;\n","protected":false},"author":2,"featured_media":127021,"comment_status":"","ping_status":"","sticky":false,"template":"","format":"standard","meta":{"footnotes":""},"categories":[5],"tags":[20,21,24,25,15,19,22,23,17,18,2984,13,30,28,29,787,14,16,26,27,46],"class_list":{"0":"post-127020","1":"post","2":"type-post","3":"status-publish","4":"format-standard","5":"has-post-thumbnail","7":"category-overskrifter","8":"tag-breaking-news","9":"tag-breakingnews","10":"tag-featured-news","11":"tag-featurednews","12":"tag-headlines","13":"tag-hovedoppslag","14":"tag-latest-news","15":"tag-latestnews","16":"tag-main-news","17":"tag-mainnews","18":"tag-mesternes-mester","19":"tag-news","20":"tag-no","21":"tag-norge","22":"tag-norway","23":"tag-nrk","24":"tag-nyheter","25":"tag-overskrifter","26":"tag-top-stories","27":"tag-topstories","28":"tag-vgai"},"share_on_mastodon":{"url":"https:\/\/pubeurope.com\/@no\/115825559791074168","error":""},"_links":{"self":[{"href":"https:\/\/www.europesays.com\/no\/wp-json\/wp\/v2\/posts\/127020","targetHints":{"allow":["GET"]}}],"collection":[{"href":"https:\/\/www.europesays.com\/no\/wp-json\/wp\/v2\/posts"}],"about":[{"href":"https:\/\/www.europesays.com\/no\/wp-json\/wp\/v2\/types\/post"}],"author":[{"embeddable":true,"href":"https:\/\/www.europesays.com\/no\/wp-json\/wp\/v2\/users\/2"}],"replies":[{"embeddable":true,"href":"https:\/\/www.europesays.com\/no\/wp-json\/wp\/v2\/comments?post=127020"}],"version-history":[{"count":0,"href":"https:\/\/www.europesays.com\/no\/wp-json\/wp\/v2\/posts\/127020\/revisions"}],"wp:featuredmedia":[{"embeddable":true,"href":"https:\/\/www.europesays.com\/no\/wp-json\/wp\/v2\/media\/127021"}],"wp:attachment":[{"href":"https:\/\/www.europesays.com\/no\/wp-json\/wp\/v2\/media?parent=127020"}],"wp:term":[{"taxonomy":"category","embeddable":true,"href":"https:\/\/www.europesays.com\/no\/wp-json\/wp\/v2\/categories?post=127020"},{"taxonomy":"post_tag","embeddable":true,"href":"https:\/\/www.europesays.com\/no\/wp-json\/wp\/v2\/tags?post=127020"}],"curies":[{"name":"wp","href":"https:\/\/api.w.org\/{rel}","templated":true}]}}