{"id":127022,"date":"2026-01-02T12:42:13","date_gmt":"2026-01-02T12:42:13","guid":{"rendered":"https:\/\/www.europesays.com\/no\/127022\/"},"modified":"2026-01-02T12:42:13","modified_gmt":"2026-01-02T12:42:13","slug":"sport-fotball-historisk-sesong-feiret-opprykk-med-pokaldryss","status":"publish","type":"post","link":"https:\/\/www.europesays.com\/no\/127022\/","title":{"rendered":"Sport, Fotball | Historisk sesong: Feiret opprykk med pokaldryss"},"content":{"rendered":"\n<p>Etter \u00e5 ha g\u00e5tt ubeseiret gjennom 4. divisjon, ble suksessen feiret med \u00e5rsfest og premieutdeling.<\/p>\n<p>Det er sjelden man ser en s\u00e5 total dominans som det EIK-damene har vist i 2025. Med hele 19 seire, kun \u00e9n uavgjort og en knusende m\u00e5lforskjell p\u00e5 +79, var det aldri noen tvil om hvem som fortjente puljeseieren.<\/p>\n<p>  <a href=\"https:\/\/www.dalane-tidende.no\/5-101-816620\" class=\"related-teaser has-image default-story-teaser article--c-eRUmMG article--c-eRUmMG-jKCPdD-design-default\" rel=\"nofollow noopener\" target=\"_blank\"><\/p>\n<p>    <img decoding=\"async\" loading=\"lazy\"  src=\"https:\/\/www.europesays.com\/no\/wp-content\/uploads\/2026\/01\/IMG_9016_1.jpeg\" alt=\"\" class=\"brick-c-cFOWSL\" style=\"\"\/><\/p>\n<p>\n            Les ogs\u00e5<\/p>\n<p>              Martine (26) usikker p\u00e5 framtiden: \u2013 \u00c9n gang m\u00e5 ogs\u00e5 jeg slutte\n        <\/p>\n<p>  <\/a><br \/>\n  En lagseier tuftet p\u00e5 treningskultur<\/p>\n<p>Selv om resultatene p\u00e5 banen har v\u00e6rt spektakul\u00e6re, trekker klubben frem at suksessen er et resultat av det daglige arbeidet. M\u00e5lforskjellen er f\u00f8rst og fremst et speilbilde av innsatsen som er lagt ned p\u00e5 treningsfeltet og det sterke samholdet i spillergruppa, skriver <a href=\"https:\/\/www.eikfotball.no\/nyheter\/damelaget-avsluttet-en-flott-sesong-med-pokalutdeling\" rel=\"Follow nofollow noopener\" target=\"_blank\">EIK p\u00e5 sin hjemmeside<\/a>.<\/p>\n<p><b>Under \u00e5rsfesten ble flere spillere hedret med individuelle utmerkelser for sin innsats gjennom sesongen:<\/b><\/p>\n<ul>\n<li><b>\u00c5rets spiller (stemt frem av spillerne): <\/b>Tilde Lorentzen Aar\u00f8<\/li>\n<li><b>\u00c5rets innsatspokal: <\/b>Emilie Klippen<\/li>\n<li><b>Scoringspokalen: <\/b>Martine Klippen<\/li>\n<li><b>Treningspokalen: <\/b>Adelein Arnestad<\/li>\n<\/ul>\n<p>Ser mot 3. divisjon \u2013 og h\u00e5p om to lag<\/p>\n<p>Opprykket betyr at laget n\u00e5 m\u00e5 forberede seg p\u00e5 t\u00f8ffere motstand i 3. divisjon neste \u00e5r. Klubben har imidlertid ambisjoner som strekker seg utover bare sportslig suksess for f\u00f8rstelaget.<\/p>\n<p>Det er et uttalt m\u00e5l \u00e5 kunne stille med to damelag i 2026-sesongen. Dette beskrives som et viktig steg for \u00e5 utvikle kvinnefotballen i regionen og sikre et godt tilbud til alle spillere. Oppkj\u00f8ringen starter allerede i januar, og klubben inviterer n\u00e5 flere damespillere til \u00e5 vise seg frem n\u00e5r jakten p\u00e5 nye poeng i 3. divisjon begynner, forteller det p\u00e5 hjemmesiden.<\/p>\n","protected":false},"excerpt":{"rendered":"Etter \u00e5 ha g\u00e5tt ubeseiret gjennom 4. divisjon, ble suksessen feiret med \u00e5rsfest og premieutdeling. Det er sjelden&hellip;\n","protected":false},"author":2,"featured_media":127023,"comment_status":"","ping_status":"","sticky":false,"template":"","format":"standard","meta":{"footnotes":""},"categories":[59],"tags":[36,5978,1101,92,30,28,29,83,82,1510],"class_list":{"0":"post-127022","1":"post","2":"type-post","3":"status-publish","4":"format-standard","5":"has-post-thumbnail","7":"category-sport","8":"tag-art","9":"tag-egersund","10":"tag-eik","11":"tag-fotball","12":"tag-no","13":"tag-norge","14":"tag-norway","15":"tag-sport","16":"tag-sports","17":"tag-story"},"share_on_mastodon":{"url":"https:\/\/pubeurope.com\/@no\/115825563548008099","error":""},"_links":{"self":[{"href":"https:\/\/www.europesays.com\/no\/wp-json\/wp\/v2\/posts\/127022","targetHints":{"allow":["GET"]}}],"collection":[{"href":"https:\/\/www.europesays.com\/no\/wp-json\/wp\/v2\/posts"}],"about":[{"href":"https:\/\/www.europesays.com\/no\/wp-json\/wp\/v2\/types\/post"}],"author":[{"embeddable":true,"href":"https:\/\/www.europesays.com\/no\/wp-json\/wp\/v2\/users\/2"}],"replies":[{"embeddable":true,"href":"https:\/\/www.europesays.com\/no\/wp-json\/wp\/v2\/comments?post=127022"}],"version-history":[{"count":0,"href":"https:\/\/www.europesays.com\/no\/wp-json\/wp\/v2\/posts\/127022\/revisions"}],"wp:featuredmedia":[{"embeddable":true,"href":"https:\/\/www.europesays.com\/no\/wp-json\/wp\/v2\/media\/127023"}],"wp:attachment":[{"href":"https:\/\/www.europesays.com\/no\/wp-json\/wp\/v2\/media?parent=127022"}],"wp:term":[{"taxonomy":"category","embeddable":true,"href":"https:\/\/www.europesays.com\/no\/wp-json\/wp\/v2\/categories?post=127022"},{"taxonomy":"post_tag","embeddable":true,"href":"https:\/\/www.europesays.com\/no\/wp-json\/wp\/v2\/tags?post=127022"}],"curies":[{"name":"wp","href":"https:\/\/api.w.org\/{rel}","templated":true}]}}