{"id":127026,"date":"2026-01-02T12:47:42","date_gmt":"2026-01-02T12:47:42","guid":{"rendered":"https:\/\/www.europesays.com\/no\/127026\/"},"modified":"2026-01-02T12:47:42","modified_gmt":"2026-01-02T12:47:42","slug":"innvandring-debatt-hoy-innvandring-vil-utfordre-hele-samfunnsmodellen","status":"publish","type":"post","link":"https:\/\/www.europesays.com\/no\/127026\/","title":{"rendered":"Innvandring, Debatt | H\u00f8y innvandring vil utfordre hele samfunnsmodellen"},"content":{"rendered":"\n<p>\u2013 Utgangspunktet for Norge m\u00e5 v\u00e6re at alle har like muligheter uavhengig av bakgrunn. Da kan ikke ulikhetene bli for store. Det bidrar h\u00f8y innvandring til, sier Svenneby til NTB.<\/p>\n<p>I et intervju med <a rel=\"noopener nofollow\" href=\"https:\/\/klassekampen.no\/artikkel\/2026-01-02\/han-fryktar-at-alt-raknar\" target=\"_blank\">Klassekampen <\/a>sier Svenneby at han mener det er fordummende \u00e5 bruke sysselsetting som argument for innvandring.<\/p>\n<p>\u2013 MDGs Eivind Tr\u00e6dal snakker om at vi trenger arbeidskraft, men poenget er at innvandring i seg selv kan utl\u00f8se behov for mer arbeidskraft: Mer sosialhjelp, st\u00f8rre kommunale utgifter og mer press p\u00e5 tjenester og infrastruktur. Det m\u00e5 jobbe flere folk i butikken og alle andre steder, sier Svenneby til avisa.<\/p>\n<p>Vil ha innstramminger<\/p>\n<p>Han peker blant annet p\u00e5 at sysselsettingsgraden i enkelte innvandrergrupper er s\u00e5 lav at han mener den samlede effekten blir negativ, selv om noen er i full jobb.<\/p>\n<p>\u2013 Dette gjelder ikke arbeidsinnvandrere, men flyktninger og dem som kommer p\u00e5 familiegjenforening. Det m\u00e5 f\u00e5 konsekvenser for politikken, sier han.<\/p>\n<p>Han tar til orde for en rekke innstramminger: Skoleklasser b\u00f8r ikke ha en for lav andel norskspr\u00e5klige elever, flyktninger og asyls\u00f8kere skal ikke v\u00e6re bosatt der det er mange innvandrere fra f\u00f8r, og det skal komme f\u00e5 kvoteflyktninger og bli vanskeligere \u00e5 f\u00e5 familiegjenforening.<\/p>\n<p>Utfordrer samfunnsmodellen<\/p>\n<p>H\u00f8y innvandring vil f\u00f8re til et utenforskap som over tid er en utfordring for hele samfunnsmodellen, mener Svenneby.<\/p>\n<p>\u2013 Det handler om samhold i landet og tillit til det politiske systemet. H\u00f8y innvandring er avgj\u00f8rende for \u00e5 forst\u00e5 hvorfor Trump har f\u00e5tt vokse fram. Se hva dette koster for lokalsamfunnene: Det er ufattelig dyrt. Og er det den beste m\u00e5ten \u00e5 hjelpe folk p\u00e5 flukt p\u00e5? Svaret er nei, sier han.<\/p>\n","protected":false},"excerpt":{"rendered":"\u2013 Utgangspunktet for Norge m\u00e5 v\u00e6re at alle har like muligheter uavhengig av bakgrunn. Da kan ikke ulikhetene&hellip;\n","protected":false},"author":2,"featured_media":127027,"comment_status":"","ping_status":"","sticky":false,"template":"","format":"standard","meta":{"footnotes":""},"categories":[10],"tags":[36,20,21,37,24,25,15,762,4232,22,23,13,30,28,29,14,1654,16,41,1510,26,27],"class_list":{"0":"post-127026","1":"post","2":"type-post","3":"status-publish","4":"format-standard","5":"has-post-thumbnail","7":"category-norge","8":"tag-art","9":"tag-breaking-news","10":"tag-breakingnews","11":"tag-debatt","12":"tag-featured-news","13":"tag-featurednews","14":"tag-headlines","15":"tag-hoyre","16":"tag-innvandring","17":"tag-latest-news","18":"tag-latestnews","19":"tag-news","20":"tag-no","21":"tag-norge","22":"tag-norway","23":"tag-nyheter","24":"tag-ola-svenneby","25":"tag-overskrifter","26":"tag-politikk","27":"tag-story","28":"tag-top-stories","29":"tag-topstories"},"share_on_mastodon":{"url":"https:\/\/pubeurope.com\/@no\/115825583426980262","error":""},"_links":{"self":[{"href":"https:\/\/www.europesays.com\/no\/wp-json\/wp\/v2\/posts\/127026","targetHints":{"allow":["GET"]}}],"collection":[{"href":"https:\/\/www.europesays.com\/no\/wp-json\/wp\/v2\/posts"}],"about":[{"href":"https:\/\/www.europesays.com\/no\/wp-json\/wp\/v2\/types\/post"}],"author":[{"embeddable":true,"href":"https:\/\/www.europesays.com\/no\/wp-json\/wp\/v2\/users\/2"}],"replies":[{"embeddable":true,"href":"https:\/\/www.europesays.com\/no\/wp-json\/wp\/v2\/comments?post=127026"}],"version-history":[{"count":0,"href":"https:\/\/www.europesays.com\/no\/wp-json\/wp\/v2\/posts\/127026\/revisions"}],"wp:featuredmedia":[{"embeddable":true,"href":"https:\/\/www.europesays.com\/no\/wp-json\/wp\/v2\/media\/127027"}],"wp:attachment":[{"href":"https:\/\/www.europesays.com\/no\/wp-json\/wp\/v2\/media?parent=127026"}],"wp:term":[{"taxonomy":"category","embeddable":true,"href":"https:\/\/www.europesays.com\/no\/wp-json\/wp\/v2\/categories?post=127026"},{"taxonomy":"post_tag","embeddable":true,"href":"https:\/\/www.europesays.com\/no\/wp-json\/wp\/v2\/tags?post=127026"}],"curies":[{"name":"wp","href":"https:\/\/api.w.org\/{rel}","templated":true}]}}