{"id":127028,"date":"2026-01-02T12:48:16","date_gmt":"2026-01-02T12:48:16","guid":{"rendered":"https:\/\/www.europesays.com\/no\/127028\/"},"modified":"2026-01-02T12:48:16","modified_gmt":"2026-01-02T12:48:16","slug":"innvandring-ola-svenneby-ola-svenneby-hoy-innvandring-vil-utfordre-hele-samfunnsmodellen","status":"publish","type":"post","link":"https:\/\/www.europesays.com\/no\/127028\/","title":{"rendered":"Innvandring, Ola Svenneby | Ola Svenneby: H\u00f8y innvandring vil utfordre hele samfunnsmodellen"},"content":{"rendered":"\n<p>   <img decoding=\"async\" width=\"1080\" height=\"338\" fetchpriority=\"low\"  loading=\"lazy\"  src=\"https:\/\/www.europesays.com\/no\/wp-content\/uploads\/2026\/01\/dagens%2Bsnakkis.jpg\" alt=\"\" class=\"brick-c-cFOWSL\" style=\"--brick-image-ratio: 1080 \/ 338;\"\/><\/p>\n<p>\u2013 Utgangspunktet for Norge m\u00e5 v\u00e6re at alle har like muligheter uavhengig av bakgrunn. Da kan ikke ulikhetene bli for store. Det bidrar h\u00f8y innvandring til, sier Svenneby til NTB.<\/p>\n<p>I et intervju med <a rel=\"noopener nofollow\" href=\"https:\/\/klassekampen.no\/artikkel\/2026-01-02\/han-fryktar-at-alt-raknar\" target=\"_blank\">Klassekampen <\/a>sier Svenneby at han mener det er fordummende \u00e5 bruke sysselsetting som argument for innvandring.<\/p>\n<p><b>Hva mener du, er innvandring en trussel? Dette temaet er dagens snakkis. Delta i diskusjonen i kommentarfeltet under.<\/b><\/p>\n<p><b>Les ogs\u00e5: <\/b><a class=\"simple-relation related-teaser article--c-eRUmMG article--c-eRUmMG-fZoQSp-design-nettavisen article--c-eRUmMG-gwthdJ-cv\" href=\"https:\/\/www.nettavisen.no\/solberg-er-ubekymret-om-nedturen-vi-blir-storst-igjen\/s\/5-95-2797262\" rel=\"nofollow noopener\" target=\"_blank\">Solberg er ubekymret om nedturen: \u2013 Vi blir st\u00f8rst igjen<\/a><\/p>\n<p>\u2013 MDGs Eivind Tr\u00e6dal snakker om at vi trenger arbeidskraft, men poenget er at innvandring i seg selv kan utl\u00f8se behov for mer arbeidskraft: Mer sosialhjelp, st\u00f8rre kommunale utgifter og mer press p\u00e5 tjenester og infrastruktur. Det m\u00e5 jobbe flere folk i butikken og alle andre steder, sier Svenneby til avisa.<\/p>\n<p>Vil ha innstramminger<\/p>\n<p>Han peker blant annet p\u00e5 at sysselsettingsgraden i enkelte innvandrergrupper er s\u00e5 lav at han mener den samlede effekten blir negativ, selv om noen er i full jobb.<\/p>\n<p>\u2013 Dette gjelder ikke arbeidsinnvandrere, men flyktninger og dem som kommer p\u00e5 familiegjenforening. Det m\u00e5 f\u00e5 konsekvenser for politikken, sier han.<\/p>\n<p>Han tar til orde for en rekke innstramminger: Skoleklasser b\u00f8r ikke ha en for lav andel norskspr\u00e5klige elever, flyktninger og asyls\u00f8kere skal ikke v\u00e6re bosatt der det er mange innvandrere fra f\u00f8r, og det skal komme f\u00e5 kvoteflyktninger og bli vanskeligere \u00e5 f\u00e5 familiegjenforening.<\/p>\n<p>    Vil du se neste video?<\/p>\n<p>    <a href=\"https:\/\/www.nettavisen.no\/nyheter\/nordmann-pa-stranda-i-australia\/v\/5-95-2800231\" class=\"recommend-poster\" data-adp-clicklabel=\"video-recommend\" data-adp-clickvalue=\"poster\" rel=\"nofollow noopener\" target=\"_blank\"><br \/>\n      <img decoding=\"async\" width=\"200\" height=\"200\" loading=\"lazy\" src=\"https:\/\/www.europesays.com\/no\/wp-content\/uploads\/2025\/12\/NORDMANN+AUSTRALIA+BREDDE+1.jpg\" alt=\"\" class=\"brick-c-cFOWSL\" style=\"--brick-image-ratio: 200 \/ 200;\"\/><\/p>\n<p>Nordmann angrepet p\u00e5 stranda0:46<\/p>\n<p>    <\/a><\/p>\n<p>Utfordrer samfunnsmodellen<\/p>\n<p>H\u00f8y innvandring vil f\u00f8re til et utenforskap som over tid er en utfordring for hele samfunnsmodellen, mener Svenneby.<\/p>\n<p>\u2013 Det handler om samhold i landet og tillit til det politiske systemet. H\u00f8y innvandring er avgj\u00f8rende for \u00e5 forst\u00e5 hvorfor Trump har f\u00e5tt vokse fram. Se hva dette koster for lokalsamfunnene: Det er ufattelig dyrt. Og er det den beste m\u00e5ten \u00e5 hjelpe folk p\u00e5 flukt p\u00e5? Svaret er nei, sier han.<\/p>\n<p>Rettelse klokken 10.44: I en tidligere versjon av denne saken sto det at Svenneby sa til Klassekampen at han er lei av at folk forteller anekdoter om snille og godt integrerte innvandrere, eller at innvandring er en trussel mot fellesskapet, samholdet og nasjonen. Dette stemte ikke, og vi beklager feilen.<\/p>\n","protected":false},"excerpt":{"rendered":"\u2013 Utgangspunktet for Norge m\u00e5 v\u00e6re at alle har like muligheter uavhengig av bakgrunn. Da kan ikke ulikhetene&hellip;\n","protected":false},"author":2,"featured_media":127029,"comment_status":"","ping_status":"","sticky":false,"template":"","format":"standard","meta":{"footnotes":""},"categories":[5],"tags":[20,21,24,25,15,19,22,23,17,18,13,30,28,29,14,16,26,27],"class_list":{"0":"post-127028","1":"post","2":"type-post","3":"status-publish","4":"format-standard","5":"has-post-thumbnail","7":"category-overskrifter","8":"tag-breaking-news","9":"tag-breakingnews","10":"tag-featured-news","11":"tag-featurednews","12":"tag-headlines","13":"tag-hovedoppslag","14":"tag-latest-news","15":"tag-latestnews","16":"tag-main-news","17":"tag-mainnews","18":"tag-news","19":"tag-no","20":"tag-norge","21":"tag-norway","22":"tag-nyheter","23":"tag-overskrifter","24":"tag-top-stories","25":"tag-topstories"},"share_on_mastodon":{"url":"https:\/\/pubeurope.com\/@no\/115825587222094131","error":""},"_links":{"self":[{"href":"https:\/\/www.europesays.com\/no\/wp-json\/wp\/v2\/posts\/127028","targetHints":{"allow":["GET"]}}],"collection":[{"href":"https:\/\/www.europesays.com\/no\/wp-json\/wp\/v2\/posts"}],"about":[{"href":"https:\/\/www.europesays.com\/no\/wp-json\/wp\/v2\/types\/post"}],"author":[{"embeddable":true,"href":"https:\/\/www.europesays.com\/no\/wp-json\/wp\/v2\/users\/2"}],"replies":[{"embeddable":true,"href":"https:\/\/www.europesays.com\/no\/wp-json\/wp\/v2\/comments?post=127028"}],"version-history":[{"count":0,"href":"https:\/\/www.europesays.com\/no\/wp-json\/wp\/v2\/posts\/127028\/revisions"}],"wp:featuredmedia":[{"embeddable":true,"href":"https:\/\/www.europesays.com\/no\/wp-json\/wp\/v2\/media\/127029"}],"wp:attachment":[{"href":"https:\/\/www.europesays.com\/no\/wp-json\/wp\/v2\/media?parent=127028"}],"wp:term":[{"taxonomy":"category","embeddable":true,"href":"https:\/\/www.europesays.com\/no\/wp-json\/wp\/v2\/categories?post=127028"},{"taxonomy":"post_tag","embeddable":true,"href":"https:\/\/www.europesays.com\/no\/wp-json\/wp\/v2\/tags?post=127028"}],"curies":[{"name":"wp","href":"https:\/\/api.w.org\/{rel}","templated":true}]}}