{"id":127030,"date":"2026-01-02T12:49:07","date_gmt":"2026-01-02T12:49:07","guid":{"rendered":"https:\/\/www.europesays.com\/no\/127030\/"},"modified":"2026-01-02T12:49:07","modified_gmt":"2026-01-02T12:49:07","slug":"kommentar-premier-league-med-martin-odegaard-pa-vei-mot-toppformen-kan-det-endelig-vaere-arsenals-tur-vg","status":"publish","type":"post","link":"https:\/\/www.europesays.com\/no\/127030\/","title":{"rendered":"(+) Kommentar: Premier League: Med Martin \u00d8degaard p\u00e5 vei mot toppformen kan det endelig v\u00e6re Arsenals tur. &#8211; VG"},"content":{"rendered":"<ol>\n<li><a href=\"https:\/\/news.google.com\/rss\/articles\/CBMixAFBVV95cUxOVUxSaTJ5R2RMZ1B3ZlhVWEtGZE1aVW03OGVhYWtUYXcycjFESU5SdnJfZmdvZDhLM3ZYak5VRmlPQ2hwbDdtQjN2djNsdkV4U1V5OEtPVFF5NGZLdDNlZjQyek4xTmFlTUFNTnVkbmU3TURRd25GeGlEdGVTWmlzSzdGYV9VdG4xdW1TYkN3ZjRkY3FnZ3B5OXZTWmtwXy1jSTVMV3BWLVkwR1pYQlJIa2lHTnZ4bmlDSzJXS3JjUFJWdG05?oc=5\" target=\"_blank\" rel=\"nofollow noopener\">(+) Kommentar: Premier League: Med Martin \u00d8degaard p\u00e5 vei mot toppformen kan det endelig v\u00e6re Arsenals tur.<\/a>&nbsp;&nbsp;VG<\/li>\n<li><a href=\"https:\/\/news.google.com\/rss\/articles\/CBMia0FVX3lxTE5pNVZLMUVya0VmTUR1azVWZC1hT0VoamU4RC1LaHE2M1hIOWVXQ1J5NWo5M3ZPWHFuU1FpYVpKa3MwaExmaktaUzZBYndpLVZYdEJRNW1qWm9IQkI4cFJmcVg3dWVMTEd6MV9V?oc=5\" target=\"_blank\" rel=\"nofollow noopener\">Godt nytt for Norge<\/a>&nbsp;&nbsp;Dagbladet<\/li>\n<li><a href=\"https:\/\/news.google.com\/rss\/articles\/CBMibEFVX3lxTE42OGd2SmZ5VDhTUksyZXJ5YXpBbl9QNnhZa1ZxeG9QbzM1SzRMN3RDYkFVcy1NaWtwRDlPMXBITm1MSHZFaWIwVHRjd0ZDWlVKbFJMVUlLczAyNU8xLU5MMHNmcUVrYzU1am9Vdw?oc=5\" target=\"_blank\" rel=\"nofollow noopener\">Forduftet: Ble konfrontert<\/a>&nbsp;&nbsp;TV2.no<\/li>\n<li><a href=\"https:\/\/news.google.com\/rss\/articles\/CBMiZkFVX3lxTE5wWFQ3MldrMkNtS2xqSzdpOUNCVHQ1REZIYU1FdF9jZHB6b1dvRTNxelhBWjMyVXhBTVQwQmVYZjdjdDJ6dVNoa1gzRkRvd1ZEU2tSYUtqZFUzYnY5elMwUlhiYzlIQQ?oc=5\" target=\"_blank\" rel=\"nofollow noopener\">Sportsstudio &#8211; Villa-sjefen takket ikke Arteta for kampen etter kjempesmellen: \u2013 Det var kaldt<\/a>&nbsp;&nbsp;Stavanger Aftenblad<\/li>\n<li><a href=\"https:\/\/news.google.com\/rss\/articles\/CBMiqAFBVV95cUxPQnljU21TYUZGQlN1SDhLTUpjYkozclJsZHVkZlg3akJ3QVVXOXZERkZLUUVMWmE1QzZXb1Y3WUZxRXhmNV9JNmJBdFZwRXJhU1hLNUl1NS1jS1pLNmUtOEItSE1HV0dlNUlHcXBYMTlucUtXOUk5OTNucDJEWkp4UjY2TGhMWk5YMU1aMXZ2NHZBbkUtNGhPcUNYOG45Zm41c05zOXk3YjM?oc=5\" target=\"_blank\" rel=\"nofollow noopener\">\u00d8degaard-assist i toppkampen mot Aston Villa: \u2013 Kampens \u00f8yeblikk<\/a>&nbsp;&nbsp;Aftenposten<\/li>\n<\/ol>\n","protected":false},"excerpt":{"rendered":"(+) Kommentar: Premier League: Med Martin \u00d8degaard p\u00e5 vei mot toppformen kan det endelig v\u00e6re Arsenals tur.&nbsp;&nbsp;VG Godt&hellip;\n","protected":false},"author":2,"featured_media":127031,"comment_status":"","ping_status":"","sticky":false,"template":"","format":"standard","meta":{"footnotes":""},"categories":[59],"tags":[2216,810,92,671,181,30,28,29,161,83,82],"class_list":{"0":"post-127030","1":"post","2":"type-post","3":"status-publish","4":"format-standard","5":"has-post-thumbnail","7":"category-sport","8":"tag-arsenal-fc","9":"tag-erling-braut-haaland","10":"tag-fotball","11":"tag-manchester-city","12":"tag-martin-odegaard","13":"tag-no","14":"tag-norge","15":"tag-norway","16":"tag-premier-league","17":"tag-sport","18":"tag-sports"},"share_on_mastodon":{"url":"https:\/\/pubeurope.com\/@no\/115825591108194699","error":""},"_links":{"self":[{"href":"https:\/\/www.europesays.com\/no\/wp-json\/wp\/v2\/posts\/127030","targetHints":{"allow":["GET"]}}],"collection":[{"href":"https:\/\/www.europesays.com\/no\/wp-json\/wp\/v2\/posts"}],"about":[{"href":"https:\/\/www.europesays.com\/no\/wp-json\/wp\/v2\/types\/post"}],"author":[{"embeddable":true,"href":"https:\/\/www.europesays.com\/no\/wp-json\/wp\/v2\/users\/2"}],"replies":[{"embeddable":true,"href":"https:\/\/www.europesays.com\/no\/wp-json\/wp\/v2\/comments?post=127030"}],"version-history":[{"count":0,"href":"https:\/\/www.europesays.com\/no\/wp-json\/wp\/v2\/posts\/127030\/revisions"}],"wp:featuredmedia":[{"embeddable":true,"href":"https:\/\/www.europesays.com\/no\/wp-json\/wp\/v2\/media\/127031"}],"wp:attachment":[{"href":"https:\/\/www.europesays.com\/no\/wp-json\/wp\/v2\/media?parent=127030"}],"wp:term":[{"taxonomy":"category","embeddable":true,"href":"https:\/\/www.europesays.com\/no\/wp-json\/wp\/v2\/categories?post=127030"},{"taxonomy":"post_tag","embeddable":true,"href":"https:\/\/www.europesays.com\/no\/wp-json\/wp\/v2\/tags?post=127030"}],"curies":[{"name":"wp","href":"https:\/\/api.w.org\/{rel}","templated":true}]}}