{"id":127032,"date":"2026-01-02T12:53:14","date_gmt":"2026-01-02T12:53:14","guid":{"rendered":"https:\/\/www.europesays.com\/no\/127032\/"},"modified":"2026-01-02T12:53:14","modified_gmt":"2026-01-02T12:53:14","slug":"slik-forventer-ekspertene-at-den-sikkerhetspolitiske-situasjonen-blir-i-2026","status":"publish","type":"post","link":"https:\/\/www.europesays.com\/no\/127032\/","title":{"rendered":"Slik forventer ekspertene at den sikkerhetspolitiske situasjonen blir i 2026"},"content":{"rendered":"<p class=\"kicker t15 font-weight-bold m-font-weight-bold color_mobile_no_bg_color quaternary color_mobile_quaternary font-Trim text-case-transform-upper mobile-hasTextPadding\" style=\"\">Nyheter<\/p>\n<p>    Rivalisering mellom USA og Kina, mulig v\u00e5penhvile i Ukraina og valg i Ungarn. Dette forventer ekspertene av \u00e5ret som kommer.\u00a0<\/p>\n<p>\n        MULIG FREDSAVTALE: N\u00e5r det kommer til Europa, er krigen i Ukraina en stor del av sikkerhetspolitikken. Kan det bli en fredsavtale i 2026?<br \/>\n        Foto: Hedvig id\u00e5s, Forsvarets Forum\n    <\/p>\n<p>2026 st\u00e5r for tur, og ekspertene har kommet med sine forventninger til hvordan den sikkerhetspolitiske situasjonen vil se ut, b\u00e5de i Europa og resten av verden.\u00a0<\/p>\n<p>Kina og USA<\/p>\n<p>\u00d8ystein Tunsj\u00f8, professor ved Institutt for forsvarsstudier, forventer mer av det samme i \u00e5ret som kommer.\u00a0<\/p>\n<p>\u2013 Akkurat n\u00e5 foreg\u00e5r det en ganske stor milit\u00e6r\u00f8velse rundt Taiwan. Dette er en form for gradvis opptrapping, som vi har sett siden august 2022, sier han.\u00a0<\/p>\n<p>Tunsj\u00f8 forventer at Kina vil bli enda mektigere.\u00a0<\/p>\n<p>\u2013 Kina vil utfordre USA mer og mer, og ikke minst sine regionale naboland ogs\u00e5, som Japan, Taiwan og Filippinene.\u00a0<\/p>\n<p>Det viktigste som skjer i verden med tanke p\u00e5 sikkerhetspolitikk, er rivaliseringen mellom USA og Kina, if\u00f8lge Tunsj\u00f8.\u00a0<\/p>\n<p>\u2013 Rivaliseringen vil fortsette, kanskje trappes opp. Og siden USA er opptatt med Kina, m\u00e5 Europa h\u00e5ndtere Russland mer p\u00e5 egen h\u00e5nd. Europa m\u00e5 ta st\u00f8rre ansvar for eget forsvar og sikkerhet, som er hovedgrunnen til at vi m\u00e5 ruste opp, sier han.\u00a0<\/p>\n<p>                <img decoding=\"async\" src=\"https:\/\/www.europesays.com\/no\/wp-content\/uploads\/2026\/01\/475252.webp.jpeg\" width=\"480\" height=\"322\" title=\"FORVENTNINGER: \u00d8ystein Tunsj\u00f8 er professor ved Institutt for forsvarsstudier. N\u00e5r det gjelder den sikkerhetspolitiske situasjonen i \u00e5ret som kommer, s\u00e5 trekker han fram rivaliseringen mellom USA og Kina.\" alt=\"\" loading=\"lazy\" style=\"\"\/><\/p>\n<p>\n            FORVENTNINGER: \u00d8ystein Tunsj\u00f8 er professor ved Institutt for forsvarsstudier. N\u00e5r det gjelder den sikkerhetspolitiske situasjonen i \u00e5ret som kommer, s\u00e5 trekker han fram rivaliseringen mellom USA og Kina.<br \/>\n            Foto: Henrik Sata\u00f8en, Forsvarets forum\n        <\/p>\n<p>N\u00e5r det kommer til krigen i Ukraina, mener Tunsj\u00f8 at det er mulig tilstandene kan endres i 2026.\u00a0<\/p>\n<p>\u2013 Hvis jeg skal gjette, s\u00e5 er det ikke helt usannsynlig at vi f\u00e5r en form for v\u00e5penstillstand eller fredsavtale i Ukraina, men som ikke vil endre situasjonen i Europa s\u00e5 mye egentlig, sier professoren.\u00a0<\/p>\n<p>Valg i Ungarn<\/p>\n<p>Karsten Friis, statsviter og forsker ved Norsk Utenrikspolitisk Institutt (Nupi), er enig med Tunsj\u00f8: det blir mer av det samme.\u00a0<\/p>\n<p>\u2013 Russland vil fortsette krigf\u00f8ringen mot Ukraina. Dersom kombinasjonen av sanksjoner, v\u00e5penst\u00f8tte til Ukraina, og politisk press fra USA \u00f8ker, er det h\u00e5p for forhandlingene. Ellers ikke, skriver Friis til Forsvarets forum i en melding.\u00a0<\/p>\n<p>Videre skriver han at USA vil sende blandede signaler til Europa, fra sterk kritikk av Europa til full Nato-lojalitet.\u00a0<\/p>\n<p>                <img decoding=\"async\" src=\"https:\/\/www.europesays.com\/no\/wp-content\/uploads\/2026\/01\/447721.webp.jpeg\" width=\"480\" height=\"322\" title=\"BLANDEDE SIGNALER: Karsten Friis er forsker ved NUPI, og han forventer at Europa vil se blandede signaler fra USA i \u00e5ret som kommer.\" alt=\"\" loading=\"lazy\" style=\"\"\/><\/p>\n<p>\n            BLANDEDE SIGNALER: Karsten Friis er forsker ved NUPI, og han forventer at Europa vil se blandede signaler fra USA i \u00e5ret som kommer.<br \/>\n            Foto: Maria J\u00f8lle, Forsvarets forum\n        <\/p>\n<p>\u2013\u00a0P\u00e5 milit\u00e6rt niv\u00e5 vil man nok ikke se s\u00e5 mye endring i Europa, forel\u00f8pig i alle fall. Europa vil ytterligere styrke sine ulike politiske fora for sikkerhetspolitikk, og den milit\u00e6re opprustningen vil f\u00e5 mer fart, skriver han videre.\u00a0<\/p>\n<p>Friis trekker fram Tyskland, som vil bli en motor og \u00f8ke sin politiske makt. Men Ungarn vil ogs\u00e5 v\u00e6re viktig for den sikkerhetspolitiske situasjonen i Europa.\u00a0<\/p>\n<p>\u2013\u00a0Valget i Ungarn i april blir viktig ogs\u00e5 sikkerhetspolitisk. Skulle Orban tape, vil det gi en boost for sentrumspartiene i Europa, og for EU som et sikkerhetspolitisk organ, skriver Friis.\u00a0<\/p>\n<p>Preget av usikkerhet<\/p>\n<p>Det er lite som tyder p\u00e5 at den sikkerhetspolitiske situasjonen vil bedre seg i 2026, if\u00f8lge Nina Gr\u00e6ger, professor i internasjonal politikk og direkt\u00f8r for Institutt for fredsforskning (Prio).\u00a0<\/p>\n<p>\u2013 I tillegg til krig og kriser, har vi handelskrig og proteksjonisme, samt oppl\u00f8sning av\u00a0normer og institusjoner. Vi ser en geopolitisk rivalisering og stormakter som tar\u00a0seg til rette i sin egen \u00abbakg\u00e5rd\u00bb. USAs politiske og milit\u00e6re press mot Venezuela og\u00a0Kinas retorikk og politikk overfor Taiwan er eksempler p\u00e5 dette, skriver Gr\u00e6ger i en e-post.<\/p>\n<p>N\u00e5r det kommer til Europa, forventer Gr\u00e6ger at situasjonen vil v\u00e6re preget av usikkerhet.\u00a0<\/p>\n<p>\u2013\u00a0Europas\u00a0\u00absikkerhetspolitiske frikvarter\u00bb er over, ikke bare p\u00e5 grunn av Russland, men ogs\u00e5 USAs nye linje overfor allierte: USA har vendt Europa og det transatlantiske\u00a0samarbeidet ryggen. Europa er \u00abalene hjemme\u00bb, og vil fortsette \u00e5 ruste opp, skriver professoren.\u00a0<\/p>\n<p>                <img decoding=\"async\" src=\"https:\/\/www.europesays.com\/no\/wp-content\/uploads\/2026\/01\/475273.webp.jpeg\" width=\"480\" height=\"351\" title=\"SIKKERHETSSTRATEGI: Nina Gr\u00e6ger er professor i internasjonal politikk og direkt\u00f8r for Institutt for fredsforskning (PRIO). Hun mener USAs nye sikkerhetsstrategi vil prege den sikkerhetspolitiske situasjonen i 2026.\" alt=\"\" loading=\"lazy\" style=\"\"\/><\/p>\n<p>\n            SIKKERHETSSTRATEGI: Nina Gr\u00e6ger er professor i internasjonal politikk og direkt\u00f8r for Institutt for fredsforskning (PRIO). Hun mener USAs nye sikkerhetsstrategi vil prege den sikkerhetspolitiske situasjonen i 2026.<br \/>\n            Foto: Helle Moos, Prio\n        <\/p>\n<p>\u2013 USAs nye sikkerhetsstrategi er dessuten klar tale: Trump-administrasjonen mener\u00a0at Europa er p\u00e5 feil politisk kurs og vil \u00e5pent st\u00f8tte politiske krefter som fremmer\u00a0Trump og MAGA-bevegelsens ideologiske verdisett, legger Gr\u00e6ger til.\u00a0<\/p>\n<p>Russlands krig mot\u00a0Ukraina g\u00e5r inn i sitt fjerde \u00e5r, og hvis det skal bli varig fred i Ukraina, m\u00e5 partene bli enige om en avtale som begge anser som rettferdig, if\u00f8lge Gr\u00e6ger.\u00a0Men dette forventer hun at kan\u00a0ta lang tid,\u00a0hvis en rettferdig fred i det hele tatt kan oppn\u00e5s.\u00a0<\/p>\n<p>\u2013 Man kan ogs\u00e5 se\u00a0for seg at det kan bli en frossen konflikt, ikke minst p\u00e5 grunn av uenigheten om hvilke\u00a0territorier Ukraina skal avst\u00e5 til Russland, skriver hun.\u00a0<\/p>\n<p>Gr\u00e6ger forventer at det vil bli forhandlet fram en fredsavtale i Ukraina, men en v\u00e5penhvile virker\u00a0langt unna\u00a0for \u00f8yeblikket.\u00a0<\/p>\n<p>\u2013 En endelig fredsavtale for Ukraina vil gi et viktig signal til Europa, og til potensielle\u00a0fremtidige angripere, om hvordan USA vil forholde seg til denne type aggresjon mot\u00a0selvstendige land, enten fra Russland eller andre land, skriver hun.\u00a0<\/p>\n<p>Gr\u00e6ger utdyper:\u00a0<\/p>\n<p>\u2013 Dette handler om\u00a0betydningen av internasjonale spilleregler, folkeretten og i siste ende om USAs\u00a0forhold til sine allierte.<\/p>\n","protected":false},"excerpt":{"rendered":"Nyheter Rivalisering mellom USA og Kina, mulig v\u00e5penhvile i Ukraina og valg i Ungarn. Dette forventer ekspertene av&hellip;\n","protected":false},"author":2,"featured_media":127033,"comment_status":"","ping_status":"","sticky":false,"template":"","format":"standard","meta":{"footnotes":""},"categories":[12],"tags":[20,21,24,25,15,22,23,13,30,28,29,14,16,26,27,42,43,44,45],"class_list":{"0":"post-127032","1":"post","2":"type-post","3":"status-publish","4":"format-standard","5":"has-post-thumbnail","7":"category-verden","8":"tag-breaking-news","9":"tag-breakingnews","10":"tag-featured-news","11":"tag-featurednews","12":"tag-headlines","13":"tag-latest-news","14":"tag-latestnews","15":"tag-news","16":"tag-no","17":"tag-norge","18":"tag-norway","19":"tag-nyheter","20":"tag-overskrifter","21":"tag-top-stories","22":"tag-topstories","23":"tag-verden","24":"tag-world","25":"tag-world-news","26":"tag-worldnews"},"share_on_mastodon":{"url":"https:\/\/pubeurope.com\/@no\/115825606948933117","error":""},"_links":{"self":[{"href":"https:\/\/www.europesays.com\/no\/wp-json\/wp\/v2\/posts\/127032","targetHints":{"allow":["GET"]}}],"collection":[{"href":"https:\/\/www.europesays.com\/no\/wp-json\/wp\/v2\/posts"}],"about":[{"href":"https:\/\/www.europesays.com\/no\/wp-json\/wp\/v2\/types\/post"}],"author":[{"embeddable":true,"href":"https:\/\/www.europesays.com\/no\/wp-json\/wp\/v2\/users\/2"}],"replies":[{"embeddable":true,"href":"https:\/\/www.europesays.com\/no\/wp-json\/wp\/v2\/comments?post=127032"}],"version-history":[{"count":0,"href":"https:\/\/www.europesays.com\/no\/wp-json\/wp\/v2\/posts\/127032\/revisions"}],"wp:featuredmedia":[{"embeddable":true,"href":"https:\/\/www.europesays.com\/no\/wp-json\/wp\/v2\/media\/127033"}],"wp:attachment":[{"href":"https:\/\/www.europesays.com\/no\/wp-json\/wp\/v2\/media?parent=127032"}],"wp:term":[{"taxonomy":"category","embeddable":true,"href":"https:\/\/www.europesays.com\/no\/wp-json\/wp\/v2\/categories?post=127032"},{"taxonomy":"post_tag","embeddable":true,"href":"https:\/\/www.europesays.com\/no\/wp-json\/wp\/v2\/tags?post=127032"}],"curies":[{"name":"wp","href":"https:\/\/api.w.org\/{rel}","templated":true}]}}