{"id":127042,"date":"2026-01-02T13:01:23","date_gmt":"2026-01-02T13:01:23","guid":{"rendered":"https:\/\/www.europesays.com\/no\/127042\/"},"modified":"2026-01-02T13:01:23","modified_gmt":"2026-01-02T13:01:23","slug":"de-som-faktisk-truer-norge","status":"publish","type":"post","link":"https:\/\/www.europesays.com\/no\/127042\/","title":{"rendered":"De som faktisk truer Norge"},"content":{"rendered":"<p>\n        USAs president Donald Trump og Russlands leder Vladimir Putin m\u00f8ttes i Alaska i fjor h\u00f8st. De to utgj\u00f8r en langt st\u00f8rre trussel mot Norge enn \u00abindre fiender\u00bb, skriver Eivind Tr\u00e6dal.<br \/>\n        FOTO: Andrew Caballero-Reynolds \/ NTB\n    <\/p>\n<p class=\"kicker t30 tertiary color_mobile_tertiary\" style=\"\">Kommentar<\/p>\n<p>    Det er ikke hjemmehjelpen Fatima eller bussj\u00e5f\u00f8ren Mohamed som undergraver nasjonen v\u00e5r, men utenlandske oligarker og autorit\u00e6re ledere.<\/p>\n<p> Dette er en kommentar. Holdninger og meninger i teksten st\u00e5r for skribentens regning.<\/p>\n<p>Det har bl\u00e5st en kald vind gjennom romjula. Juleferien startet med en svulstig salve reaksjon\u00e6r retorikk fra Asle Toje\u00a0<a href=\"https:\/\/www.aftenposten.no\/meninger\/debatt\/i\/8pmm5G\/asle-toje-vil-norge-overleve-det-som-kommer\" rel=\"nofollow noopener\" target=\"_blank\">p\u00e5 kronikkplass i Aftenposten<\/a>. Toje spekulerte i om Trump-administrasjonen ikke egentlig har rett i at Europa st\u00e5r overfor sivilisatorisk kollaps. Han mener at det norske \u00abskjebnefellesskapet\u00bb er truet av (blant annet) \u00abveksthusdyrkingen\u00a0av selvopptatte minoriteter\u00bb og \u00abeliter som synes \u00e5 ha glemt hvem de representerer\u00bb, og at \u00f8konomien g\u00e5r ad undas, uten \u00e5 belegge noen av de svulstige frasene med fakta.\u00a0<\/p>\n<p>Toje virker p\u00e5fallende lite bekymret for de reelle og akutte\u00a0ytre\u00a0truslene v\u00e5r nasjon st\u00e5r overfor. \u00abSp\u00f8rsm\u00e5let er ikke hva som truer oss utenfra\u00bb, hevder han i forbifarten, mens Putin truer i \u00f8st og Trump truer i vest. Virkelig? Hvordan kan dette ikke v\u00e6re sp\u00f8rsm\u00e5let? Europa jobber p\u00e5 spreng for \u00e5 ruste opp mot Russland i frav\u00e6ret av en troverdig sikkerhetsgaranti fra USA. President Trump baserer sine utenrikspolitiske vurderinger p\u00e5 telefonsamtaler med Putin, og signaliserer nok en gang han vil annektere Gr\u00f8nland. I denne situasjonen mener alts\u00e5 Toje at vi m\u00e5 vende blikket innover.<\/p>\n<p>            Den som leter etter eksempler p\u00e5 vestlig samfunnskollaps, vil finne flere av dem i dagens Russland eller dagens USA enn i Europa.<\/p>\n<p>Toje er ikke alene. H\u00f8yres p\u00e5troppende nestleder Ola Svenneby\u00a0<a href=\"https:\/\/www.finansavisen.no\/politikk\/2025\/12\/23\/8315674\/svenneby-vil-fjerne-formuesskatt-men-det-gar-ikke-til-helvete-med-norsk-okonomi\" rel=\"nofollow noopener\" target=\"_blank\">gir ogs\u00e5 Trump-administrasjonen delvis rett<\/a>\u00a0i et intervju i Finansavisen og mener vi \u00abriver Europa i fillebiter fra innsiden\u00bb med innvandring. FrP har sunget den samme melodien i \u00e5revis. Norge svartmales med bred pensel, og de reaksjon\u00e6re dommedagsprofetiene kan bare unnvikes ved \u00e5 skalke lukene og lutre samfunnskroppen. Bare \u00e9n gruppe flyktninger m\u00f8tes med utbredt forst\u00e5else: skatteflyktningene som vender ryggen til Norge og reiser til Sveits.\u00a0<\/p>\n<p>Ogs\u00e5 p\u00e5 r\u00f8dgr\u00f8nn side har retorikken hardnet. B\u00e5de\u00a0<a href=\"https:\/\/klassekampen.no\/artikkel\/2025-12-30\/meiner-innvandring-trugar-velferdsstaten\" rel=\"nofollow noopener\" target=\"_blank\">Senterpartiets Trygve Slagsvold Vedum<\/a>\u00a0og\u00a0<a href=\"https:\/\/klassekampen.no\/artikkel\/2025-12-23\/venstresida-ma-skjerpe-seg\" rel=\"nofollow noopener\" target=\"_blank\">Arbeiderpartiets nestleder Tonje Brenna<\/a>\u00a0brukte romjula til \u00e5 svinge pisken over venstresida i Klassekampen. Brenna valgte \u00e5 gj\u00f8re seg til buktaler for \u00abfolk flest\u00bb, som \u00abvenstresiden\u00bb ikke forst\u00e5r seg p\u00e5, med sitt oppheng i klimapolitikk og naive holdning til kriminalitet og innvandring. Vedum langet p\u00e5 sin side ut mot \u00abde som er for fri innvandring\u00bb, en gruppe som p\u00e5 n\u00e5v\u00e6rende tidspunkt ikke er representert p\u00e5 Stortinget. Venstresiden vant valget, men FrP setter tonen for politikken, b\u00e5de politisk og retorisk.\u00a0<\/p>\n<p>\nNorge har tatt imot mange flyktninger de siste \u00e5rene etter Russlands fullskala invasjon av Ukraina. Det legger press p\u00e5 kommunebudsjetter og skaper utfordringer med integrering og bosetting. Men dette er ikke noe som ble tvunget igjennom av en p\u00e5st\u00e5tt naiv venstreside. Krigen i Ukraina skapte bred samling i norsk politikk, ogs\u00e5 for \u00e5 ta imot mennesker p\u00e5 flukt. Kanskje fordi den gjorde det krystallklart for oss hvilke trusler Norge faktisk st\u00e5r overfor.<\/p>\n<p>        <a itemprop=\"url\" class=\"\" href=\"https:\/\/www.dagsavisen.no\/kommentar\/nrk-har-mistet-selvtilliten\/10130185\" data-k5a-url=\"https:\/\/www.dagsavisen.no\/a\/10130185\" rel=\"nofollow noopener\" target=\"_blank\"><\/p>\n<p>            NRK har mistet selvtilliten<\/p>\n<p>        <\/a><\/p>\n<p>\nDet er riktig at Norge er truet. Men det er av dem som kommer i krig, ikke dem som kommer i fred. Det er ikke hjemmehjelpen Fatima eller bussj\u00e5f\u00f8ren Mohamed som undergraver nasjonen, men utenlandske oligarker og autorit\u00e6re ledere som forakter alt vi feirer p\u00e5 grunnlovsdagen. Den som leter etter eksempler p\u00e5 vestlig samfunnskollaps, vil finne flere av dem i dagens Russland eller dagens USA enn i Europa. Der forfaller alt som gj\u00f8r et samfunn sivilisert. Demokrati, rettsstat, toleranse, ytringsfrihet og andre menneskerettigheter.\u00a0<\/p>\n<p>Som professor i statsvitenskap Tore Wig\u00a0<a href=\"https:\/\/www.morgenbladet.no\/ideer\/asle-tojes-dommedagsprofeti-har-ingen-stotte-i-forskningen-pa-samfunnskollaps\/10129430\" rel=\"nofollow noopener\" target=\"_blank\">p\u00e5peker i Morgenbladet<\/a>, har Asle Tojes dommedagsprofetier lite hold i samfunnsforskningen. Tvert imot: \u00abEuropeiske liberale demokratier er de mest stabile regimene i verden siden den franske revolusjon\u00bb, skriver han. Og \u00abhvis det finnes et historisk m\u00f8nster som sier noe om sammenhengen mellom multikultur, liberalisme og sosialt, \u00f8konomisk og politisk fremskritt, er det det helt motsatte av den nasjonalkonservative dommedagsprofetien\u00bb. <\/p>\n<p>\nI USA og Russland styrer reaksjon\u00e6re eliter som dyrker \u00absplitt og hersk\u00bb. Som fremstiller humanisme og liberale verdier som svakhet, og minoriteter som suspekte indre trusler. Som forakter forskning og ekspertise, og dyrker falske forestillinger om den \u00abekte\u00bb folkeviljen, som bare de reaksjon\u00e6re elitene selv kan m\u00e5lb\u00e6re. Ikke minst forakter de den regelstyrte verdensorden som gj\u00f8r friheten og uavhengigheten til et lite land som Norge mulig. Det er de samfunnsnedbrytende reaksjon\u00e6re kreftene som er den st\u00f8rste trusselen mot sivilisasjonen slik vi kjenner den i dag.<\/p>\n<p>Disse kreftene jobber ogs\u00e5 p\u00e5 overtid med \u00e5 splitte og herske i resten av den demokratiske verden. Om vi skal tro Trump-administrasjonens nye sikkerhetsstrategi st\u00e5r amerikansk utenrikstjeneste klare til \u00e5 slutte rekkene med russisk etterretning for \u00e5 styrke isolasjonistiske, reaksjon\u00e6re og autorit\u00e6re krefter i Europa. De vil at vi skal vende blikket innover, mistro v\u00e5re \u00abillegitime\u00bb demokratiske eliter, og gj\u00f8re innvandrere og minoriteter til syndebukker.<\/p>\n<p>For at de ikke skal lykkes, kreves \u00e5rv\u00e5kenhet, solidaritet, toleranse og samhold. Og selvtillit p\u00e5 vegne av de idealene og verdiene som faktisk binder nordmenn sammen, uansett hvor vi er f\u00f8dt eller hva vi tror p\u00e5.<\/p>\n<p class=\"italic m-italic\" data-lab-italic=\"italic\">F\u00e5 nyhetsbrev fra Dagsavisen. Meld deg p\u00e5\u00a0<a href=\"https:\/\/www.dagsavisen.no\/om-dagsavisen\/2023\/12\/20\/fa-daglig-nyhetsbrev\/\" rel=\"nofollow noopener\" target=\"_blank\">her<\/a>!<\/p>\n","protected":false},"excerpt":{"rendered":"USAs president Donald Trump og Russlands leder Vladimir Putin m\u00f8ttes i Alaska i fjor h\u00f8st. De to utgj\u00f8r&hellip;\n","protected":false},"author":2,"featured_media":127043,"comment_status":"","ping_status":"","sticky":false,"template":"","format":"standard","meta":{"footnotes":""},"categories":[10],"tags":[20,21,24,25,15,22,23,13,30,28,29,14,16,26,27],"class_list":{"0":"post-127042","1":"post","2":"type-post","3":"status-publish","4":"format-standard","5":"has-post-thumbnail","7":"category-norge","8":"tag-breaking-news","9":"tag-breakingnews","10":"tag-featured-news","11":"tag-featurednews","12":"tag-headlines","13":"tag-latest-news","14":"tag-latestnews","15":"tag-news","16":"tag-no","17":"tag-norge","18":"tag-norway","19":"tag-nyheter","20":"tag-overskrifter","21":"tag-top-stories","22":"tag-topstories"},"share_on_mastodon":{"url":"https:\/\/pubeurope.com\/@no\/115825638429155610","error":""},"_links":{"self":[{"href":"https:\/\/www.europesays.com\/no\/wp-json\/wp\/v2\/posts\/127042","targetHints":{"allow":["GET"]}}],"collection":[{"href":"https:\/\/www.europesays.com\/no\/wp-json\/wp\/v2\/posts"}],"about":[{"href":"https:\/\/www.europesays.com\/no\/wp-json\/wp\/v2\/types\/post"}],"author":[{"embeddable":true,"href":"https:\/\/www.europesays.com\/no\/wp-json\/wp\/v2\/users\/2"}],"replies":[{"embeddable":true,"href":"https:\/\/www.europesays.com\/no\/wp-json\/wp\/v2\/comments?post=127042"}],"version-history":[{"count":0,"href":"https:\/\/www.europesays.com\/no\/wp-json\/wp\/v2\/posts\/127042\/revisions"}],"wp:featuredmedia":[{"embeddable":true,"href":"https:\/\/www.europesays.com\/no\/wp-json\/wp\/v2\/media\/127043"}],"wp:attachment":[{"href":"https:\/\/www.europesays.com\/no\/wp-json\/wp\/v2\/media?parent=127042"}],"wp:term":[{"taxonomy":"category","embeddable":true,"href":"https:\/\/www.europesays.com\/no\/wp-json\/wp\/v2\/categories?post=127042"},{"taxonomy":"post_tag","embeddable":true,"href":"https:\/\/www.europesays.com\/no\/wp-json\/wp\/v2\/tags?post=127042"}],"curies":[{"name":"wp","href":"https:\/\/api.w.org\/{rel}","templated":true}]}}