{"id":127046,"date":"2026-01-02T13:03:08","date_gmt":"2026-01-02T13:03:08","guid":{"rendered":"https:\/\/www.europesays.com\/no\/127046\/"},"modified":"2026-01-02T13:03:08","modified_gmt":"2026-01-02T13:03:08","slug":"casper-ruud-har-giftet-seg","status":"publish","type":"post","link":"https:\/\/www.europesays.com\/no\/127046\/","title":{"rendered":"Casper Ruud har giftet seg"},"content":{"rendered":"\n<p class=\"_lead_o9xde_2 _lead_xtcu6_50 layout-component text-serif-m layout-normal text-serif-l layout-component layout-wide layout-padded _wide_17hqh_1 layout-padded\">Tennisstjernen formelt giftet seg med Maria Galligani.<\/p>\n<p><img alt=\"Paret under Madrid Open i starten av mai 2025 der han tok sin aller f\u00f8rste tittel p\u00e5 ATP 1000-niv\u00e5. Foto: Isabel Infantes \/ Reuters \/ NTB\" class=\"_image_qp4xg_65 layout-component layout-wide\" data-fullscreen- data-track-element-type=\"Article image fullscreen\" data-track-name=\"ImageFullscreen\" fetchpriority=\"high\" decoding=\"sync\" loading=\"eager\" height=\"1080\" itemprop=\"image\"  src=\"https:\/\/www.europesays.com\/no\/wp-content\/uploads\/2026\/01\/0390c13e-a8ee-4720-88e3-3dda5cf28376.jpeg\"  style=\"object-position:0% 0%\" width=\"1493\"\/>Paret under Madrid Open i starten av mai 2025 der han tok sin aller f\u00f8rste tittel p\u00e5 ATP 1000-niv\u00e5. Foto: Isabel Infantes \/ Reuters \/ NTB<\/p>\n<ul aria-hidden=\"true\" class=\"_images_ntbth_112\">\n<li><a class=\"_link_ntbth_117\" href=\"https:\/\/www.vg.no\/forfatter\/mads-thygesen\" style=\"z-index:2\" title=\"Mads Thygesen\" rel=\"nofollow noopener\" target=\"_blank\"><img alt=\"Bilde av Mads Thygesen\" class=\"_image_ntbth_93\" fetchpriority=\"low\" loading=\"lazy\" decoding=\"async\" itemprop=\"image\"  src=\"https:\/\/www.europesays.com\/no\/wp-content\/uploads\/2026\/01\/d82576b6-c31c-43fc-a223-28ce8745295c.jpeg\"  width=\"480\"\/><\/a><\/li>\n<li><a class=\"_link_ntbth_117\" href=\"https:\/\/www.vg.no\/forfatter\/eline-rustad-oestmoe\" style=\"z-index:1\" title=\"Eline Rustad \u00d8stmoe\" rel=\"nofollow noopener\" target=\"_blank\"><img alt=\"Bilde av Eline Rustad \u00d8stmoe\" class=\"_image_ntbth_93\" fetchpriority=\"low\" loading=\"lazy\" decoding=\"async\" itemprop=\"image\"  src=\"https:\/\/www.europesays.com\/no\/wp-content\/uploads\/2026\/01\/1767358988_349_3bf80b5d-24fb-4d03-bfe4-7dc57ed1aea3.png\"  width=\"480\"\/><\/a><\/li>\n<\/ul>\n<p> Oppdatert fredag 2. januar kl. 13:57     <\/p>\n<p class=\"_paragraph_o9xde_4 _paragraph_xtcu6_10 layout-component text-serif-m layout-normal text-serif-m layout-padded\">Det kommer frem i folkeregisteret, og bekreftes av hans manager og tante Tina Falster til VG. <\/p>\n<p class=\"_paragraph_o9xde_4 _paragraph_xtcu6_10 layout-component text-serif-m layout-normal text-serif-m layout-padded\">Hun forteller at de har giftet seg formelt, men at selve bryllupsfeiringen skal skje p\u00e5 en senere tidspunkt og at paret ikke \u00f8nsker de ikke oppmerksomhet rundt dette.<\/p>\n<p class=\"_paragraph_o9xde_4 _paragraph_xtcu6_10 layout-component text-serif-m layout-normal text-serif-m layout-padded\">Paret ble forlovet i november i 2024. <\/p>\n<p class=\"_paragraph_o9xde_4 _paragraph_xtcu6_10 layout-component text-serif-m layout-normal text-serif-m layout-padded\">\u2013 Jeg kan ikke vente p\u00e5 \u00e5 gifte meg med deg, skrev Ruud p\u00e5 Instagram den gang. <\/p>\n<p class=\"_paragraph_o9xde_4 _paragraph_xtcu6_10 layout-component text-serif-m layout-normal text-serif-m layout-padded\">\u2013 Livets letteste ja, svarte hun. <\/p>\n<p class=\"_paragraph_o9xde_4 _paragraph_xtcu6_10 layout-component text-serif-m layout-normal text-serif-m layout-padded\">Paret offentliggjorde forholdet tilbake i 2018. <\/p>\n<p class=\"_paragraph_o9xde_4 _paragraph_xtcu6_10 layout-component text-serif-m layout-normal text-serif-m layout-padded\">Galligani er ofte \u00e5 se p\u00e5 sidelinjen under Ruuds tenniskamper, og har v\u00e6rt \u00e5 se i b\u00e5de Spania, USA og i \u00d8sterrike \u2013 ofte sammen med resten av Ruuds familie.<\/p>\n<p class=\"_paragraph_o9xde_4 _paragraph_xtcu6_10 layout-component text-serif-m layout-normal text-serif-m layout-padded\">Hun har tatt en master i psykologi. Den tok hun i 2022 ved Syddansk Universitet, if\u00f8lg<a href=\"https:\/\/people.com\/sports\/who-is-maria-galligani-casper-ruud\/?utm_source=sdrn%3Avg%3Aarticle%3AWRWxka\" class=\"_link_o9xde_39\" rel=\"nofollow noopener\" target=\"_blank\">e Peoples<\/a>.<\/p>\n<p class=\"_paragraph_o9xde_4 _paragraph_xtcu6_10 layout-component text-serif-m layout-normal text-serif-m layout-padded\">Tennisstjernen og Maria Galligani <a href=\"https:\/\/www.vg.no\/sport\/i\/bmEWmq\/casper-ruud-skal-bli-far\" data-track-element-type=\"Link\" data-track-id=\"link:bmEWmq\" class=\"_link_o9xde_39\" rel=\"nofollow noopener\" target=\"_blank\">skal ogs\u00e5 bli foreldre.<\/a> Den nyheten delte de p\u00e5 Instagram i September i fjor. <\/p>\n<p class=\"_paragraph_o9xde_4 _paragraph_xtcu6_10 layout-component text-serif-m layout-normal text-serif-m layout-padded\">\u00abLaget vokser\u00bb, skriver Ruud i innlegget p\u00e5 Instagram og fortsetter: \u00abSees neste \u00e5r, babygirl\u00bb.<\/p>\n","protected":false},"excerpt":{"rendered":"Tennisstjernen formelt giftet seg med Maria Galligani. Paret under Madrid Open i starten av mai 2025 der han&hellip;\n","protected":false},"author":2,"featured_media":127047,"comment_status":"","ping_status":"","sticky":false,"template":"","format":"standard","meta":{"footnotes":""},"categories":[59],"tags":[908,30,28,29,83,82,909],"class_list":{"0":"post-127046","1":"post","2":"type-post","3":"status-publish","4":"format-standard","5":"has-post-thumbnail","7":"category-sport","8":"tag-casper-ruud","9":"tag-no","10":"tag-norge","11":"tag-norway","12":"tag-sport","13":"tag-sports","14":"tag-tennis"},"share_on_mastodon":{"url":"https:\/\/pubeurope.com\/@no\/115825646170354570","error":""},"_links":{"self":[{"href":"https:\/\/www.europesays.com\/no\/wp-json\/wp\/v2\/posts\/127046","targetHints":{"allow":["GET"]}}],"collection":[{"href":"https:\/\/www.europesays.com\/no\/wp-json\/wp\/v2\/posts"}],"about":[{"href":"https:\/\/www.europesays.com\/no\/wp-json\/wp\/v2\/types\/post"}],"author":[{"embeddable":true,"href":"https:\/\/www.europesays.com\/no\/wp-json\/wp\/v2\/users\/2"}],"replies":[{"embeddable":true,"href":"https:\/\/www.europesays.com\/no\/wp-json\/wp\/v2\/comments?post=127046"}],"version-history":[{"count":0,"href":"https:\/\/www.europesays.com\/no\/wp-json\/wp\/v2\/posts\/127046\/revisions"}],"wp:featuredmedia":[{"embeddable":true,"href":"https:\/\/www.europesays.com\/no\/wp-json\/wp\/v2\/media\/127047"}],"wp:attachment":[{"href":"https:\/\/www.europesays.com\/no\/wp-json\/wp\/v2\/media?parent=127046"}],"wp:term":[{"taxonomy":"category","embeddable":true,"href":"https:\/\/www.europesays.com\/no\/wp-json\/wp\/v2\/categories?post=127046"},{"taxonomy":"post_tag","embeddable":true,"href":"https:\/\/www.europesays.com\/no\/wp-json\/wp\/v2\/tags?post=127046"}],"curies":[{"name":"wp","href":"https:\/\/api.w.org\/{rel}","templated":true}]}}