{"id":127056,"date":"2026-01-02T13:16:08","date_gmt":"2026-01-02T13:16:08","guid":{"rendered":"https:\/\/www.europesays.com\/no\/127056\/"},"modified":"2026-01-02T13:16:08","modified_gmt":"2026-01-02T13:16:08","slug":"regjeringen-ba-maske-selskap-fjerne-sitat-fra-statssekretaer-marte-gerhardsen-sa-snudde-de","status":"publish","type":"post","link":"https:\/\/www.europesays.com\/no\/127056\/","title":{"rendered":"Regjeringen ba maske-selskap fjerne sitat fra statssekret\u00e6r Marte Gerhardsen \u2013 s\u00e5 snudde de"},"content":{"rendered":"\n<p class=\"_lead_o9xde_2 _lead_xtcu6_50 layout-component text-serif-m layout-normal text-serif-l layout-component layout-wide layout-padded _wide_17hqh_1 layout-padded\">Selskapet Watchbird siterte statssekret\u00e6r Marte Gerhardsen i Forsvarsdepartementet p\u00e5 at deres maske \u00abkan redde livet til ukrainske soldater\u00bb. <\/p>\n<p><img alt=\"Dette bildet la Watchbird ut p\u00e5 sine nettsider etter et bes\u00f8k i Ukraina tidligere i \u00e5r.  If\u00f8lge selskapet overleverte daglig leder Rune Jomaas en maske til Kronprins Haakon. Foto: Foto: Watchbird\" class=\"_image_qp4xg_65 layout-component layout-wide\" data-fullscreen- data-track-element-type=\"Article image fullscreen\" data-track-name=\"ImageFullscreen\" fetchpriority=\"high\" decoding=\"sync\" loading=\"eager\" height=\"428\" itemprop=\"image\"  src=\"https:\/\/www.europesays.com\/no\/wp-content\/uploads\/2026\/01\/b43c8233-3d70-4ee1-a4f3-5e47db5f8c45.png\"  style=\"object-position:0% 0%\" width=\"640\"\/>Dette bildet la Watchbird ut p\u00e5 sine nettsider etter et bes\u00f8k i Ukraina tidligere i \u00e5r.  If\u00f8lge selskapet overleverte daglig leder Rune Jomaas en maske til Kronprins Haakon. Foto: Foto: Watchbird<\/p>\n<ul aria-hidden=\"true\" class=\"_images_ntbth_112\">\n<li><a class=\"_link_ntbth_117\" href=\"https:\/\/www.vg.no\/forfatter\/rolf-j-wideroee\" style=\"z-index:2\" title=\"Rolf J. Wider\u00f8e\" rel=\"nofollow noopener\" target=\"_blank\"><img alt=\"Bilde av Rolf J. Wider\u00f8e\" class=\"_image_ntbth_93\" fetchpriority=\"low\" loading=\"lazy\" decoding=\"async\" itemprop=\"image\"  src=\"https:\/\/www.europesays.com\/no\/wp-content\/uploads\/2026\/01\/3dbc548d-922e-4780-98d2-50bfdc448f42.jpeg\"  width=\"480\"\/><\/a><\/li>\n<li><a class=\"_link_ntbth_117\" href=\"https:\/\/www.vg.no\/forfatter\/einar-otto-stangvik\" style=\"z-index:1\" title=\"Einar Otto Stangvik\" rel=\"nofollow noopener\" target=\"_blank\"><img alt=\"Bilde av Einar Otto Stangvik\" class=\"_image_ntbth_93\" fetchpriority=\"low\" loading=\"lazy\" decoding=\"async\" itemprop=\"image\"  src=\"https:\/\/www.europesays.com\/no\/wp-content\/uploads\/2026\/01\/de6bbb4f-4b11-4b77-966d-eac0982e115b.png\"  width=\"480\"\/><\/a><\/li>\n<\/ul>\n<p> Oppdatert fredag 2. januar kl. 14:08    <\/p>\n<ul class=\"_list_o9xde_3 _list_64s2r_85 _unordered_o9xde_106 text-sans-m\">\n<li class=\"_item_o9xde_30\">Forsvarsdepartementet ba selskapet Watchbird fjerne et sitat fra statssekret\u00e6r Marte Gerhardsen og mente hun ikke hadde sagt det.<\/li>\n<li class=\"_item_o9xde_30\">Senere snudde departementet og uttalte at sitatet ble gitt i juni.<\/li>\n<li class=\"_item_o9xde_30\">Gerhardsen uttalte at \u00abWatchbird AS tilbyr l\u00f8sninger som kan redde livet til ukrainske soldater\u00bb<\/li>\n<li class=\"_item_o9xde_30\">VG har den siste tiden skrevet om maskene fra firmaet Watchbird, som regjeringen ble anbefalt \u00e5 bruke 100 millioner kroner p\u00e5. VGs tester viste at billigmasker fra Biltema ga bedre beskyttelse mot t\u00e5regass.<\/li>\n<\/ul>\n<p>Vis mer <\/p>\n<p class=\"_paragraph_o9xde_4 _paragraph_xtcu6_10 layout-component text-serif-m layout-normal text-serif-m layout-padded\">25. mai i \u00e5r var statssekret\u00e6r Marte Gerhardsen i Kyiv i Ukraina sammen med kronprins Haakon. Der m\u00f8tte de blant annet daglig leder Rune Jomaas i <a href=\"https:\/\/www.vg.no\/tag\/watchbird?utm_source=vg-article&amp;utm_medium=auto-tagger&amp;utm_campaign=rrLkpR\" class=\"_link_o9xde_39\" rel=\"nofollow noopener\" target=\"_blank\">Watchbird<\/a>. <\/p>\n<p class=\"_paragraph_o9xde_4 _paragraph_xtcu6_10 layout-component text-serif-m layout-normal text-serif-m layout-padded\">I etterkant av bes\u00f8ket i Kyiv i mai la Watchbird ut en pressemelding b\u00e5de p\u00e5 sine nettsider og p\u00e5 LinkedinLinkedinLinkedIn er et profesjonelt nettverk p\u00e5 internett der enkeltpersoner og bedrifter kan knytte kontakter, vise frem erfaring og finne jobb- og forretningsmuligheter. . Der siterte de Marte Gerhardsen slik:<\/p>\n<p class=\"_paragraph_o9xde_4 _paragraph_xtcu6_10 layout-component text-serif-m layout-normal text-serif-m layout-padded\">\u00abJeg var stolt over \u00e5 lede den norske n\u00e6ringslivsdelegasjonen til Kyiv i mai, og over \u00e5 legge til rette for Hans kongelige h\u00f8yhet, kronprins Haakon under reisen. Norsk industri kan bidra til forsvaret av Ukraina, og den norske regjeringen \u00f8nsker \u00e5 st\u00f8tte virksomheter som engasjerer seg i Ukraina\u00bb. <\/p>\n<p class=\"_paragraph_o9xde_4 _paragraph_xtcu6_10 layout-component text-serif-m layout-normal text-serif-m layout-padded\">Videre siterte selskapet Gerhardsen: <\/p>\n<p class=\"_paragraph_o9xde_4 _paragraph_xtcu6_10 layout-component text-serif-m layout-normal text-serif-m layout-padded\"><strong class=\"_strong_o9xde_25\">\u00abWatchbird AS tilbyr l\u00f8sninger som kan redde livet til ukrainske soldater, og deres innsats for \u00e5 st\u00f8tte Ukraina er h\u00f8yt verdsatt.\u00bb<\/strong><\/p>\n<p class=\"_paragraph_o9xde_4 _paragraph_xtcu6_10 layout-component text-serif-m layout-normal text-serif-m layout-padded\">VG stilte onsdag for to uker siden sp\u00f8rsm\u00e5l til statssekret\u00e6r Marte Gerhardsen om innlegget, og om hun var riktig gjengitt.<\/p>\n<p class=\"_paragraph_o9xde_4 _paragraph_xtcu6_10 layout-component text-serif-m layout-normal text-serif-m layout-padded\">Da opplyste Forsvarsdepartementet at de hadde bedt Watchbird om \u00e5 fjerne innlegget. Begrunnelsen var at Gerhardsen ikke skulle ha sagt det som fremkom der.<\/p>\n<p><img alt=\"Pressemeldingen som Watchbird delte.\" class=\"_image_qp4xg_65 layout-component layout-normal\" data-fullscreen- data-track-element-type=\"Article image fullscreen\" data-track-name=\"ImageFullscreen\" decoding=\"async\" loading=\"lazy\" height=\"1216\" itemprop=\"image\"  src=\"https:\/\/www.europesays.com\/no\/wp-content\/uploads\/2026\/01\/a98e67ab-9ace-453b-bc32-61bf28eb359a.png\"  style=\"object-position:0% 0%\" width=\"762\"\/>Pressemeldingen som Watchbird delte.<\/p>\n<p class=\"_paragraph_o9xde_4 _paragraph_xtcu6_10 layout-component text-serif-m layout-normal text-serif-m layout-padded\">Senere samme dag kom kontrabeskjeden fra departementet: <\/p>\n<p class=\"_paragraph_o9xde_4 _paragraph_xtcu6_10 layout-component text-serif-m layout-normal text-serif-m layout-padded\">\u00abSitatet ble gitt i juni\u00bb, opplyste departementet i en ny e-post til VG. <\/p>\n<p class=\"_paragraph_o9xde_4 _paragraph_xtcu6_10 layout-component text-serif-m layout-normal text-serif-m layout-padded\">VG har stilt sp\u00f8rsm\u00e5l til selskapet Watchbird om kontakten med Forsvarsdepartementet <\/p>\n<p class=\"_paragraph_o9xde_4 _paragraph_xtcu6_10 layout-component text-serif-m layout-normal text-serif-m layout-padded\"><strong class=\"_strong_o9xde_25\">\u2013 Det aktuelle teksten fikk selskapet tilbake i juni fra departementet og er s\u00e5ledes en tekst og ett innhold som vi bare har referert p\u00e5 helt normal m\u00e5te, sier Bj\u00f8rn Richard Johansen, talsmann for Watchbird, i PR-byr\u00e5et Geelmuyden Kiese.<\/strong><\/p>\n<p class=\"_paragraph_o9xde_4 _paragraph_xtcu6_10 layout-component text-serif-m layout-normal text-serif-m layout-padded\">VG har den siste tiden skrevet flere saker om de de norske maskene fra firmaet Watchbird, som regjeringen ble anbefalt \u00e5 bruke 100 millioner kroner p\u00e5.<\/p>\n<p class=\"_paragraph_o9xde_4 _paragraph_xtcu6_10 layout-component text-serif-m layout-normal text-serif-m layout-padded\">Maskene skal blant annet beskytte mot t\u00e5regass, if\u00f8lge selskapet, men<a href=\"https:\/\/www.vg.no\/nyheter\/i\/L4pl4Q\/kjoeper-masker-fra-watchbird-for-100-millioner-naa-faar-jeg-ikke-puste\" data-track-element-type=\"Link\" data-track-id=\"link:L4pl4Q\" class=\"_link_o9xde_39\" rel=\"nofollow noopener\" target=\"_blank\"> VGs egne tester <\/a>viste at billigmasker fra Biltema ga bedre beskyttelse:<\/p>\n<p class=\"_paragraph_o9xde_4 _paragraph_xtcu6_10 layout-component text-serif-m layout-normal text-serif-m layout-padded\">\u2013 Safegaiter (masken) er ikke designet for denne fasen, men for den operative hverdagen som varer betydelig lenger og der gassmaske ikke praktisk kan brukes kontinuerlig, slik for eksempel situasjonen er for ukrainske soldater i felt, har selskapet tidligere svart om VGs test via talsmann Bj\u00f8rn Richard Johansen.<\/p>\n<p>Gass vs partikler<\/p>\n<p class=\"_paragraph_o9xde_4 _paragraph_xtcu6_10 _paragraph_16v91_10 layout-component text-serif-m layout-normal text-sans-m layout-padded\">Det som omtales som <strong class=\"_strong_o9xde_25\">CS-gass<\/strong> er egentlig et fint kjemisk pulver som spres i luften ved hjelp av r\u00f8yk- eller aerosollignende metoder. Dette er det vi kaller \u00abt\u00e5regass\u00bb fordi det irriterer slimhinner og hud og kan gj\u00f8re det vanskelig \u00e5 puste.<br \/><strong class=\"_strong_o9xde_25\">CS-partikler <\/strong>er sm\u00e5 partikler av kjemikaliet i pulverform, som kan bli liggende igjen p\u00e5 overflater og utstyr etter at selve gassen har lagt seg.<\/p>\n<p>Vis mer<\/p>\n<p class=\"_paragraph_o9xde_4 _paragraph_xtcu6_10 layout-component text-serif-m layout-normal text-serif-m layout-padded\"><strong class=\"_strong_o9xde_25\">Forsvarsminister Tore O. Sandvik har ogs\u00e5 tidligere uttalt at maskene redder liv. Det gjorde han i et intervju med Aftenposten i august: <\/strong><\/p>\n<p class=\"_paragraph_o9xde_4 _paragraph_xtcu6_10 layout-component text-serif-m layout-normal text-serif-m layout-padded\">\u2013 Dette redder liv. Det \u00f8ker kampkraften til Ukraina og overlevelsen til ukrainske soldater. Det er en st\u00f8tte med mening, sa forsvarsministeren da 100-millionersavtalen ble kjent, sa forsvarsministeren den gang. <\/p>\n<p class=\"_paragraph_o9xde_4 _paragraph_xtcu6_10 layout-component text-serif-m layout-normal text-serif-m layout-padded\">I dag \u00f8nsker han ikke \u00e5 svare p\u00e5 om han mener det samme.<\/p>\n","protected":false},"excerpt":{"rendered":"Selskapet Watchbird siterte statssekret\u00e6r Marte Gerhardsen i Forsvarsdepartementet p\u00e5 at deres maske \u00abkan redde livet til ukrainske soldater\u00bb.&hellip;\n","protected":false},"author":2,"featured_media":127057,"comment_status":"","ping_status":"","sticky":false,"template":"","format":"standard","meta":{"footnotes":""},"categories":[10],"tags":[20,21,24,25,8437,567,15,22,23,13,30,28,29,14,16,26,27,13904],"class_list":{"0":"post-127056","1":"post","2":"type-post","3":"status-publish","4":"format-standard","5":"has-post-thumbnail","7":"category-norge","8":"tag-breaking-news","9":"tag-breakingnews","10":"tag-featured-news","11":"tag-featurednews","12":"tag-forsvarets-forskningsinstitutt-ffi","13":"tag-forsvarsdepartementet","14":"tag-headlines","15":"tag-latest-news","16":"tag-latestnews","17":"tag-news","18":"tag-no","19":"tag-norge","20":"tag-norway","21":"tag-nyheter","22":"tag-overskrifter","23":"tag-top-stories","24":"tag-topstories","25":"tag-watchbird"},"share_on_mastodon":{"url":"https:\/\/pubeurope.com\/@no\/115825697482663403","error":""},"_links":{"self":[{"href":"https:\/\/www.europesays.com\/no\/wp-json\/wp\/v2\/posts\/127056","targetHints":{"allow":["GET"]}}],"collection":[{"href":"https:\/\/www.europesays.com\/no\/wp-json\/wp\/v2\/posts"}],"about":[{"href":"https:\/\/www.europesays.com\/no\/wp-json\/wp\/v2\/types\/post"}],"author":[{"embeddable":true,"href":"https:\/\/www.europesays.com\/no\/wp-json\/wp\/v2\/users\/2"}],"replies":[{"embeddable":true,"href":"https:\/\/www.europesays.com\/no\/wp-json\/wp\/v2\/comments?post=127056"}],"version-history":[{"count":0,"href":"https:\/\/www.europesays.com\/no\/wp-json\/wp\/v2\/posts\/127056\/revisions"}],"wp:featuredmedia":[{"embeddable":true,"href":"https:\/\/www.europesays.com\/no\/wp-json\/wp\/v2\/media\/127057"}],"wp:attachment":[{"href":"https:\/\/www.europesays.com\/no\/wp-json\/wp\/v2\/media?parent=127056"}],"wp:term":[{"taxonomy":"category","embeddable":true,"href":"https:\/\/www.europesays.com\/no\/wp-json\/wp\/v2\/categories?post=127056"},{"taxonomy":"post_tag","embeddable":true,"href":"https:\/\/www.europesays.com\/no\/wp-json\/wp\/v2\/tags?post=127056"}],"curies":[{"name":"wp","href":"https:\/\/api.w.org\/{rel}","templated":true}]}}