{"id":127058,"date":"2026-01-02T13:17:09","date_gmt":"2026-01-02T13:17:09","guid":{"rendered":"https:\/\/www.europesays.com\/no\/127058\/"},"modified":"2026-01-02T13:17:09","modified_gmt":"2026-01-02T13:17:09","slug":"konkurranse-nordre-land-vant-prestisjekonkurranse-fredrik-skal-produsere-nye-mobler-for-kistefos","status":"publish","type":"post","link":"https:\/\/www.europesays.com\/no\/127058\/","title":{"rendered":"Konkurranse, Nordre Land | Vant prestisjekonkurranse: Fredrik skal produsere nye m\u00f8bler for Kistefos"},"content":{"rendered":"\n<p>Kistefos Museum skal f\u00e5 nytt bes\u00f8kssenter og i den forbindelse har de utlyst en m\u00f8belkonkurranse.<\/p>\n<p>Det kom over 100 bidrag med ulike design av en ny Kistefos spisestol og spisebord.<\/p>\n<p>\u2013 Veldig stas<\/p>\n<p>Til slutt falt en enstemmig jury p\u00e5 arkitekten og m\u00f8beldesigneren Fredrik Sletner (28) fra Oslo. Det kommer fram i en pressemelding.<\/p>\n<p>\u2013 Det er veldig stas \u00e5 bli valgt som vinner, og det betyr mye at Kistefos inviterer yngre stemmer inn i arkitektur- og designverdenen, sier Sletner.<\/p>\n<p>   <img decoding=\"async\" width=\"2246\" height=\"3532\" fetchpriority=\"low\"  loading=\"lazy\"  src=\"https:\/\/www.europesays.com\/no\/wp-content\/uploads\/2026\/01\/Forside+-+stoler.jpg\" alt=\"\" class=\"brick-c-cFOWSL\" style=\"--brick-image-ratio: 2246 \/ 3532;\"\/><\/p>\n<p>      NYE M\u00d8BLER: Slik ser Kistefos sine nye m\u00f8bler ut.<br \/>\n      Foto: Kistefos\n    <\/p>\n<p>Sletners vinnerforslag \u00abTAPP\u00bb er en m\u00f8belserie i heltre, uten skruer eller beslag. Setet p\u00e5 stolen er laget i \ufb02ettet papirgarn, med referanse til den historiske papirmassefabrikken p\u00e5 Kistefos.<\/p>\n<p>\u2013 For meg har prosjektet v\u00e6rt en unik mulighet til \u00e5 fordype meg i h\u00e5ndverk, og la historien og stedet forme arbeidet. Det har gjort prosessen b\u00e5de meningsfull og veldig morsom!<\/p>\n<p>If\u00f8lge juryen er designet originalt, stilrent, ergonomisk og kommersielt smart:<\/p>\n<p>\u00abM\u00f8belet representerer det kontempor\u00e6re Kistefos, med moderne, stramme linjer og referanser til arkitekturen til Kistefos\u2019 nye bes\u00f8kssenter, samtidig som det framhever kulturminnet Kistefos gjennom materialvalget.\u00bb<\/p>\n<p>  <a href=\"https:\/\/www.oa.no\/5-35-2204244\" class=\"related-teaser has-image default-story-teaser article--c-eRUmMG article--c-eRUmMG-jKCPdD-design-default\" rel=\"nofollow noopener\" target=\"_blank\"><\/p>\n<p>    <img decoding=\"async\" loading=\"lazy\"  src=\"https:\/\/www.europesays.com\/no\/wp-content\/uploads\/2026\/01\/ffsfsf.png\" alt=\"\" class=\"brick-c-cFOWSL\" style=\"\"\/><\/p>\n<p>\n            Les ogs\u00e5<\/p>\n<p>              Tor Arve fra Gj\u00f8vik vant millionen: \u2013 Det er jo helt konge\n        <\/p>\n<p>  <\/a><br \/>\n  Unge talenter<\/p>\n<p>M\u00f8blene skal produseres av Kistefos M\u00f8bler til det nye bes\u00f8kssenteret som \u00e5pner i juni 2026.<\/p>\n<p>Sletners design er inspirert av filosofien bak byggets arkitektur, tegnet av Lundhagem arkitekter, som harmonerer med landskapet og naturen rundt.<\/p>\n<p>   <img decoding=\"async\" width=\"945\" height=\"1378\" fetchpriority=\"low\"  loading=\"lazy\"  src=\"https:\/\/www.europesays.com\/no\/wp-content\/uploads\/2026\/01\/Pressefoto+Kari+Roll-Matthiesen.JPG\" alt=\"\" class=\"brick-c-cFOWSL\" style=\"--brick-image-ratio: 945 \/ 1378;\"\/><\/p>\n<p>      STOLT: Kari Roll-Matthiesen er stolt over \u00e5 l\u00f8fte fram nye talenter.<br \/>\n      Foto: Kistefos\n    <\/p>\n<p>Direkt\u00f8r ved Kistefos Museum, Kari Roll-Matthiesen, mener at m\u00f8blene blir en viktig del av det nye bygget.<\/p>\n<p>\u2013 Vi er sv\u00e6rt stolte over \u00e5 l\u00f8fte fram unge talenter som Fredrik Sletner. Dette prosjektet viser hvordan vi \u00f8nsker \u00e5 skape m\u00f8teplasser der kunst, arkitektur og h\u00e5ndverk g\u00e5r h\u00e5nd i h\u00e5nd.<\/p>\n<p>  <a href=\"https:\/\/www.oa.no\/5-35-2202880\" class=\"related-teaser has-image default-story-teaser article--c-eRUmMG article--c-eRUmMG-jKCPdD-design-default\" rel=\"nofollow noopener\" target=\"_blank\"><\/p>\n<p>    <img decoding=\"async\" loading=\"lazy\"  src=\"https:\/\/www.europesays.com\/no\/wp-content\/uploads\/2026\/01\/IMG_5630.HEIC.jpeg\" alt=\"\" class=\"brick-c-cFOWSL\" style=\"\"\/><\/p>\n<p>\n            Les ogs\u00e5<\/p>\n<p>              Dette sl\u00e5r an under \u00e5rets julegavehandel\n        <\/p>\n<p>  <\/a><\/p>\n","protected":false},"excerpt":{"rendered":"Kistefos Museum skal f\u00e5 nytt bes\u00f8kssenter og i den forbindelse har de utlyst en m\u00f8belkonkurranse. Det kom over&hellip;\n","protected":false},"author":2,"featured_media":127059,"comment_status":"","ping_status":"","sticky":false,"template":"","format":"standard","meta":{"footnotes":""},"categories":[5],"tags":[36,20,21,24,25,15,19,14893,1085,22,23,17,18,13,30,13981,28,29,14,16,216,1510,26,27],"class_list":{"0":"post-127058","1":"post","2":"type-post","3":"status-publish","4":"format-standard","5":"has-post-thumbnail","7":"category-overskrifter","8":"tag-art","9":"tag-breaking-news","10":"tag-breakingnews","11":"tag-featured-news","12":"tag-featurednews","13":"tag-headlines","14":"tag-hovedoppslag","15":"tag-kistefos-museet","16":"tag-konkurranse","17":"tag-latest-news","18":"tag-latestnews","19":"tag-main-news","20":"tag-mainnews","21":"tag-news","22":"tag-no","23":"tag-nordre-land","24":"tag-norge","25":"tag-norway","26":"tag-nyheter","27":"tag-overskrifter","28":"tag-okonomi-og-naeringsliv","29":"tag-story","30":"tag-top-stories","31":"tag-topstories"},"share_on_mastodon":{"url":"https:\/\/pubeurope.com\/@no\/115825701430237609","error":""},"_links":{"self":[{"href":"https:\/\/www.europesays.com\/no\/wp-json\/wp\/v2\/posts\/127058","targetHints":{"allow":["GET"]}}],"collection":[{"href":"https:\/\/www.europesays.com\/no\/wp-json\/wp\/v2\/posts"}],"about":[{"href":"https:\/\/www.europesays.com\/no\/wp-json\/wp\/v2\/types\/post"}],"author":[{"embeddable":true,"href":"https:\/\/www.europesays.com\/no\/wp-json\/wp\/v2\/users\/2"}],"replies":[{"embeddable":true,"href":"https:\/\/www.europesays.com\/no\/wp-json\/wp\/v2\/comments?post=127058"}],"version-history":[{"count":0,"href":"https:\/\/www.europesays.com\/no\/wp-json\/wp\/v2\/posts\/127058\/revisions"}],"wp:featuredmedia":[{"embeddable":true,"href":"https:\/\/www.europesays.com\/no\/wp-json\/wp\/v2\/media\/127059"}],"wp:attachment":[{"href":"https:\/\/www.europesays.com\/no\/wp-json\/wp\/v2\/media?parent=127058"}],"wp:term":[{"taxonomy":"category","embeddable":true,"href":"https:\/\/www.europesays.com\/no\/wp-json\/wp\/v2\/categories?post=127058"},{"taxonomy":"post_tag","embeddable":true,"href":"https:\/\/www.europesays.com\/no\/wp-json\/wp\/v2\/tags?post=127058"}],"curies":[{"name":"wp","href":"https:\/\/api.w.org\/{rel}","templated":true}]}}