{"id":127070,"date":"2026-01-02T13:25:45","date_gmt":"2026-01-02T13:25:45","guid":{"rendered":"https:\/\/www.europesays.com\/no\/127070\/"},"modified":"2026-01-02T13:25:45","modified_gmt":"2026-01-02T13:25:45","slug":"nyheter-sport-nytt-godt-lop-av-heggen-na-tetner-det-til-i-sammendraget","status":"publish","type":"post","link":"https:\/\/www.europesays.com\/no\/127070\/","title":{"rendered":"Nyheter, Sport | Nytt godt l\u00f8p av Heggen \u2013 n\u00e5 tetner det til i sammendraget"},"content":{"rendered":"\n<p>Det tetner seg til i sammendraget i Tour de Ski, som arrangeres i Toblach og Val di Fiemme i Italia fra 28. desember til 4. januar.<\/p>\n<p>20-\u00e5ringen fra Harestua har f\u00e5tt vist seg fram. Etter en imponerende 2. plass p\u00e5 \u00e5pningsrennet, kun sl\u00e5tt av Johannes H\u00f8sflot Kl\u00e6bo, ble han nummer 19 p\u00e5 ti kilometer klassisk.<\/p>\n<p>Nytt\u00e5rsaften klatret han igjen opp p\u00e5 pallen. Da ble han beste norske ut\u00f8ver med en tredjeplass p\u00e5 den nye l\u00f8psdistansen 5 kilometer heat fri, kun sl\u00e5tt av amerikanske Gus Schumacher og \u00f8sterrikske Benjamin Moser.<\/p>\n<p>  <a href=\"https:\/\/www.hadeland.no\/5-21-1438325\" class=\"related-teaser has-image default-story-teaser article--c-eRUmMG article--c-eRUmMG-jKCPdD-design-default\" rel=\"nofollow noopener\" target=\"_blank\"><\/p>\n<p>    <img decoding=\"async\" loading=\"lazy\"  src=\"https:\/\/www.europesays.com\/no\/wp-content\/uploads\/2026\/01\/1767360341_282_GyZQBQKLORk.jpg\" alt=\"\" class=\"brick-c-cFOWSL\" style=\"\"\/><\/p>\n<p>\n            Les ogs\u00e5<\/p>\n<p>              Lars Heggen ble beste nordmann: \u2013 Artig at det skulle bli pallen\n        <\/p>\n<p>  <\/a><br \/>\n  \u2013 Blytungt l\u00f8p<\/p>\n<p>1. nytt\u00e5rsdag var det klart for 20 kilometer jaktstart i klassisk stil.<\/p>\n<p>Der var det lite \u00e5 gj\u00f8re med Kl\u00e6bo, som vant hele 51.1 sekund foran Mattis Stenshagen.<\/p>\n<p>Bak Stenshagen ble det en tett kamp om plasseringene, der Edvin Anger fra Sverige og Frederico Pellegrino fra arrang\u00f8rlandet var n\u00e6rmest. De gikk i m\u00e5l 8.7 sekunder bak vinneren.<\/p>\n<p>Kun fire tideler skilte dem fra Emil Iversen og Gus Schumacher. Deretter fulgte Heggen, kun ett tidel bak p\u00e5 en 7. plass.<\/p>\n<p>   <img decoding=\"async\" width=\"5624\" height=\"3749\" fetchpriority=\"low\"  loading=\"lazy\"  src=\"https:\/\/www.europesays.com\/no\/wp-content\/uploads\/2026\/01\/uo_k52_C2hg.jpg\" alt=\"Toblach, Italia 20260101. &#10;Sveriges Edvin Anger kommer p\u00e5 tredje plass etter en spurt mot Italias Federico Pellegrino under 20 km jaktstart klassisk for menn i Tour de ski.&#10;Foto: Terje Pedersen \/ NTB\" class=\"brick-c-cFOWSL\" style=\"--brick-image-ratio: 5624 \/ 3749;\"\/><\/p>\n<p>      INNSPURT: Sveriges Edvin Anger (startnummer 10) spurtet inn til tredjeplass i kamp mot Italias Federico Pellegrino under 20 km jaktstart klassisk for menn i Tour de ski. Lars Heggen (helt til venstre) ble nummer sju.<br \/>\n      Foto: Foto: Terje Pedersen \/ NTB\n    <\/p>\n<p>\u2013 Jeg er greit forn\u00f8yd med b\u00e5de formen og skiene, men det var et blytungt l\u00f8p, sa Heggen til <a href=\"www.ntb.no\" rel=\"Follow\">NTB<\/a> etter m\u00e5lgang.<\/p>\n<p>Han var glad for forspranget han hadde f\u00f8r start.<\/p>\n<p>\u2013 Hadde jeg hatt et par sekunder mindre tror jeg at jeg hadde slitt med \u00e5 henge med inn til m\u00e5l, innr\u00f8mmet han.<\/p>\n<p>Sesongstarten har g\u00e5tt over all forventning for 20-\u00e5ringen.<\/p>\n<p>\u2013 Jeg hadde h\u00e5pet \u00e5 f\u00e5 g\u00e5 noen worldcuprenn, men at det skulle g\u00e5 s\u00e5 bra som det allerede har gjort er over all forventning, sier Heggen, som n\u00e5 gleder seg til de to siste l\u00f8pene i touren.<\/p>\n<p>  <a href=\"https:\/\/www.hadeland.no\/5-21-1437553\" class=\"related-teaser has-image default-story-teaser article--c-eRUmMG article--c-eRUmMG-jKCPdD-design-default\" rel=\"nofollow noopener\" target=\"_blank\"><\/p>\n<p>    <img decoding=\"async\" loading=\"lazy\"  src=\"https:\/\/www.europesays.com\/no\/wp-content\/uploads\/2026\/01\/dLsKIgQacEE.jpg\" alt=\"\" class=\"brick-c-cFOWSL\" style=\"\"\/><\/p>\n<p>\n            Les ogs\u00e5<\/p>\n<p>              Heggen fulgte opp pallplass med solid 10-kilometer\n        <\/p>\n<p>  <\/a><br \/>\n  Tett i sammendraget<\/p>\n<p>F\u00f8r dagens etappe l\u00e5 Heggen p\u00e5 en 2. plass i sammendraget bak Kl\u00e6bo. Tr\u00f8nderen \u00f8kte ledelsen, men det er n\u00e5 Mattis Stenshagen som f\u00f8lger n\u00e6rmest, 51 sekunder bak.<\/p>\n<p>Deretter er det s\u00e5 godt som d\u00f8dt l\u00f8p helt ned til og med 8.-plassen. Fire l\u00f8pere deler tredjeplassen, mens Heggen og Moser ligger kun ett tidel bak disse.<\/p>\n<p>Dermed er det ingenting som er avgjort, selv om Kl\u00e6bo kan virke utiln\u00e6rmelig n\u00e5r to l\u00f8p gjenst\u00e5r.<\/p>\n<p>L\u00f8rdag g\u00e5s ny sprint, en konkurranseform hvor Heggen virkelig har levert. Touren avsluttes med 3,6 kilometer syrejag opp \u00abMonsterbakken\u00bb s\u00f8ndag. Hele etappen er p\u00e5 15 kilometer. Der kan alt skje, s\u00e5 ingen plassering deles ut f\u00f8r l\u00f8perne er p\u00e5 toppen av monsterbakken i Val di Fiemme.<\/p>\n<p>Teksten som omhandler lengden p\u00e5 s\u00f8ndagens avslutningsl\u00f8p er korrigert torsdag kl.14.49<\/p>\n<p>  <a href=\"https:\/\/www.hadeland.no\/5-21-1437173\" class=\"related-teaser has-image default-story-teaser article--c-eRUmMG article--c-eRUmMG-jKCPdD-design-default\" rel=\"nofollow noopener\" target=\"_blank\"><\/p>\n<p>    <img decoding=\"async\" loading=\"lazy\"  src=\"https:\/\/www.europesays.com\/no\/wp-content\/uploads\/2025\/12\/1767036442_879_o0v8acyyGFE.jpg\" alt=\"\" class=\"brick-c-cFOWSL\" style=\"\"\/><\/p>\n<p>\n            Les ogs\u00e5<\/p>\n<p>              Lars Heggen (20) med dr\u00f8mmedebut i Tour de Ski: \u2013 Det var helt sykt\n        <\/p>\n<p>  <\/a><\/p>\n<p><b>Resultater p\u00e5 dagens 20 km jaktstart klassisk for menn:<\/b><\/p>\n<ol>\n<li>Johannes H\u00f8sflot Kl\u00e6bo (N) 46:01.7<\/li>\n<li>Mattis Stenshagen (N) + 51.1<\/li>\n<li>Edvin Anger (S) + 59.8<\/li>\n<li>Federico Pellegrino (I) + 59.8<\/li>\n<li>Emil Iversen (N) + 1:00.2<\/li>\n<li>Gus Schumacher (USA) + 1:00.2<\/li>\n<li><b>Lars Heggen (N) + 1:00.3<\/b><\/li>\n<li>Benjamin Moser (A) + 1:00.8<\/li>\n<li>Harald \u00d8stberg Amundsen (N) + 1:03.1<\/li>\n<li>Iivo Niskanen (FIN) + 1:53.6<\/li>\n<\/ol>\n<p><b>\u00d8vrige norske:<\/b><\/p>\n<p>17. Andreas Fjorden Ree (N) + 1:58.4<br \/>20. Simen Hegstad Kr\u00fcger (N) + 2:05.3<br \/>37. Erik Valnes (N) + 3:39.8<\/p>\n<p><b>Sammenlagt etter 4 etapper:<\/b><\/p>\n<p>1. Johannes Kl\u00e6bo (N) 1:19.31<br \/>2. Mattis Stenshagen (N) + 51<br \/>3. Gus Schumacher (USA) + 1:00<br \/>3. Emil Iversen (N) + 1:00<br \/>3. Federico Pellegrino (I) + 1:00<br \/>3. Evin Anger (S) + 1:00<br \/><b>7. Lars Heggen (N) + 1:01<\/b><br \/>7. Benjamin Moser (A) + 1:01<br \/>9. Harald \u00d8stberg Amundsen (N) + 1:20.34<br \/>10. Iivo Niskanen (FIN) + 1:21.25<\/p>\n<p>  <a href=\"https:\/\/www.hadeland.no\/5-21-1434135\" class=\"related-teaser has-image default-story-teaser article--c-eRUmMG article--c-eRUmMG-jKCPdD-design-default\" rel=\"nofollow noopener\" target=\"_blank\"><\/p>\n<p>    <img decoding=\"async\" loading=\"lazy\"  src=\"https:\/\/www.europesays.com\/no\/wp-content\/uploads\/2026\/01\/L5R1iNEDLq8.jpg\" alt=\"\" class=\"brick-c-cFOWSL\" style=\"\"\/><\/p>\n<p>\n            Les ogs\u00e5<\/p>\n<p>              Klar for Tour de Ski: \u2013 Monsterbakken blir brutal, men funny\n        <\/p>\n<p>  <\/a><\/p>\n<p>  <a href=\"https:\/\/www.hadeland.no\/5-21-1432546\" class=\"related-teaser has-image default-story-teaser article--c-eRUmMG article--c-eRUmMG-jKCPdD-design-default\" rel=\"nofollow noopener\" target=\"_blank\"><\/p>\n<p>    <img decoding=\"async\" loading=\"lazy\"  src=\"https:\/\/www.europesays.com\/no\/wp-content\/uploads\/2026\/01\/NTB_z3CPU2B3CUo.jpg\" alt=\"\" class=\"brick-c-cFOWSL\" style=\"\"\/><\/p>\n<p>\n            Les ogs\u00e5<\/p>\n<p>              Elegante Heggen gikk til semifinalen: \u2013 Han flyter opp\u00e5 sn\u00f8en!\n        <\/p>\n<p>  <\/a><\/p>\n","protected":false},"excerpt":{"rendered":"Det tetner seg til i sammendraget i Tour de Ski, som arrangeres i Toblach og Val di Fiemme&hellip;\n","protected":false},"author":2,"featured_media":127071,"comment_status":"","ping_status":"","sticky":false,"template":"","format":"standard","meta":{"footnotes":""},"categories":[59],"tags":[36,398,14046,30,28,29,14,3650,83,82,1510,12662,12533],"class_list":{"0":"post-127070","1":"post","2":"type-post","3":"status-publish","4":"format-standard","5":"has-post-thumbnail","7":"category-sport","8":"tag-art","9":"tag-langrenn","10":"tag-lars-heggen","11":"tag-no","12":"tag-norge","13":"tag-norway","14":"tag-nyheter","15":"tag-ski","16":"tag-sport","17":"tag-sports","18":"tag-story","19":"tag-tour-de-ski","20":"tag-verdenscup"},"share_on_mastodon":{"url":"https:\/\/pubeurope.com\/@no\/115825732674082419","error":""},"_links":{"self":[{"href":"https:\/\/www.europesays.com\/no\/wp-json\/wp\/v2\/posts\/127070","targetHints":{"allow":["GET"]}}],"collection":[{"href":"https:\/\/www.europesays.com\/no\/wp-json\/wp\/v2\/posts"}],"about":[{"href":"https:\/\/www.europesays.com\/no\/wp-json\/wp\/v2\/types\/post"}],"author":[{"embeddable":true,"href":"https:\/\/www.europesays.com\/no\/wp-json\/wp\/v2\/users\/2"}],"replies":[{"embeddable":true,"href":"https:\/\/www.europesays.com\/no\/wp-json\/wp\/v2\/comments?post=127070"}],"version-history":[{"count":0,"href":"https:\/\/www.europesays.com\/no\/wp-json\/wp\/v2\/posts\/127070\/revisions"}],"wp:featuredmedia":[{"embeddable":true,"href":"https:\/\/www.europesays.com\/no\/wp-json\/wp\/v2\/media\/127071"}],"wp:attachment":[{"href":"https:\/\/www.europesays.com\/no\/wp-json\/wp\/v2\/media?parent=127070"}],"wp:term":[{"taxonomy":"category","embeddable":true,"href":"https:\/\/www.europesays.com\/no\/wp-json\/wp\/v2\/categories?post=127070"},{"taxonomy":"post_tag","embeddable":true,"href":"https:\/\/www.europesays.com\/no\/wp-json\/wp\/v2\/tags?post=127070"}],"curies":[{"name":"wp","href":"https:\/\/api.w.org\/{rel}","templated":true}]}}