{"id":127072,"date":"2026-01-02T13:27:06","date_gmt":"2026-01-02T13:27:06","guid":{"rendered":"https:\/\/www.europesays.com\/no\/127072\/"},"modified":"2026-01-02T13:27:06","modified_gmt":"2026-01-02T13:27:06","slug":"hva-skal-vi-bruke-tiden-pa-i-2026","status":"publish","type":"post","link":"https:\/\/www.europesays.com\/no\/127072\/","title":{"rendered":"Hva skal vi bruke tiden p\u00e5 i 2026?"},"content":{"rendered":"<p><strong>Nytt\u00e5rshilsen av Eva Kvelland<\/strong><\/p>\n<p>\u00c5ret 2025 besto av 365 dager, 8760 timer eller 525.600 minutter. Et teoretisk hav av muligheter til \u00e5 optimalisere tidsbruken, rekke absolutt alt og leve livet i slow motion. Likevel er konklusjonen den samme som ved tidligere \u00e5rsskifter: Hvor ble tiden av?<\/p>\n<p>For meg var 2025 \u00e5ret jeg burde v\u00e6rt i stand til \u00e5 bruke tiden bedre. Etter seks m\u00e5neder med d\u00f8gn\u00e5pent h\u00f8ygir p\u00e5 jobb, gikk jeg inn for landing i en sluttavtale f\u00f8r sommeren. H\u00f8sten skulle ha hvilepuls, garasjen Marie Kondo-ryddes og hjernen settes i mental lotusstilling. Mindre skjermtid, mer tilstedev\u00e6relse. Mindre hastverk, mer mening. Det skjedde selvsagt ikke, og n\u00e5r \u00e5ret n\u00e5 er omme og jeg begynner i ny jobb, har jeg ingen opplevelse av at h\u00f8sten 2025 var noe annerledes enn en helt vanlig hektisk h\u00f8st. Det er bare min feil, men det er fordi jeg lever i spennet mellom forventninger, idealer, vaner og virkelighet. Det er lettere \u00e5 fylle tiden, enn \u00e5 aktivt velge hva den skal brukes til.<\/p>\n<p>Det g\u00e5r p\u00e5 automatikk. Vi sjekker telefonen f\u00f8r vi st\u00e5r opp. Vi svarer p\u00e5 meldinger samtidig som vi er midt i en samtale. Vi fyller kalenderen til randen og tror det gj\u00f8r oss mer effektive. Og n\u00e5r vi endelig f\u00e5r litt ledig tid, skroller vi den bort. Store deler av d\u00f8gnet er vi p\u00e5 jobb. Det i seg selv er ikke et problem, men kanskje kan vi i \u00e5ret som kommer v\u00e6re litt mer bevisste p\u00e5 hvordan vi jobber. Ikke bare raskere, men smartere. Ikke bare mer, men bedre. Noen ganger er det mest produktive vi kan gj\u00f8re \u00e5 stoppe opp, tenke ferdig og t\u00f8rre \u00e5 velge bort.<\/p>\n<p>Resten av tiden ligger utenfor jobbkalenderen. Tiden som ikke er uten forpliktelser, men som kan bety mest. Tiden med barna, vennene og naboene. Tiden til \u00e5 ringe den vi har tenkt p\u00e5 lenge. Tiden til \u00e5 sitte stille. Vi kommer ikke til \u00e5 f\u00e5 mer tid i 2026, men vi kan f\u00e5 mer ut av den. Mer n\u00e6rv\u00e6r. Mer omtanke. Mer tid til \u00e5 forst\u00e5. Mer rom for det som betyr noe. Til barna som vil vise oss noe de har laget. Til kollegaen som trenger en prat. Til naboen vi vil bli bedre kjent med. Og til lokalsamfunnet v\u00e5rt som ikke g\u00e5r rundt av seg selv, men gjennom mennesker som bruker litt av tiden sin p\u00e5 fellesskapet. Det er mitt \u00f8nske for 2026; at vi bruker tiden v\u00e5r litt mer bevisst.<\/p>\n<p>Jeg vet smertelig godt at det er lettere sagt enn gjort, og at ogs\u00e5 jeg vil mislykkes underveis i fors\u00f8ket p\u00e5 \u00e5 bruke timene og minuttene bedre i 2026. S\u00e5 jeg legger lista lavt, s\u00e5nn omtrent i ankelh\u00f8yde, og oppfordrer meg selv og alle andre til \u00e5 gj\u00f8re f\u00f8lgende tre ting i \u00e5ret som kommer (eller andre ting som passer deg og ditt liv):<\/p>\n<ol class=\"List\">\n<li>\n<p> Lev litt saktere \u00e9n gang i l\u00f8pet av uka \u2013 noen f\u00e5 timer bare.<\/p>\n<\/li>\n<li>\n<p> Si nei til flere m\u00f8ter som like godt kunne v\u00e6rt en e-post.<\/p>\n<\/li>\n<li>\n<p> Avsl\u00e5 et par invitasjoner til noe du helst ikke vil bruke tid p\u00e5.<\/p>\n<\/li>\n<\/ol>\n<p>Og f\u00e5r vi det ikke til i 2026, s\u00e5 har vi alltids 2027. Eller 2028, som tross alt er skudd\u00e5r og gir oss 24 timer ekstra. Godt nytt \u00e5r til alle tidsoptimister, tidstyver og tidsakrobater i Lindesnes!<\/p>\n<p><a href=\"https:\/\/www.l-a.no\/nyheter\/n\/yEL3aA\/mandalitt-er-ny-kommunikasjonsdirektoer-for-kunstsilo\" rel=\"nofollow noopener\" target=\"_blank\"> <img decoding=\"async\" src=\"data:image\/gif;base64,R0lGODlhEAAJAIAAAP\/\/\/wAAACH5BAEAAAAALAAAAAAQAAkAAAIKhI+py+0Po5yUFQA7\" alt=\"\"\/>   Mandalitt blir kommunikasjonsdirekt\u00f8r  <\/a> <\/p>\n","protected":false},"excerpt":{"rendered":"Nytt\u00e5rshilsen av Eva Kvelland \u00c5ret 2025 besto av 365 dager, 8760 timer eller 525.600 minutter. Et teoretisk hav&hellip;\n","protected":false},"author":2,"featured_media":127073,"comment_status":"","ping_status":"","sticky":false,"template":"","format":"standard","meta":{"footnotes":""},"categories":[57],"tags":[30,28,29,14656,65,63,64,66,70,69,67,68],"class_list":{"0":"post-127072","1":"post","2":"type-post","3":"status-publish","4":"format-standard","5":"has-post-thumbnail","7":"category-vitenskap-og-teknologi","8":"tag-no","9":"tag-norge","10":"tag-norway","11":"tag-nyttarshilsen","12":"tag-science","13":"tag-science-and-technology","14":"tag-scienceandtechnology","15":"tag-technology","16":"tag-teknologi","17":"tag-vitenskap","18":"tag-vitenskap-og-teknologi","19":"tag-vitenskapteknologi"},"share_on_mastodon":{"url":"https:\/\/pubeurope.com\/@no\/115825740510535563","error":""},"_links":{"self":[{"href":"https:\/\/www.europesays.com\/no\/wp-json\/wp\/v2\/posts\/127072","targetHints":{"allow":["GET"]}}],"collection":[{"href":"https:\/\/www.europesays.com\/no\/wp-json\/wp\/v2\/posts"}],"about":[{"href":"https:\/\/www.europesays.com\/no\/wp-json\/wp\/v2\/types\/post"}],"author":[{"embeddable":true,"href":"https:\/\/www.europesays.com\/no\/wp-json\/wp\/v2\/users\/2"}],"replies":[{"embeddable":true,"href":"https:\/\/www.europesays.com\/no\/wp-json\/wp\/v2\/comments?post=127072"}],"version-history":[{"count":0,"href":"https:\/\/www.europesays.com\/no\/wp-json\/wp\/v2\/posts\/127072\/revisions"}],"wp:featuredmedia":[{"embeddable":true,"href":"https:\/\/www.europesays.com\/no\/wp-json\/wp\/v2\/media\/127073"}],"wp:attachment":[{"href":"https:\/\/www.europesays.com\/no\/wp-json\/wp\/v2\/media?parent=127072"}],"wp:term":[{"taxonomy":"category","embeddable":true,"href":"https:\/\/www.europesays.com\/no\/wp-json\/wp\/v2\/categories?post=127072"},{"taxonomy":"post_tag","embeddable":true,"href":"https:\/\/www.europesays.com\/no\/wp-json\/wp\/v2\/tags?post=127072"}],"curies":[{"name":"wp","href":"https:\/\/api.w.org\/{rel}","templated":true}]}}