{"id":127082,"date":"2026-01-02T13:37:09","date_gmt":"2026-01-02T13:37:09","guid":{"rendered":"https:\/\/www.europesays.com\/no\/127082\/"},"modified":"2026-01-02T13:37:09","modified_gmt":"2026-01-02T13:37:09","slug":"angelina-jolie-pa-grensen-mot-gaza","status":"publish","type":"post","link":"https:\/\/www.europesays.com\/no\/127082\/","title":{"rendered":"Angelina Jolie p\u00e5 grensen mot Gaza"},"content":{"rendered":"\n<p class=\"_lead_o9xde_2 _lead_xtcu6_50 layout-component text-serif-m layout-normal text-serif-l layout-component layout-wide layout-padded _wide_17hqh_1 layout-padded\">Filmstjernen reiser sammen med amerikanske diplomater.<\/p>\n<p><img alt=\"Angelina Jolie inspiserte i dagRafah-grenseovergangen mellom Egypt og Gazastripen Foto: Ali Moustafa \/ Getty Images\" class=\"_image_qp4xg_65 layout-component layout-wide\" data-fullscreen- data-track-element-type=\"Article image fullscreen\" data-track-name=\"ImageFullscreen\" fetchpriority=\"high\" decoding=\"sync\" loading=\"eager\" height=\"3956\" itemprop=\"image\"  src=\"https:\/\/www.europesays.com\/no\/wp-content\/uploads\/2026\/01\/cce63981-1cff-41e2-be22-eb9e77372f22.jpeg\"  style=\"object-position:0% 0%\" width=\"4742\"\/>Angelina Jolie inspiserte i dagRafah-grenseovergangen mellom Egypt og Gazastripen Foto: Ali Moustafa \/ Getty Images<\/p>\n<ul aria-hidden=\"true\" class=\"_images_ntbth_112\">\n<li><a class=\"_link_ntbth_117\" href=\"https:\/\/www.vg.no\/forfatter\/catherine-gonsholt-ighanian\" style=\"z-index:1\" title=\"Catherine Gonsholt Ighanian\" rel=\"nofollow noopener\" target=\"_blank\"><img alt=\"Bilde av Catherine Gonsholt Ighanian\" class=\"_image_ntbth_93\" fetchpriority=\"low\" loading=\"lazy\" decoding=\"async\" itemprop=\"image\"  src=\"https:\/\/www.europesays.com\/no\/wp-content\/uploads\/2026\/01\/1767361028_912_72dca32d-ee6f-474c-a50e-72a9bb49f38a.jpeg\"  width=\"480\"\/><\/a><\/li>\n<\/ul>\n<p> Oppdatert fredag 2. januar kl. 14:15    <\/p>\n<ul class=\"_list_o9xde_3 _list_64s2r_85 _unordered_o9xde_106 text-sans-m\">\n<li class=\"_item_o9xde_30\">Angelina Jolie bes\u00f8kte grenseovergangen Rafah mellom Egypt og Gaza fredag.<\/li>\n<li class=\"_item_o9xde_30\">Hun ankom sammen med en delegasjon fra det amerikanske utenriksdepartementet.<\/li>\n<li class=\"_item_o9xde_30\">Form\u00e5let er \u00e5 unders\u00f8ke den humanit\u00e6re situasjonen og n\u00f8dhjelpsarbeidet i Gaza.<\/li>\n<li class=\"_item_o9xde_30\">Jolie m\u00f8tte lokale myndigheter og s\u00e5 hvordan skadede palestinere blir tatt imot.<\/li>\n<\/ul>\n<p>Vis mer <\/p>\n<p class=\"_paragraph_o9xde_4 _paragraph_xtcu6_10 layout-component text-serif-m layout-normal text-serif-m layout-padded\">Hollywood-stjernen <a href=\"https:\/\/www.vg.no\/tag\/angelina-jolie?utm_source=vg-article&amp;utm_medium=auto-tagger&amp;utm_campaign=BxREgw\" class=\"_link_o9xde_39\" rel=\"nofollow noopener\" target=\"_blank\">Angelina Jolie<\/a> ankom fredag grenseovergangen Rafah mellom Egypt og Gaza, melder den egyptiske avisen <a href=\"https:\/\/www.cairo24.com\/2346152\" class=\"_link_o9xde_39\" rel=\"nofollow noopener\" target=\"_blank\">Cairo24<\/a>.<\/p>\n<p class=\"_paragraph_o9xde_4 _paragraph_xtcu6_10 layout-component text-serif-m layout-normal text-serif-m layout-padded\">Den tidligere FN-spesialutsendingenFN-spesialutsendingenEn person som er utnevnt av FN for \u00e5 representere organisasjonen i spesifikke saker, ofte relatert til humanit\u00e6re kriser eller konflikter. for flyktninger kom sammen med en delegasjon fra det amerikanske utenriksdepartementet. <\/p>\n<p class=\"_paragraph_o9xde_4 _paragraph_xtcu6_10 layout-component text-serif-m layout-normal text-serif-m layout-padded\">Form\u00e5let med bes\u00f8ket er \u00e5 f\u00e5 innsikt i den humanit\u00e6re situasjonen og arbeidet med \u00e5 f\u00e5 hjelp inn til Gaza.<\/p>\n<p class=\"_paragraph_o9xde_4 _paragraph_xtcu6_10 layout-component text-serif-m layout-normal text-serif-m layout-padded\">Grensen mellom Egypt og Gaza er en viktig korridor for levering av n\u00f8dhjelp til det palestinske omr\u00e5det, selv om overgangen fortsatt er stengt for sivil trafikk, med unntak av sporadiske medisinske evakueringer.<\/p>\n<p><img alt=\"Angelina Jolie omgitt av presse i Rafah fredag.  Foto: Ali Moustafa \/ Getty Images\" class=\"_image_qp4xg_65 layout-component layout-normal\" data-fullscreen- data-track-element-type=\"Article image fullscreen\" data-track-name=\"ImageFullscreen\" decoding=\"async\" loading=\"lazy\" height=\"4672\" itemprop=\"image\"  src=\"https:\/\/www.europesays.com\/no\/wp-content\/uploads\/2026\/01\/2f129eff-0073-4d50-b0b7-106350f0f19d.png\"  style=\"object-position:0% 0%\" width=\"7008\"\/>Angelina Jolie omgitt av presse i Rafah fredag.  Foto: Ali Moustafa \/ Getty Images<\/p>\n<p class=\"_paragraph_o9xde_4 _paragraph_xtcu6_10 layout-component text-serif-m layout-normal text-serif-m layout-padded\">Jolie ble mottatt av guvern\u00f8r Khaled Megawer i Nord-Sinai og tidligere migrasjonsministermigrasjonsministerEn regjeringsmedlem som har ansvar for saker relatert til innvandring, utvandring og flyktninger. Nabila Makram, skriver <a href=\"https:\/\/www.cairo24.com\/2346152\" class=\"_link_o9xde_39\" rel=\"nofollow noopener\" target=\"_blank\">Cairo24<\/a>, som viser bilder fra bes\u00f8ket.<\/p>\n<p class=\"_paragraph_o9xde_4 _paragraph_xtcu6_10 layout-component text-serif-m layout-normal text-serif-m layout-padded\">Bes\u00f8ket inkluderer en inspeksjon av grenseovergangen og hvordan lastebiler med n\u00f8dhjelp kommer seg inn. <\/p>\n<p class=\"_paragraph_o9xde_4 _paragraph_xtcu6_10 layout-component text-serif-m layout-normal text-serif-m layout-padded\">Jolie skal ogs\u00e5 se hvordan s\u00e5rede og skadede palestinere blir tatt imot, samt f\u00f8lge det humanit\u00e6re arbeidet i grenseomr\u00e5det.<\/p>\n<p class=\"_paragraph_o9xde_4 _paragraph_xtcu6_10 layout-component text-serif-m layout-normal text-serif-m layout-padded\">Rafah-overgangen har v\u00e6rt et viktig knutepunkt for humanit\u00e6r hjelp til Gaza under den p\u00e5g\u00e5ende konflikten.<\/p>\n<p><img alt=\"Angelina Jolie, her under Rome Cinema Fest i Roma, Italia, i oktober 2025.  Foto: Marco Provvisionato \/ ipa-agency.net \/ Pa Photos\" class=\"_image_qp4xg_65 layout-component layout-normal\" data-fullscreen- data-track-element-type=\"Article image fullscreen\" data-track-name=\"ImageFullscreen\" decoding=\"async\" loading=\"lazy\" height=\"2829\" itemprop=\"image\"  src=\"https:\/\/www.europesays.com\/no\/wp-content\/uploads\/2026\/01\/f7e27931-f48d-477e-b063-edf93e027e2e.jpeg\"  style=\"object-position:0% 0%\" width=\"3506\"\/>Angelina Jolie, her under Rome Cinema Fest i Roma, Italia, i oktober 2025.  Foto: Marco Provvisionato \/ ipa-agency.net \/ Pa Photos<\/p>\n<p class=\"_paragraph_o9xde_4 _paragraph_xtcu6_10 layout-component text-serif-m layout-normal text-serif-m layout-padded\">Hollywood-stjernen var i 21 \u00e5r spesialutsending for FNs h\u00f8ykommiss\u00e6r for flyktninger. <\/p>\n<p class=\"_paragraph_o9xde_4 _paragraph_xtcu6_10 layout-component text-serif-m layout-normal text-serif-m layout-padded\">I den perioden var hun p\u00e5 over 60 feltoppdrag verden over.<\/p>\n<p class=\"_paragraph_o9xde_4 _paragraph_xtcu6_10 layout-component text-serif-m layout-normal text-serif-m layout-padded\">Da Jolie sluttet i vervet i 2022, forsikret hun at hun fortsatt ville engasjere seg i flyktningarbeid utenfor FNs regi.<\/p>\n<p class=\"_paragraph_o9xde_4 _paragraph_xtcu6_10 layout-component text-serif-m layout-normal text-serif-m layout-padded\">Skuespilleren var i november p\u00e5 et humanit\u00e6rt oppdrag i den krigsherjede byen Kherson i Ukraina.<\/p>\n<p class=\"_paragraph_o9xde_4 _paragraph_xtcu6_10 layout-component text-serif-m layout-normal text-serif-m layout-padded\">Der bes\u00f8kte hun medisinske institusjoner, deriblant et barnesykehus og en f\u00f8deavdeling.<\/p>\n<p class=\"_paragraph_o9xde_4 _paragraph_xtcu6_10 layout-component text-serif-m layout-normal text-serif-m layout-padded\"><strong class=\"_strong_o9xde_25\">Ogs\u00e5 i 2022 bes\u00f8kte Jolie Ukraina \u2013 da skjedde dette:<\/strong><\/p>\n<p>Les ogs\u00e5<\/p>\n","protected":false},"excerpt":{"rendered":"Filmstjernen reiser sammen med amerikanske diplomater. Angelina Jolie inspiserte i dagRafah-grenseovergangen mellom Egypt og Gazastripen Foto: Ali Moustafa&hellip;\n","protected":false},"author":2,"featured_media":127083,"comment_status":"","ping_status":"","sticky":false,"template":"","format":"standard","meta":{"footnotes":""},"categories":[12],"tags":[4435,20,21,24,25,53,15,1243,22,23,13,30,28,29,14,16,26,27,42,46,43,44,45],"class_list":{"0":"post-127082","1":"post","2":"type-post","3":"status-publish","4":"format-standard","5":"has-post-thumbnail","7":"category-verden","8":"tag-angelina-jolie","9":"tag-breaking-news","10":"tag-breakingnews","11":"tag-featured-news","12":"tag-featurednews","13":"tag-gaza","14":"tag-headlines","15":"tag-israel-palestina","16":"tag-latest-news","17":"tag-latestnews","18":"tag-news","19":"tag-no","20":"tag-norge","21":"tag-norway","22":"tag-nyheter","23":"tag-overskrifter","24":"tag-top-stories","25":"tag-topstories","26":"tag-verden","27":"tag-vgai","28":"tag-world","29":"tag-world-news","30":"tag-worldnews"},"share_on_mastodon":{"url":"https:\/\/pubeurope.com\/@no\/115825780020482156","error":""},"_links":{"self":[{"href":"https:\/\/www.europesays.com\/no\/wp-json\/wp\/v2\/posts\/127082","targetHints":{"allow":["GET"]}}],"collection":[{"href":"https:\/\/www.europesays.com\/no\/wp-json\/wp\/v2\/posts"}],"about":[{"href":"https:\/\/www.europesays.com\/no\/wp-json\/wp\/v2\/types\/post"}],"author":[{"embeddable":true,"href":"https:\/\/www.europesays.com\/no\/wp-json\/wp\/v2\/users\/2"}],"replies":[{"embeddable":true,"href":"https:\/\/www.europesays.com\/no\/wp-json\/wp\/v2\/comments?post=127082"}],"version-history":[{"count":0,"href":"https:\/\/www.europesays.com\/no\/wp-json\/wp\/v2\/posts\/127082\/revisions"}],"wp:featuredmedia":[{"embeddable":true,"href":"https:\/\/www.europesays.com\/no\/wp-json\/wp\/v2\/media\/127083"}],"wp:attachment":[{"href":"https:\/\/www.europesays.com\/no\/wp-json\/wp\/v2\/media?parent=127082"}],"wp:term":[{"taxonomy":"category","embeddable":true,"href":"https:\/\/www.europesays.com\/no\/wp-json\/wp\/v2\/categories?post=127082"},{"taxonomy":"post_tag","embeddable":true,"href":"https:\/\/www.europesays.com\/no\/wp-json\/wp\/v2\/tags?post=127082"}],"curies":[{"name":"wp","href":"https:\/\/api.w.org\/{rel}","templated":true}]}}