{"id":127084,"date":"2026-01-02T13:38:19","date_gmt":"2026-01-02T13:38:19","guid":{"rendered":"https:\/\/www.europesays.com\/no\/127084\/"},"modified":"2026-01-02T13:38:19","modified_gmt":"2026-01-02T13:38:19","slug":"tre-naboer-skal-ha-grepet-inn-for-a-stanse-tyveri-en-mann-dode-etter-a-ha-sluttet-a-puste-fvn-no","status":"publish","type":"post","link":"https:\/\/www.europesays.com\/no\/127084\/","title":{"rendered":"(+) Tre naboer skal ha grepet inn for \u00e5 stanse tyveri. En mann d\u00f8de etter \u00e5 ha sluttet \u00e5 puste. &#8211; fvn.no"},"content":{"rendered":"<ol>\n<li><a href=\"https:\/\/news.google.com\/rss\/articles\/CBMipgFBVV95cUxPYmdmdHlHVjAwbjFYdmVIaHl1Qm1mUm8tSmxPOTc2clQ3NmxsZVE4M09WQUk5OElZdFhGNjBxOVIzd0stcEJBenltNW5fVUE3Sy0wZTROTHh1TVg0a3pDX0VkNVVDOEd5ZkFZYWtUMFhENFQzMnMtdEUtRE9JOVRLV0IyVjI3cHJyTTM4WERBR0I1MFJGNFRSV2hLSWoxUElUbnhLaDJ3?oc=5\" target=\"_blank\" rel=\"nofollow noopener\">(+) Tre naboer skal ha grepet inn for \u00e5 stanse tyveri. En mann d\u00f8de etter \u00e5 ha sluttet \u00e5 puste.<\/a>&nbsp;&nbsp;fvn.no<\/li>\n<li><a href=\"https:\/\/news.google.com\/rss\/articles\/CBMihgFBVV95cUxNeUlHXzZYdVZJYUZvTHpWWF90ZmJtRGlvUmt5dC1WZl9tamw2cGJlNUIzWVp4U1dwclBfdFI0N1J2aWp5LUNET1dhdDZpWEdFNWs1ejlTV3piRUtNc0VLYXkxZVBHX3VQc0ZXdmxfS1NabVhONEpqOVJwY1hoel9pWVpWeHpjZw?oc=5\" target=\"_blank\" rel=\"nofollow noopener\">Mann d\u00f8d i Stavanger \u2013 tre personer siktet<\/a>&nbsp;&nbsp;VG<\/li>\n<li><a href=\"https:\/\/news.google.com\/rss\/articles\/CBMisgFBVV95cUxNRzV5RW5CaGlPQm5Vd3ZINlNmVlhocUpINDcxS0IyQnkzSmpmUFhXMkhXZkwxSVRidGx6SXZNNGJ6TGZPNlh3Mnc5SlRTWGhXNTI0cENHalVROUotbV9Kc01VX3JzMjZuN3o0Z2hqb1NWODRwbVc0bUt1WXdNZlpPUDlfUGdGUXVSZTREZW5oZVFZNFA5VHg2eE9YcEhDZ3VidkZOOEhjS0N1UFVyNnZsQ3d3?oc=5\" target=\"_blank\" rel=\"nofollow noopener\">Brutal start p\u00e5 ny\u00e5ret for beboerne p\u00e5 Tjensvoll: \u2013 Det blir litt for n\u00e6rt<\/a>&nbsp;&nbsp;Stavanger Aftenblad<\/li>\n<li><a href=\"https:\/\/news.google.com\/rss\/articles\/CBMid0FVX3lxTE1KT3pmdURXWmhiQ3phQ0UyVURMbUtNNGg4Sk5hdmtJUk53Q3dhTDdVdWZSNmpfUGUtUTVPNVFSNEVpYzhyVURjMGt3RW1wSkhpaFY1Zk9kdk9mcEh4TG5WbHlHWnM5bFRzOWw3WG43TW5ld3A4SFVF?oc=5\" target=\"_blank\" rel=\"nofollow noopener\">Holdt nede &#8211; sluttet \u00e5 puste<\/a>&nbsp;&nbsp;Dagbladet<\/li>\n<li><a href=\"https:\/\/news.google.com\/rss\/articles\/CBMirgFBVV95cUxPanBFTUdOeEhpT0syUWJjTjU3cGNyREtCUEtQRmFQSXhxN0VCYndUMTdfSWdySFNVUnc1SnZVQUZiZ2tqa1Q3TERTV2NNaEJQMURObGVwQ2dBR0o4SXR4YU1sS04xUzkzOEdtLUNqcDNLbDZaZGhIajhieExKdlRIN0htVHhFNnlYbVdvcUFLY2laa2NCRVVjelI0ckREa0lxM3haVENpaHpmQmZCZUE?oc=5\" target=\"_blank\" rel=\"nofollow noopener\">Mann d\u00f8d etter hendelse p\u00e5 byggeplass i Stavanger: Tre personer siktet<\/a>&nbsp;&nbsp;NRK<\/li>\n<\/ol>\n","protected":false},"excerpt":{"rendered":"(+) Tre naboer skal ha grepet inn for \u00e5 stanse tyveri. En mann d\u00f8de etter \u00e5 ha sluttet&hellip;\n","protected":false},"author":2,"featured_media":127085,"comment_status":"","ping_status":"","sticky":false,"template":"","format":"standard","meta":{"footnotes":""},"categories":[10],"tags":[20,21,24,25,15,22,23,13,30,28,29,14,16,468,1306,14894,26,27],"class_list":{"0":"post-127084","1":"post","2":"type-post","3":"status-publish","4":"format-standard","5":"has-post-thumbnail","7":"category-norge","8":"tag-breaking-news","9":"tag-breakingnews","10":"tag-featured-news","11":"tag-featurednews","12":"tag-headlines","13":"tag-latest-news","14":"tag-latestnews","15":"tag-news","16":"tag-no","17":"tag-norge","18":"tag-norway","19":"tag-nyheter","20":"tag-overskrifter","21":"tag-politiet","22":"tag-stavanger","23":"tag-tjensvoll","24":"tag-top-stories","25":"tag-topstories"},"share_on_mastodon":{"url":"https:\/\/pubeurope.com\/@no\/115825783917157105","error":""},"_links":{"self":[{"href":"https:\/\/www.europesays.com\/no\/wp-json\/wp\/v2\/posts\/127084","targetHints":{"allow":["GET"]}}],"collection":[{"href":"https:\/\/www.europesays.com\/no\/wp-json\/wp\/v2\/posts"}],"about":[{"href":"https:\/\/www.europesays.com\/no\/wp-json\/wp\/v2\/types\/post"}],"author":[{"embeddable":true,"href":"https:\/\/www.europesays.com\/no\/wp-json\/wp\/v2\/users\/2"}],"replies":[{"embeddable":true,"href":"https:\/\/www.europesays.com\/no\/wp-json\/wp\/v2\/comments?post=127084"}],"version-history":[{"count":0,"href":"https:\/\/www.europesays.com\/no\/wp-json\/wp\/v2\/posts\/127084\/revisions"}],"wp:featuredmedia":[{"embeddable":true,"href":"https:\/\/www.europesays.com\/no\/wp-json\/wp\/v2\/media\/127085"}],"wp:attachment":[{"href":"https:\/\/www.europesays.com\/no\/wp-json\/wp\/v2\/media?parent=127084"}],"wp:term":[{"taxonomy":"category","embeddable":true,"href":"https:\/\/www.europesays.com\/no\/wp-json\/wp\/v2\/categories?post=127084"},{"taxonomy":"post_tag","embeddable":true,"href":"https:\/\/www.europesays.com\/no\/wp-json\/wp\/v2\/tags?post=127084"}],"curies":[{"name":"wp","href":"https:\/\/api.w.org\/{rel}","templated":true}]}}