{"id":127088,"date":"2026-01-02T13:40:15","date_gmt":"2026-01-02T13:40:15","guid":{"rendered":"https:\/\/www.europesays.com\/no\/127088\/"},"modified":"2026-01-02T13:40:15","modified_gmt":"2026-01-02T13:40:15","slug":"mads-hansen-gir-seg-som-programleder-i-topp-3-etter-300-episoder-2","status":"publish","type":"post","link":"https:\/\/www.europesays.com\/no\/127088\/","title":{"rendered":"Mads Hansen gir seg som programleder i \u00abTopp 3\u00bb etter 300 episoder"},"content":{"rendered":"<p class=\"kicker \" style=\"\">Mads Hansen:<\/p>\n<p>  Etter 300 episoder med podkasten \u00abTopp 3\u00bb, takker Mads Hansen for seg.<\/p>\n<p>\n    GIR SEG: Mads Hansen gir seg som programleder i podkasten \u00abTopp 3\u00bb. Foto: Andreas Fadum \/ Se og H\u00f8r\n  <\/p>\n<p> &#8211; Jeg skal slutte som programleder fordi vi i \u00abSp\u00e5rtsklubben\u00bb skal ha en ekstra episode i uken. Det blir for voldsomt, s\u00e5 da hopper jeg av her og en ny programleder overtar mine sko. Jeg kan si at den som tar over er dritbra. Det blir en nydelig duo, sier Mads Hansen (41) i en uttalelse. <\/p>\n<p>    <a itemprop=\"url\" href=\"https:\/\/www.seher.no\/kjendis\/fant-tilbake-til-hverandre\/84046042\" rel=\"nofollow noopener\" target=\"_blank\"><\/p>\n<p>        <img loading=\"lazy\" decoding=\"async\" src=\"https:\/\/www.europesays.com\/no\/wp-content\/uploads\/2026\/01\/84046087.webp.webp\" width=\"980\" height=\"441\" title=\"Fant tilbake til hverandre\" alt=\"\" class=\"lazyload\" style=\"--aspect-ratio-image: 2.22; \"\/><\/p>\n<p>        Fant tilbake til hverandre<\/p>\n<p>    <\/a><\/p>\n<p class=\"font-weight-bold m-font-weight-bold\" data-lab-font_weight=\"font-weight-bold\">Han har i flere \u00e5r ledet podkasten sammen med komiker Rasmus Wold (34). Wold fortsetter som programleder med ny makker.<\/p>\n<p>&#8211; Du kan hvile n\u00e5\t<\/p>\n<p>Profilen som tar over stafettpinnen som programleder er komiker Henrik Fladseth (37).<\/p>\n<p>        <img loading=\"lazy\" decoding=\"async\" src=\"https:\/\/www.europesays.com\/no\/wp-content\/uploads\/2026\/01\/84047646.webp.webp\" width=\"667\" height=\"381\" title=\"TAR OVER: Henrik Fladseth er klar for \u00e5 underholde lytterne av podkasten \u00abTopp 3\u00bb hver fredag. Foto: Andreas Fadum \/ Se og H\u00f8r\" alt=\"\" class=\"\" style=\"--aspect-ratio-image: 1.75; \"\/><\/p>\n<p>\n        TAR OVER: Henrik Fladseth er klar for \u00e5 underholde lytterne av podkasten \u00abTopp 3\u00bb hver fredag. Foto: Andreas Fadum \/ Se og H\u00f8r\n    <\/p>\n<p>Allerede i denne ukens episode f\u00e5r Fladseth pr\u00f8ve seg i rollen, n\u00e5r Hansen setter seg i gjestestolen og komikeren gj\u00f8r sin debut.<\/p>\n<p>&#8211; Du kan hvile n\u00e5, Mads. N\u00e5 har du jaga hele livet. Podkast for meg er et fristed. Der koser jeg meg. Da kan jeg la kjeften g\u00e5, om ikke l\u00f8psk, til enhver tid. Jeg er glad i \u00e5 prate, sier Fladseth.<\/p>\n<p>    <a itemprop=\"url\" href=\"https:\/\/www.seher.no\/kjendis\/het-flort-med-ny-mann\/84047399\" rel=\"nofollow noopener\" target=\"_blank\"><\/p>\n<p>        <img loading=\"lazy\" decoding=\"async\" src=\"https:\/\/www.europesays.com\/no\/wp-content\/uploads\/2026\/01\/83903799.webp.webp\" width=\"980\" height=\"441\" title=\"Het fl\u00f8rt med ny mann\" alt=\"\" class=\"lazyload\" style=\"--aspect-ratio-image: 2.22; \"\/><\/p>\n<p>        Het fl\u00f8rt med ny mann<\/p>\n<p>    <\/a><\/p>\n<p>Komikeren er best kjent som standupkomiker, fra \u00e5rets sesong av\u00a0\u00ab71 grader nord\u00bb og for \u00e5 ha vunnet sesong 2 av \u00abIkke lov \u00e5 le p\u00e5 hytta\u00bb.<\/p>\n<p>Verdens verste publikum\t<\/p>\n<p>37-\u00e5ringen har hatt en travel TV-h\u00f8st i 2025 med blant annet \u00abKongen befaler\u00bb,\u00a0 \u00ab71 grader nord\u00bb og all stars-sesongen av\u00a0\u00abIkke lov \u00e5 le p\u00e5 hytta\u00bb. I sistnevnte program tapte han finalen mot komikerkollega Steinar Klouman Hallert (33).<\/p>\n<p>        \u00abIKKE LOV \u00c5 LE P\u00c5 HYTTA\u00bb: Det ble d\u00e5rlig stemning inne p\u00e5 hytta under \u00e5rets sesong. Video: \u00abIkke lov \u00e5 le p\u00e5 hytta\u00bb\/VGTV, R\u00f8d L\u00f8per\/Nora Skavhaug\/Thea Hope<\/p>\n<p class=\"font-weight-bold m-font-weight-bold\" data-lab-font_weight=\"font-weight-bold\">Starten p\u00e5 det nye \u00e5ret ser ogs\u00e5 ut til \u00e5 bli innholdsrik for Fladseth.<\/p>\n<p>Denne fredagen tar han ikke bare over etter Hansen i \u00abTopp 3\u00bb, men blir ogs\u00e5 \u00e5 se i NRKs nye humorsatsing \u00abVerdens verste publikum\u00bb, hvor hensikten er \u00e5 f\u00e5 publikum til \u00e5 le.<\/p>\n","protected":false},"excerpt":{"rendered":"Mads Hansen: Etter 300 episoder med podkasten \u00abTopp 3\u00bb, takker Mads Hansen for seg. GIR SEG: Mads Hansen&hellip;\n","protected":false},"author":2,"featured_media":127089,"comment_status":"","ping_status":"","sticky":false,"template":"","format":"standard","meta":{"footnotes":""},"categories":[59],"tags":[2786,479,2543,5164,30,28,29,83,82],"class_list":{"0":"post-127088","1":"post","2":"type-post","3":"status-publish","4":"format-standard","5":"has-post-thumbnail","7":"category-sport","8":"tag-henrik-fladseth","9":"tag-kjendis","10":"tag-kjendisdesken","11":"tag-mads-hansen","12":"tag-no","13":"tag-norge","14":"tag-norway","15":"tag-sport","16":"tag-sports"},"share_on_mastodon":{"url":"https:\/\/pubeurope.com\/@no\/115825791673234036","error":""},"_links":{"self":[{"href":"https:\/\/www.europesays.com\/no\/wp-json\/wp\/v2\/posts\/127088","targetHints":{"allow":["GET"]}}],"collection":[{"href":"https:\/\/www.europesays.com\/no\/wp-json\/wp\/v2\/posts"}],"about":[{"href":"https:\/\/www.europesays.com\/no\/wp-json\/wp\/v2\/types\/post"}],"author":[{"embeddable":true,"href":"https:\/\/www.europesays.com\/no\/wp-json\/wp\/v2\/users\/2"}],"replies":[{"embeddable":true,"href":"https:\/\/www.europesays.com\/no\/wp-json\/wp\/v2\/comments?post=127088"}],"version-history":[{"count":0,"href":"https:\/\/www.europesays.com\/no\/wp-json\/wp\/v2\/posts\/127088\/revisions"}],"wp:featuredmedia":[{"embeddable":true,"href":"https:\/\/www.europesays.com\/no\/wp-json\/wp\/v2\/media\/127089"}],"wp:attachment":[{"href":"https:\/\/www.europesays.com\/no\/wp-json\/wp\/v2\/media?parent=127088"}],"wp:term":[{"taxonomy":"category","embeddable":true,"href":"https:\/\/www.europesays.com\/no\/wp-json\/wp\/v2\/categories?post=127088"},{"taxonomy":"post_tag","embeddable":true,"href":"https:\/\/www.europesays.com\/no\/wp-json\/wp\/v2\/tags?post=127088"}],"curies":[{"name":"wp","href":"https:\/\/api.w.org\/{rel}","templated":true}]}}