{"id":127090,"date":"2026-01-02T13:44:11","date_gmt":"2026-01-02T13:44:11","guid":{"rendered":"https:\/\/www.europesays.com\/no\/127090\/"},"modified":"2026-01-02T13:44:11","modified_gmt":"2026-01-02T13:44:11","slug":"folk-blor-og-er-i-sjokk","status":"publish","type":"post","link":"https:\/\/www.europesays.com\/no\/127090\/","title":{"rendered":"&#8211; Folk bl\u00f8r og er i sjokk"},"content":{"rendered":"<p>  En toetasjes buss med 48 personer om bord har veltet p\u00e5 E4 i Sverige.<\/p>\n<p>\n    ULYKKE: En dobbeltdekker og to biler har kollidert p\u00e5 E4 utenfor Skellefte\u00e5 i Sverige. Foto: Bj\u00f6rn Kristoffersson\n  <\/p>\n<p>En toetasjes buss med 48 passasjerer om bord har veltet og ligger i en gr\u00f8ft p\u00e5 E4 s\u00f8r for Skellefte\u00e5 i Sverige, opplyser svensk politi.<\/p>\n<p>\u00c5rsaken til bussvelten er ikke kjent, men if\u00f8lge\u00a0<a href=\"https:\/\/www.svt.se\/nyheter\/lokalt\/vasterbotten\/buss-och-personbilar-i-krock-pa-e4-bussen-har-valt-i-diket\" target=\"_blank\" rel=\"nofollow noopener\">SVT Nyheter V\u00e4sterbotten<\/a>\u00a0skal bussen ha blitt p\u00e5kj\u00f8rt av to personbiler bakfra etter at den veltet. Ogs\u00e5 personbilene ligger i gr\u00f8fta, if\u00f8lge politiet. <\/p>\n<p>Svensk politi melder at totalt elleve personer er sendt til sykehus. De \u00f8vrige passasjeren har f\u00e5tt plass p\u00e5 en annen buss, skriver politiet.<\/p>\n<p> Bj\u00f6rn Kristoffersson befinner seg p\u00e5 stedet. Han s\u00e5 ikke selve ulykken, men kom kort tid etter at den inntraff, og sier til <a href=\"https:\/\/www.expressen.se\/nyheter\/sverige\/dubbeldackare-har-valt-pa-e4-utanfor-lovanger\/\" rel=\"nofollow noopener\" target=\"_blank\">Expressen<\/a> at det er kaos p\u00e5 stedet.<\/p>\n<p class=\"font-weight-bold m-font-weight-bold\" data-lab-font_weight=\"font-weight-bold\">&#8211; Det er ganske mange skadde folk her. Folk bl\u00f8r og er i sjokk, sier han til Dagbladet.\u00a0<\/p>\n<p>&#8211; Folk st\u00e5r utenfor bussen og pr\u00f8ver \u00e5 hjelpe hverandre, fortsetter han.<\/p>\n<p>Kristoffersen ansl\u00e5r at minst ti ambulanser har passert ham mens han har st\u00e5tt i k\u00f8 ved ulykkesstedet.\u00a0<\/p>\n<p>&#8211; Jeg h\u00e5per folk klarer seg, sier han.<\/p>\n<p> Melding om ulykken kom inn klokka12.10 fredag. <\/p>\n<p class=\"font-weight-bold m-font-weight-bold\" data-lab-font_weight=\"font-weight-bold\">&#8211; Det er en fullstor buss. If\u00f8lge de f\u00f8rste opplysningene er det 48 passasjerer om bord p\u00e5 bussen, sier politiets talsperson Elisabeth Glaas.<\/p>\n<p>If\u00f8lge <a href=\"https:\/\/www.expressen.se\/nyheter\/sverige\/dubbeldackare-har-valt-pa-e4-utanfor-lovanger\/\" rel=\"nofollow noopener\" target=\"_blank\">Expressen<\/a> er \u00e5tte ambulanser og ett ambulansehelikopter tilkalt ulykkesstedet. Skadeomfanget er forel\u00f8pig ukjent.\u00a0<\/p>\n","protected":false},"excerpt":{"rendered":"En toetasjes buss med 48 personer om bord har veltet p\u00e5 E4 i Sverige. ULYKKE: En dobbeltdekker og&hellip;\n","protected":false},"author":2,"featured_media":127091,"comment_status":"","ping_status":"","sticky":false,"template":"","format":"standard","meta":{"footnotes":""},"categories":[12],"tags":[20,21,24,25,15,2539,22,23,13,30,28,29,14,16,26,27,42,43,44,45],"class_list":{"0":"post-127090","1":"post","2":"type-post","3":"status-publish","4":"format-standard","5":"has-post-thumbnail","7":"category-verden","8":"tag-breaking-news","9":"tag-breakingnews","10":"tag-featured-news","11":"tag-featurednews","12":"tag-headlines","13":"tag-innenriks","14":"tag-latest-news","15":"tag-latestnews","16":"tag-news","17":"tag-no","18":"tag-norge","19":"tag-norway","20":"tag-nyheter","21":"tag-overskrifter","22":"tag-top-stories","23":"tag-topstories","24":"tag-verden","25":"tag-world","26":"tag-world-news","27":"tag-worldnews"},"share_on_mastodon":{"url":"https:\/\/pubeurope.com\/@no\/115825807426791078","error":""},"_links":{"self":[{"href":"https:\/\/www.europesays.com\/no\/wp-json\/wp\/v2\/posts\/127090","targetHints":{"allow":["GET"]}}],"collection":[{"href":"https:\/\/www.europesays.com\/no\/wp-json\/wp\/v2\/posts"}],"about":[{"href":"https:\/\/www.europesays.com\/no\/wp-json\/wp\/v2\/types\/post"}],"author":[{"embeddable":true,"href":"https:\/\/www.europesays.com\/no\/wp-json\/wp\/v2\/users\/2"}],"replies":[{"embeddable":true,"href":"https:\/\/www.europesays.com\/no\/wp-json\/wp\/v2\/comments?post=127090"}],"version-history":[{"count":0,"href":"https:\/\/www.europesays.com\/no\/wp-json\/wp\/v2\/posts\/127090\/revisions"}],"wp:featuredmedia":[{"embeddable":true,"href":"https:\/\/www.europesays.com\/no\/wp-json\/wp\/v2\/media\/127091"}],"wp:attachment":[{"href":"https:\/\/www.europesays.com\/no\/wp-json\/wp\/v2\/media?parent=127090"}],"wp:term":[{"taxonomy":"category","embeddable":true,"href":"https:\/\/www.europesays.com\/no\/wp-json\/wp\/v2\/categories?post=127090"},{"taxonomy":"post_tag","embeddable":true,"href":"https:\/\/www.europesays.com\/no\/wp-json\/wp\/v2\/tags?post=127090"}],"curies":[{"name":"wp","href":"https:\/\/api.w.org\/{rel}","templated":true}]}}