{"id":127094,"date":"2026-01-02T13:46:22","date_gmt":"2026-01-02T13:46:22","guid":{"rendered":"https:\/\/www.europesays.com\/no\/127094\/"},"modified":"2026-01-02T13:46:22","modified_gmt":"2026-01-02T13:46:22","slug":"trafikk-vaer-na-er-den-her-slik-ser-det-ut-pa-veiene-na","status":"publish","type":"post","link":"https:\/\/www.europesays.com\/no\/127094\/","title":{"rendered":"Trafikk, V\u00e6r | N\u00e5 er den her \u2013 slik ser det ut p\u00e5 veiene n\u00e5"},"content":{"rendered":"\n<p>Det har v\u00e6rt noen dager med sn\u00f8 denne vinteren, men s\u00e5 har det smeltet og v\u00e6rt mildv\u00e6r. Deretter kulde uten sn\u00f8, en del regn og mye vanskelige kj\u00f8reforhold.<\/p>\n<p>De fleste steder m\u00e5tte vi klare oss uten hvit jul \u2013 bortsett fra rimfrost p\u00e5 bakken.<\/p>\n<p>Men nytt\u00e5rsaften kom det litt sn\u00f8, og torsdag kveld og inn i fredag morgen har det kommet et fint hvitt teppe de fleste steder. Skal du ut og kj\u00f8re i dag b\u00f8r du v\u00e6re klar over dette.<\/p>\n<p>  <a href=\"https:\/\/www.oa.no\/5-35-2208028\" class=\"related-teaser has-image default-story-teaser article--c-eRUmMG article--c-eRUmMG-jKCPdD-design-default\" rel=\"nofollow noopener\" target=\"_blank\"><\/p>\n<p>    <img decoding=\"async\" loading=\"lazy\"  src=\"https:\/\/www.europesays.com\/no\/wp-content\/uploads\/2026\/01\/481875150_1239239317858339_2898224388481664103_n+kopi.jpg\" alt=\"\" class=\"brick-c-cFOWSL\" style=\"\"\/><\/p>\n<p>\n            Les ogs\u00e5<\/p>\n<p>              Travel natt for politiet\n        <\/p>\n<p>  <\/a><\/p>\n<p>Det er skiftende kj\u00f8reforhold i distriktet. Langs riksvei 4 blir det meldt om sn\u00f8v\u00e6r og en del vind, noe som gj\u00f8r sikten begrenset. Dette gjelder fra Hadeland og til omtrent Reinsvoll. Men fra der og mot Gj\u00f8vik er det mye lettere v\u00e6r.<\/p>\n<p>I morgentimene var det sn\u00f8 i noen forsiktige vindkast over Vardals\u00e5sen langs fylkesvei 33, og i veibanen l\u00e5 det kun et lett teppe sn\u00f8.<\/p>\n<p>            Slik ser det ut p\u00e5 veiene n\u00e5<\/p>\n<p><b>Riksvei 4 \u2013 Eina<\/b><\/p>\n<p><b>Riksvei 4 \u2013 Lygna<\/b><\/p>\n<p><b>Fylkesvei 33 \u2013 Vardals\u00e5sen<\/b><\/p>\n<p><b>E6 \u2013 Mj\u00f8sbrua<\/b><\/p>\n<p><b>Fylkesvei 250 \u2013 Vingroms\u00e5sen<\/b><\/p>\n<p><b>Fylkesvei 33 \u2013 Tons\u00e5sen<\/b><\/p>\n<p><b>E16 \u2013 Kalplassen<\/b><\/p>\n<p><b>E16 \u2013 Begnadalen<\/b><\/p>\n<p><b>E6 \u2013 Rudsh\u00f8gda<\/b><\/p>\n<p><b>Fylkesvei 51 &#8211; Valdresflye<\/b><\/p>\n<p><b>E16 &#8211; Tyin<\/b><\/p>\n<p>  <a href=\"https:\/\/www.oa.no\/5-35-2208088\" class=\"related-teaser has-image default-story-teaser article--c-eRUmMG article--c-eRUmMG-jKCPdD-design-default\" rel=\"nofollow noopener\" target=\"_blank\"><\/p>\n<p>    <img decoding=\"async\" loading=\"lazy\"  src=\"https:\/\/www.europesays.com\/no\/wp-content\/uploads\/2026\/01\/image00000011.JPG\" alt=\"\" class=\"brick-c-cFOWSL\" style=\"\"\/><\/p>\n<p>\n            Les ogs\u00e5<\/p>\n<p>              Vannlekkasjen n\u00e5dde sikringsskapet: \u2013 Det kunne ha smelt\n        <\/p>\n<p>  <\/a><\/p>\n","protected":false},"excerpt":{"rendered":"Det har v\u00e6rt noen dager med sn\u00f8 denne vinteren, men s\u00e5 har det smeltet og v\u00e6rt mildv\u00e6r. Deretter&hellip;\n","protected":false},"author":2,"featured_media":127095,"comment_status":"","ping_status":"","sticky":false,"template":"","format":"standard","meta":{"footnotes":""},"categories":[5],"tags":[36,20,21,24,25,11247,15,19,22,23,17,18,13,30,28,29,14,16,1510,26,27,224,553],"class_list":{"0":"post-127094","1":"post","2":"type-post","3":"status-publish","4":"format-standard","5":"has-post-thumbnail","7":"category-overskrifter","8":"tag-art","9":"tag-breaking-news","10":"tag-breakingnews","11":"tag-featured-news","12":"tag-featurednews","13":"tag-glatt-fore","14":"tag-headlines","15":"tag-hovedoppslag","16":"tag-latest-news","17":"tag-latestnews","18":"tag-main-news","19":"tag-mainnews","20":"tag-news","21":"tag-no","22":"tag-norge","23":"tag-norway","24":"tag-nyheter","25":"tag-overskrifter","26":"tag-story","27":"tag-top-stories","28":"tag-topstories","29":"tag-trafikk","30":"tag-vaer"},"share_on_mastodon":{"url":"https:\/\/pubeurope.com\/@no\/115825815375278624","error":""},"_links":{"self":[{"href":"https:\/\/www.europesays.com\/no\/wp-json\/wp\/v2\/posts\/127094","targetHints":{"allow":["GET"]}}],"collection":[{"href":"https:\/\/www.europesays.com\/no\/wp-json\/wp\/v2\/posts"}],"about":[{"href":"https:\/\/www.europesays.com\/no\/wp-json\/wp\/v2\/types\/post"}],"author":[{"embeddable":true,"href":"https:\/\/www.europesays.com\/no\/wp-json\/wp\/v2\/users\/2"}],"replies":[{"embeddable":true,"href":"https:\/\/www.europesays.com\/no\/wp-json\/wp\/v2\/comments?post=127094"}],"version-history":[{"count":0,"href":"https:\/\/www.europesays.com\/no\/wp-json\/wp\/v2\/posts\/127094\/revisions"}],"wp:featuredmedia":[{"embeddable":true,"href":"https:\/\/www.europesays.com\/no\/wp-json\/wp\/v2\/media\/127095"}],"wp:attachment":[{"href":"https:\/\/www.europesays.com\/no\/wp-json\/wp\/v2\/media?parent=127094"}],"wp:term":[{"taxonomy":"category","embeddable":true,"href":"https:\/\/www.europesays.com\/no\/wp-json\/wp\/v2\/categories?post=127094"},{"taxonomy":"post_tag","embeddable":true,"href":"https:\/\/www.europesays.com\/no\/wp-json\/wp\/v2\/tags?post=127094"}],"curies":[{"name":"wp","href":"https:\/\/api.w.org\/{rel}","templated":true}]}}