{"id":127100,"date":"2026-01-02T13:52:15","date_gmt":"2026-01-02T13:52:15","guid":{"rendered":"https:\/\/www.europesays.com\/no\/127100\/"},"modified":"2026-01-02T13:52:15","modified_gmt":"2026-01-02T13:52:15","slug":"lillesoster-kom-litt-tidligere-enn-planlagt-svigers-matte-hente-nyttarsmiddagen-altaposten-no","status":"publish","type":"post","link":"https:\/\/www.europesays.com\/no\/127100\/","title":{"rendered":"(+) Lilles\u00f8ster kom litt tidligere enn planlagt: Svigers m\u00e5tte hente nytt\u00e5rsmiddagen &#8211; altaposten.no"},"content":{"rendered":"<ol>\n<li><a href=\"https:\/\/news.google.com\/rss\/articles\/CBMiwwFBVV95cUxQNmM5ZDdYamFkd0llQmUySTEyYzZodUVSYnkwd1lfRG0wMjRFSGZhc25zOHNmcmFYdkpnSWJudl9vc0UweUJWVm9KWjdBUWhEX2E0dkpCSGlTeGZrc0FKd184WTd3aUJHMl82emZQcVhHaG14NzBrRW1QbG1fNmF5T1M5TDFTT2RibDNjM3hZdzZNQTlWNGhyX2kzLVRhSHEwMzM3a3hoaWtVOGVya00zQXZBZS1EQllEY2cxcHpkRjFWWHM?oc=5\" target=\"_blank\" rel=\"nofollow noopener\">(+) Lilles\u00f8ster kom litt tidligere enn planlagt: Svigers m\u00e5tte hente nytt\u00e5rsmiddagen<\/a>&nbsp;&nbsp;altaposten.no<\/li>\n<li><a href=\"https:\/\/news.google.com\/rss\/articles\/CBMipAFBVV95cUxPV3RUSWhGSTFlenY3RkZNQTU1S1FMVEVwd0VvTHF6YXA2UXRpU0JONnl1SUw1MUJwaWlGamJnUm9ZY1J4VFZROEFnUVhkZTROYklHcndCbmsyd0RfeERiV0RXWFdZRmFhYk1WMjYxWTRfN3JVSnRSd0JoR3ZWaHR4Mk5OeExXWWJaT0FwcmJtQ2t2Nl9Pakgza2lnVlJhWUgzM0hvRQ?oc=5\" target=\"_blank\" rel=\"nofollow noopener\">F\u00f8dselstallene, Finnmark | Tredje \u00e5r p\u00e5 rad med baby-vekst: Hadde seks f\u00f8dsler p\u00e5 ett d\u00f8gn<\/a>&nbsp;&nbsp;iFinnmark<\/li>\n<li><a href=\"https:\/\/news.google.com\/rss\/articles\/CBMikAFBVV95cUxPWi1fQ0VlX1dqTEYweVhiLWIwWjhHd3hRUFREVUZxa3JyTW1pWmxBNXAxVVotcjc3eS1xU0xqc2J6WnBCNi1Qb3RPOFlrT1ZaZG1xTlhLT01pWFZUc3M2ZXEtZ1o2dVNYUjRKX2xZdDdzQVlxNXFWMjRNRkoyUkRJdGxRdGI5RlhBVjFwZnliMjQ?oc=5\" target=\"_blank\" rel=\"nofollow noopener\">Nytt\u00e5rsbarnet i Finnmark er fra Honningsv\u00e5g<\/a>&nbsp;&nbsp;Radio Nordkapp<\/li>\n<li><a href=\"https:\/\/news.google.com\/rss\/articles\/CBMifEFVX3lxTE0wb1NGR0tZY3J4Y2lhekRqYndXVHQtZnFoQXEzVmJsbkN2TExWeWt1Q3N0bEtXSndSQWVQbUotbFpMTDg4RTJXOVZTMHUxd0p5RHloaUhROHZQcjVZX1E1dTU0V1hlV1NQdldxWlZrbWpqQUxibjUyTjl1bUI?oc=5\" target=\"_blank\" rel=\"nofollow noopener\">(+) Nytt\u00e5rsjenta kom i formiddag<\/a>&nbsp;&nbsp;altaposten.no<\/li>\n<li><a href=\"https:\/\/news.google.com\/rss\/articles\/CBMipgFBVV95cUxPV3lEVDZTazlLZ0ZmdzA2YW56NWo3ZmFTeW1QTndDWHBuLWlvUlZpRExKbUt5bldpTlhycHM4LWFjVG9HYl9iYWJIeXJVNjVkSi1nMHZ5V0hfWllfVnBPcmVMU29va0pXbmJQZS1oRmRDZm5lTUQzNlNVcVZ2UUV1cVpHeXRkWVEycmt5WWFMa0hvUTlxMnNTdTFXTEdOWTFZS2dzS1Fn?oc=5\" target=\"_blank\" rel=\"nofollow noopener\">(+) 628 ble f\u00f8dt i Finnmark i 2025, \u00f8kning i Hammerfest og Alta<\/a>&nbsp;&nbsp;altaposten.no<\/li>\n<\/ol>\n","protected":false},"excerpt":{"rendered":"(+) Lilles\u00f8ster kom litt tidligere enn planlagt: Svigers m\u00e5tte hente nytt\u00e5rsmiddagen&nbsp;&nbsp;altaposten.no F\u00f8dselstallene, Finnmark | Tredje \u00e5r p\u00e5 rad&hellip;\n","protected":false},"author":2,"featured_media":127101,"comment_status":"","ping_status":"","sticky":false,"template":"","format":"standard","meta":{"footnotes":""},"categories":[10],"tags":[1301,20,21,24,25,6137,3066,2703,11638,15,12611,22,23,13,30,28,29,14,14090,14828,16,26,27],"class_list":{"0":"post-127100","1":"post","2":"type-post","3":"status-publish","4":"format-standard","5":"has-post-thumbnail","7":"category-norge","8":"tag-barn","9":"tag-breaking-news","10":"tag-breakingnews","11":"tag-featured-news","12":"tag-featurednews","13":"tag-finnmarkssykehuset","14":"tag-fodsel","15":"tag-graviditet-og-fodsel","16":"tag-hammerfest-sykehus","17":"tag-headlines","18":"tag-honningsvag","19":"tag-latest-news","20":"tag-latestnews","21":"tag-news","22":"tag-no","23":"tag-norge","24":"tag-norway","25":"tag-nyheter","26":"tag-nyttar","27":"tag-nyttarsbarn","28":"tag-overskrifter","29":"tag-top-stories","30":"tag-topstories"},"share_on_mastodon":{"url":"https:\/\/pubeurope.com\/@no\/115825838938768587","error":""},"_links":{"self":[{"href":"https:\/\/www.europesays.com\/no\/wp-json\/wp\/v2\/posts\/127100","targetHints":{"allow":["GET"]}}],"collection":[{"href":"https:\/\/www.europesays.com\/no\/wp-json\/wp\/v2\/posts"}],"about":[{"href":"https:\/\/www.europesays.com\/no\/wp-json\/wp\/v2\/types\/post"}],"author":[{"embeddable":true,"href":"https:\/\/www.europesays.com\/no\/wp-json\/wp\/v2\/users\/2"}],"replies":[{"embeddable":true,"href":"https:\/\/www.europesays.com\/no\/wp-json\/wp\/v2\/comments?post=127100"}],"version-history":[{"count":0,"href":"https:\/\/www.europesays.com\/no\/wp-json\/wp\/v2\/posts\/127100\/revisions"}],"wp:featuredmedia":[{"embeddable":true,"href":"https:\/\/www.europesays.com\/no\/wp-json\/wp\/v2\/media\/127101"}],"wp:attachment":[{"href":"https:\/\/www.europesays.com\/no\/wp-json\/wp\/v2\/media?parent=127100"}],"wp:term":[{"taxonomy":"category","embeddable":true,"href":"https:\/\/www.europesays.com\/no\/wp-json\/wp\/v2\/categories?post=127100"},{"taxonomy":"post_tag","embeddable":true,"href":"https:\/\/www.europesays.com\/no\/wp-json\/wp\/v2\/tags?post=127100"}],"curies":[{"name":"wp","href":"https:\/\/api.w.org\/{rel}","templated":true}]}}