{"id":127102,"date":"2026-01-02T13:53:23","date_gmt":"2026-01-02T13:53:23","guid":{"rendered":"https:\/\/www.europesays.com\/no\/127102\/"},"modified":"2026-01-02T13:53:23","modified_gmt":"2026-01-02T13:53:23","slug":"trosser-legene","status":"publish","type":"post","link":"https:\/\/www.europesays.com\/no\/127102\/","title":{"rendered":"Trosser legene"},"content":{"rendered":"<p>  USAs president Donald Trump snakker om helsa i et intervju med\u00a0Wall Street Journal.<\/p>\n<p>\n    SNAKKER OM HELSA: President Donald Trump p\u00e5 nytt\u00e5rsfeiring i p\u00e5 godset sitt i Mar-a-Lago i Palm Beach. Foto: Alex Brandon \/ AP \/ NTB\n  <\/p>\n<p>I intervjuet med\u00a0<a href=\"https:\/\/www.wsj.com\/us-news\/as-signs-of-aging-emerge-trump-responds-with-defiance-769c5dcd\" target=\"_blank\" rel=\"nofollow noopener\">The Wall Street Journal<\/a>\u00a0f\u00f8rste nytt\u00e5rsdag forsvarer 79 \u00e5r gamle Trump sin egen helse, som han beskriver som \u00abperfekt\u00bb. Han uttrykker videre frustrasjon over at det er s\u00e5 mye oppmerksomhet rundt helsa hans.<\/p>\n<p>Trump trekker ogs\u00e5 sin tidligere uttalelse om at han i oktober fikk en MR-unders\u00f8kelse og sier n\u00e5 at det dreide seg om en mindre unders\u00f8kelse.<\/p>\n<p>Trumps lege, Sean Barbabella, bekrefter overfor avisa at det var en CT-unders\u00f8kelse og sier at den ble gjennomf\u00f8rt for \u00e5 utelukke noen kardiovaskul\u00e6re problemer.<\/p>\n<p>Bl\u00e5merker\t<\/p>\n<p>I Trumps andre presidentperiode er det stilt flere sp\u00f8rsm\u00e5l rundt presidentens helsetilstand. Hans h\u00f8yre h\u00e5nd viser vedvarende bl\u00e5merker, ofte dekket med tykk sminke og tidvis en bandasje. Anklene har ogs\u00e5 fremst\u00e5tt hovne.<\/p>\n<p>Trump har mislikt sp\u00f8rsm\u00e5l om egen helse, s\u00e6rlig etter de gjentatte angrepene p\u00e5 forgjengeren Joe Bidens skikkethet.<\/p>\n<p>Republikaneren forklarer bl\u00e5merkene med at han tar aspirin daglig som blodfortynnende.<\/p>\n<p>&#8211; Jeg vil ikke ha tykt blod som str\u00f8mmer gjennom hjertet mitt, sier han til WSJ.<\/p>\n<p>        MERKE: En flekk p\u00e5 president Donald Trumps h\u00e5nd har igjen vekket spekulasjoner. Video: C-SPAN<\/p>\n<p>&#8211; Er litt overtroisk\t<\/p>\n<p>Det hvite hus opplyste i sommer at presidenten har kronisk ven\u00f8s insuffisiens, en vanlig tilstand hos eldre, der blodet ikke sirkulerer normalt tilbake til hjertet, men samler seg i beina. Trump sier han brukte st\u00f8ttestr\u00f8mper i en kort periode, men sluttet fordi han ikke likte dem.<\/p>\n<p>Trump sier at han tar mer aspirin enn legene anbefaler fordi han har tatt det i over 25 \u00e5r.<\/p>\n<p>&#8211; Jeg er litt overtroisk, sier han.<\/p>\n<p>Trump tar 325 milligram aspirin daglig, if\u00f8lge Barbabella.<\/p>\n<p>&#8211; Jeg vil ha fint, tynt blod som str\u00f8mmer gjennom hjertet mitt. Gir det mening?<\/p>\n<p>Aspirin virker febernedsettende og smertestillende og inneholder acetylsalisylsyre som ogs\u00e5 kan motvirke dannelse av blodpropp, if\u00f8lge\u00a0<a href=\"https:\/\/www.dmp.no\/nyheter\/bruk-av-acetylsalisylsyre-ved-mistanke-om-hjerteinfarkt\" target=\"_blank\" rel=\"nofollow noopener\">Direktoratet for medisinske produkter\u00a0<\/a>i Norge.<\/p>\n<p>    <a itemprop=\"url\" href=\"https:\/\/www.dagbladet.no\/meninger\/fasaden-sprekker\/83999780\" rel=\"nofollow noopener\" target=\"_blank\"><\/p>\n<p>        <img loading=\"lazy\" decoding=\"async\" src=\"https:\/\/www.europesays.com\/no\/wp-content\/uploads\/2026\/01\/1767362002_119_83993800.webp.webp\" width=\"980\" height=\"441\" title=\"Fasaden sprekker\" alt=\"\" class=\"lazyload\" style=\"--aspect-ratio-image: 2.22; \"\/><\/p>\n<p>        Fasaden sprekker<\/p>\n<p>    <\/a><\/p>\n<p>Glipper med \u00f8ynene\t<\/p>\n<p>Tidvis har Trump i sin andre periode ogs\u00e5 tydelig slitt med \u00e5 holde \u00f8ynene \u00e5pne, blant annet under et TV-sendte m\u00f8te om helse i Det ovale kontor i november.<\/p>\n<p>Temaet er politisk \u00f8mfintlig for Trump, som stadig kalte sin demokratiske forgjenger Joe Biden for \u00abs\u00f8vnig\u00bb og kalte ham \u00absleepy Joe\u00bb.<\/p>\n<p>Trump avviser enhver antydning om at han tar seg en blund i offentligheten.<\/p>\n<p>&#8211; Jeg har aldri v\u00e6rt en storsover, sier Trump og legger til at han aldri har sovet mye om nettene.<\/p>\n<p>De gangene han ser ut til \u00e5 slumre, er i realiteten bare noen \u00f8yeblikks avslapning, if\u00f8lge presidenten.<\/p>\n<p>&#8211; Jeg bare lukker. Det er veldig avslappende for meg. Noen ganger tar de et bilde av meg mens jeg blunker, blunker, og s\u00e5 fanger fotografen meg midt i et blunk, sier Trump<\/p>\n<p>        <img loading=\"lazy\" decoding=\"async\" src=\"https:\/\/www.europesays.com\/no\/wp-content\/uploads\/2026\/01\/1767362003_571_84046780.webp.webp\" width=\"980\" height=\"559\" title=\"SOVER IKKE HER: sier Donald Trump selv. Foto: ANDREW CABALLERO-REYNOLDS \/ AFP \/ NTB\" alt=\"\" class=\"\" style=\"--aspect-ratio-image: 1.75; \"\/><\/p>\n<p>\n        SOVER IKKE HER: sier Donald Trump selv. Foto: ANDREW CABALLERO-REYNOLDS \/ AFP \/ NTB\n    <\/p>\n<p>Nekter for \u00e5 h\u00f8re d\u00e5rlig\t<\/p>\n<p>Biden var 82 \u00e5r da han gikk av og ble dermed USAs eldste president noensinne. Trump, som er fem m\u00e5neder eldre, vil trolig sl\u00e5 denne rekorden i innev\u00e6rende periode.<\/p>\n<p>Sett bort ifra sine opphold p\u00e5 golfbanen trener Trump sjelden, og han har i \u00e5revis v\u00e6rt \u00e5pen om sin forkj\u00e6rlighet for hurtigmat med h\u00f8yt innhold av fett og salt.<\/p>\n<p>I intervjuet avviste Trump ogs\u00e5 at han sliter med h\u00f8rselen og sier det bare er vanskelig for ham \u00e5 h\u00f8re \u00abn\u00e5r det er mange folk som snakker\u00bb.<\/p>\n<p>Han sier videre at han starter dagen tidlig i presidentboligen, g\u00e5r til Det ovale kontor rundt klokken 10 og arbeider til i 19-20-tiden.<\/p>\n<p>Han mener energiniv\u00e5et hans skyldes genene.<\/p>\n<p>\u2013 Genetikk er veldig viktig, og jeg har veldig gode gener, sier Trump.<\/p>\n","protected":false},"excerpt":{"rendered":"USAs president Donald Trump snakker om helsa i et intervju med\u00a0Wall Street Journal. SNAKKER OM HELSA: President Donald&hellip;\n","protected":false},"author":2,"featured_media":127103,"comment_status":"","ping_status":"","sticky":false,"template":"","format":"standard","meta":{"footnotes":""},"categories":[5],"tags":[20,21,55,24,25,15,19,22,23,17,18,13,30,28,29,14,16,26,27,412],"class_list":{"0":"post-127102","1":"post","2":"type-post","3":"status-publish","4":"format-standard","5":"has-post-thumbnail","7":"category-overskrifter","8":"tag-breaking-news","9":"tag-breakingnews","10":"tag-donald-trump","11":"tag-featured-news","12":"tag-featurednews","13":"tag-headlines","14":"tag-hovedoppslag","15":"tag-latest-news","16":"tag-latestnews","17":"tag-main-news","18":"tag-mainnews","19":"tag-news","20":"tag-no","21":"tag-norge","22":"tag-norway","23":"tag-nyheter","24":"tag-overskrifter","25":"tag-top-stories","26":"tag-topstories","27":"tag-utenriks"},"share_on_mastodon":{"url":"https:\/\/pubeurope.com\/@no\/115825842838463248","error":""},"_links":{"self":[{"href":"https:\/\/www.europesays.com\/no\/wp-json\/wp\/v2\/posts\/127102","targetHints":{"allow":["GET"]}}],"collection":[{"href":"https:\/\/www.europesays.com\/no\/wp-json\/wp\/v2\/posts"}],"about":[{"href":"https:\/\/www.europesays.com\/no\/wp-json\/wp\/v2\/types\/post"}],"author":[{"embeddable":true,"href":"https:\/\/www.europesays.com\/no\/wp-json\/wp\/v2\/users\/2"}],"replies":[{"embeddable":true,"href":"https:\/\/www.europesays.com\/no\/wp-json\/wp\/v2\/comments?post=127102"}],"version-history":[{"count":0,"href":"https:\/\/www.europesays.com\/no\/wp-json\/wp\/v2\/posts\/127102\/revisions"}],"wp:featuredmedia":[{"embeddable":true,"href":"https:\/\/www.europesays.com\/no\/wp-json\/wp\/v2\/media\/127103"}],"wp:attachment":[{"href":"https:\/\/www.europesays.com\/no\/wp-json\/wp\/v2\/media?parent=127102"}],"wp:term":[{"taxonomy":"category","embeddable":true,"href":"https:\/\/www.europesays.com\/no\/wp-json\/wp\/v2\/categories?post=127102"},{"taxonomy":"post_tag","embeddable":true,"href":"https:\/\/www.europesays.com\/no\/wp-json\/wp\/v2\/tags?post=127102"}],"curies":[{"name":"wp","href":"https:\/\/api.w.org\/{rel}","templated":true}]}}