{"id":127116,"date":"2026-01-02T14:06:26","date_gmt":"2026-01-02T14:06:26","guid":{"rendered":"https:\/\/www.europesays.com\/no\/127116\/"},"modified":"2026-01-02T14:06:26","modified_gmt":"2026-01-02T14:06:26","slug":"fyrverkeri-debatt-jeg-sa-farlig-fyrverkeri-pa-sandefjord-brygga-nok-er-nok","status":"publish","type":"post","link":"https:\/\/www.europesays.com\/no\/127116\/","title":{"rendered":"Fyrverkeri, Debatt | Jeg s\u00e5 farlig fyrverkeri p\u00e5 Sandefjord-brygga \u2013 nok er nok"},"content":{"rendered":"\n<p>I \u00e5r feiret jeg nytt\u00e5rsaften i Sandefjord, en flott by med fine folk. Det var en kjempetrivelig feiring med god mat og gode venner. N\u00e5r det n\u00e6rmet seg kl 24 dro vi ned til brygga for \u00e5 se p\u00e5 fyrverkeri og v\u00e6re med andre som feiret nytt\u00e5r. Noe som i utgangspunktet er kjempetrivelig. Det skjer ikke igjen. Jeg har v\u00e6rt med p\u00e5 mange nytt\u00e5rsfeiringer. Men en s\u00e5 idiotisk (og farlig) bruk av fyrverkeri har jeg aldri v\u00e6rt med p\u00e5. <b>At ikke det gikk verre er bare flaks.<\/b><\/p>\n<p>Det ble fyrt opp store batterier av en gjeng (h\u00e5per de f\u00e5r en seri\u00f8s bot) som hylte og skrek og folk pr\u00f8vde \u00e5 stoppe de, men det h\u00f8rte ikke de etter. Tydeligvis viktigere \u00e5 f\u00e5 viljen sin enn \u00e5 tenke konsekvens.<b> Et veltet og fyrte rett inn i folkemengden med barn i barnevogn tilstede.<\/b><\/p>\n<p>For all del jeg liker fyrverkeri, og om en kommune bruker penger p\u00e5 det p\u00e5 nytt\u00e5rsaften tenker jeg er mye bedre enn at tullinger f\u00e5r l\u00f8pe rundt med promille og skade seg selv og andre. Kostnadene skadene p\u00e5f\u00f8rer folk er garantert mye st\u00f8rre. S\u00e5 kan moralpolitiet ellers mene hva de vil om den saken.<\/p>\n","protected":false},"excerpt":{"rendered":"I \u00e5r feiret jeg nytt\u00e5rsaften i Sandefjord, en flott by med fine folk. Det var en kjempetrivelig feiring&hellip;\n","protected":false},"author":2,"featured_media":126129,"comment_status":"","ping_status":"","sticky":false,"template":"","format":"standard","meta":{"footnotes":""},"categories":[10],"tags":[36,20,21,37,24,25,10497,15,22,23,156,13,30,28,29,14,1533,16,26,27],"class_list":{"0":"post-127116","1":"post","2":"type-post","3":"status-publish","4":"format-standard","5":"has-post-thumbnail","7":"category-norge","8":"tag-art","9":"tag-breaking-news","10":"tag-breakingnews","11":"tag-debatt","12":"tag-featured-news","13":"tag-featurednews","14":"tag-fyrverkeri","15":"tag-headlines","16":"tag-latest-news","17":"tag-latestnews","18":"tag-meninger","19":"tag-news","20":"tag-no","21":"tag-norge","22":"tag-norway","23":"tag-nyheter","24":"tag-opinion","25":"tag-overskrifter","26":"tag-top-stories","27":"tag-topstories"},"share_on_mastodon":{"url":"https:\/\/pubeurope.com\/@no\/115825893854740993","error":""},"_links":{"self":[{"href":"https:\/\/www.europesays.com\/no\/wp-json\/wp\/v2\/posts\/127116","targetHints":{"allow":["GET"]}}],"collection":[{"href":"https:\/\/www.europesays.com\/no\/wp-json\/wp\/v2\/posts"}],"about":[{"href":"https:\/\/www.europesays.com\/no\/wp-json\/wp\/v2\/types\/post"}],"author":[{"embeddable":true,"href":"https:\/\/www.europesays.com\/no\/wp-json\/wp\/v2\/users\/2"}],"replies":[{"embeddable":true,"href":"https:\/\/www.europesays.com\/no\/wp-json\/wp\/v2\/comments?post=127116"}],"version-history":[{"count":0,"href":"https:\/\/www.europesays.com\/no\/wp-json\/wp\/v2\/posts\/127116\/revisions"}],"wp:featuredmedia":[{"embeddable":true,"href":"https:\/\/www.europesays.com\/no\/wp-json\/wp\/v2\/media\/126129"}],"wp:attachment":[{"href":"https:\/\/www.europesays.com\/no\/wp-json\/wp\/v2\/media?parent=127116"}],"wp:term":[{"taxonomy":"category","embeddable":true,"href":"https:\/\/www.europesays.com\/no\/wp-json\/wp\/v2\/categories?post=127116"},{"taxonomy":"post_tag","embeddable":true,"href":"https:\/\/www.europesays.com\/no\/wp-json\/wp\/v2\/tags?post=127116"}],"curies":[{"name":"wp","href":"https:\/\/api.w.org\/{rel}","templated":true}]}}