{"id":127117,"date":"2026-01-02T14:08:42","date_gmt":"2026-01-02T14:08:42","guid":{"rendered":"https:\/\/www.europesays.com\/no\/127117\/"},"modified":"2026-01-02T14:08:42","modified_gmt":"2026-01-02T14:08:42","slug":"nyheter-langrenn-diggins-smadret-konkurrentene-weng-beste-norske","status":"publish","type":"post","link":"https:\/\/www.europesays.com\/no\/127117\/","title":{"rendered":"Nyheter, Langrenn | Diggins smadret konkurrentene \u2013 Weng beste norske"},"content":{"rendered":"\n<p>Diggins gikk ut ett minutt f\u00f8r sammenlagttoer Moa Ilar. Svensken tapte mye tid allerede p\u00e5 de f\u00f8rste kilometerne.<\/p>\n<p>Ilar dannet en duo med Teresa Stadlober fra \u00d8sterrike bak Diggins. De hadde rundt ett og et halvt minutt opp til den amerikanske lederen halvveis i l\u00f8pet og greide aldri \u00e5 skape spenning om seieren. <\/p>\n<p>Diggins gikk kontrollert til m\u00e5l og tok sin andre seier i \u00e5rets utgave av Tour de Ski. Hun vant ogs\u00e5 fem kilometer fellesstart i heat nytt\u00e5rsaften. <\/p>\n<p> \u2013 Det er ren og skj\u00e6r oppvisning, sa Viaplay-ekspert Niklas Dyrhaug om Diggins.<\/p>\n<p>Amerikaneren har et godt grep om sammenlagtseieren med to renn igjen. Ilar endte p\u00e5 2.-plass, mens Stadlober fikk 3.-plassen. Heidi Weng ble beste norske med 5.-plass. <\/p>\n<p>Tr\u00f8bbel for Karlsson <\/p>\n<p>Frida Karlsson har slitt i \u00e5rets Tour de Ski, og \u00e5pnet igjen for hardt p\u00e5 jaktstarten. Dermed fikk hun en blytung vei til m\u00e5l. <\/p>\n<p>\u2013 Det er egentlig helt utrolig at det g\u00e5r an av en s\u00e5ppass erfaren l\u00f8per. Hun g\u00e5r p\u00e5 den samme blemma gang etter gang. Det er tredje gang p\u00e5 rad i Toblach, sa Viaplay-ekspert Niklas Dyrhaug. <\/p>\n<p>Karlsson kom i m\u00e5l nesten tre minutter bak Diggins p\u00e5 10.-plass. <\/p>\n<p>Julie Drivenes var Norges beste i sammendraget med sin 11.-plass f\u00f8r torsdagens renn. 26-\u00e5ringen ble nummer ni p\u00e5 jaktstarten. <\/p>\n<p>\u2013 Det var faktisk kjempeg\u00f8y. Hvem hadde trodd at jeg skulle si det om 20 kilometer klassisk? Jeg har alltid hatt en litt negativ holdning til 20 kilometer. Jeg synes det er litt for langt, men jeg pr\u00f8vde \u00e5 ikke ha s\u00e5 mye fokus p\u00e5 det, sa Drivenes til Viaplay. <\/p>\n<p>Kristine Stav\u00e5s Skistad gikk i et usedvanlig lavt tempo og var siste ut\u00f8ver i m\u00e5l. <\/p>\n<p>Sykdom<\/p>\n<p>Astrid \u00d8yre Slind var nummer to i sammendraget (50 sekunder bak Diggins) og p\u00e5 skuddhold til sammenlagtseieren i Tour de Ski, men p\u00e5 grunn av forkj\u00f8lelse m\u00e5tte hun reise hjem f\u00f8r torsdagens renn. <\/p>\n<p>Emma Ribom m\u00e5tte ogs\u00e5 bryte Tour de Ski med sykdom. Hun var p\u00e5 6.-plass i sammendraget. <\/p>\n<p>Langrennseliten flytter seg videre til Val di Fiemme etter jaktstarten. L\u00f8rdag er det klassisk sprint, mens siste etappe i Tour de Ski som vanlig avvikles opp Alpe Cermis.<\/p>\n","protected":false},"excerpt":{"rendered":"Diggins gikk ut ett minutt f\u00f8r sammenlagttoer Moa Ilar. Svensken tapte mye tid allerede p\u00e5 de f\u00f8rste kilometerne.&hellip;\n","protected":false},"author":2,"featured_media":127118,"comment_status":"","ping_status":"","sticky":false,"template":"","format":"standard","meta":{"footnotes":""},"categories":[59],"tags":[36,5413,398,30,28,29,14,83,82,1510],"class_list":{"0":"post-127117","1":"post","2":"type-post","3":"status-publish","4":"format-standard","5":"has-post-thumbnail","7":"category-sport","8":"tag-art","9":"tag-heidi-weng","10":"tag-langrenn","11":"tag-no","12":"tag-norge","13":"tag-norway","14":"tag-nyheter","15":"tag-sport","16":"tag-sports","17":"tag-story"},"share_on_mastodon":{"url":"https:\/\/pubeurope.com\/@no\/115825901922417103","error":""},"_links":{"self":[{"href":"https:\/\/www.europesays.com\/no\/wp-json\/wp\/v2\/posts\/127117","targetHints":{"allow":["GET"]}}],"collection":[{"href":"https:\/\/www.europesays.com\/no\/wp-json\/wp\/v2\/posts"}],"about":[{"href":"https:\/\/www.europesays.com\/no\/wp-json\/wp\/v2\/types\/post"}],"author":[{"embeddable":true,"href":"https:\/\/www.europesays.com\/no\/wp-json\/wp\/v2\/users\/2"}],"replies":[{"embeddable":true,"href":"https:\/\/www.europesays.com\/no\/wp-json\/wp\/v2\/comments?post=127117"}],"version-history":[{"count":0,"href":"https:\/\/www.europesays.com\/no\/wp-json\/wp\/v2\/posts\/127117\/revisions"}],"wp:featuredmedia":[{"embeddable":true,"href":"https:\/\/www.europesays.com\/no\/wp-json\/wp\/v2\/media\/127118"}],"wp:attachment":[{"href":"https:\/\/www.europesays.com\/no\/wp-json\/wp\/v2\/media?parent=127117"}],"wp:term":[{"taxonomy":"category","embeddable":true,"href":"https:\/\/www.europesays.com\/no\/wp-json\/wp\/v2\/categories?post=127117"},{"taxonomy":"post_tag","embeddable":true,"href":"https:\/\/www.europesays.com\/no\/wp-json\/wp\/v2\/tags?post=127117"}],"curies":[{"name":"wp","href":"https:\/\/api.w.org\/{rel}","templated":true}]}}