{"id":127131,"date":"2026-01-02T14:22:11","date_gmt":"2026-01-02T14:22:11","guid":{"rendered":"https:\/\/www.europesays.com\/no\/127131\/"},"modified":"2026-01-02T14:22:11","modified_gmt":"2026-01-02T14:22:11","slug":"na-kommer-kulden","status":"publish","type":"post","link":"https:\/\/www.europesays.com\/no\/127131\/","title":{"rendered":"N\u00e5 kommer kulden!"},"content":{"rendered":"\n<p class=\"_lead_o9xde_2 _lead_xtcu6_50 layout-component text-serif-m layout-normal text-serif-l layout-component layout-wide layout-padded _wide_17hqh_1 layout-padded\">\u2013 Det er bare \u00e5 finne frem varmere kl\u00e6r, er beskjeden fra meteorologen. <\/p>\n<p><img alt=\" Foto: NTB og Windy\" class=\"_image_qp4xg_65 layout-component layout-wide\" data-fullscreen- data-track-element-type=\"Article image fullscreen\" data-track-name=\"ImageFullscreen\" fetchpriority=\"high\" decoding=\"sync\" loading=\"eager\" height=\"1080\" itemprop=\"image\"  src=\"https:\/\/www.europesays.com\/no\/wp-content\/uploads\/2026\/01\/8cf681f0-8538-47eb-92f5-d970531c4211.jpeg\"  style=\"object-position:0% 0%\" width=\"1440\"\/> Foto: NTB og Windy<\/p>\n<ul aria-hidden=\"true\" class=\"_images_ntbth_112\">\n<li><a class=\"_link_ntbth_117\" href=\"https:\/\/www.vg.no\/forfatter\/intisaar-ali\" style=\"z-index:1\" title=\"Intisaar Ali\" rel=\"nofollow noopener\" target=\"_blank\"><img alt=\"Bilde av Intisaar Ali\" class=\"_image_ntbth_93\" fetchpriority=\"low\" loading=\"lazy\" decoding=\"async\" itemprop=\"image\"  src=\"https:\/\/www.europesays.com\/no\/wp-content\/uploads\/2026\/01\/31e1a332-7865-4acc-a24e-ae6d6674f722.png\"  width=\"480\"\/><\/a><\/li>\n<\/ul>\n<p> Oppdatert fredag 2. januar kl. 14:41     <\/p>\n<p class=\"_paragraph_o9xde_4 _paragraph_xtcu6_10 layout-component text-serif-m layout-normal text-serif-m layout-padded\">Og over alt i hele Norge vil gradestokken vise minusgrader. <\/p>\n<p class=\"_paragraph_o9xde_4 _paragraph_xtcu6_10 layout-component text-serif-m layout-normal text-serif-m layout-padded\">\u2013 Mange byer vil f\u00e5 temperatur mellom -15 og -5 grader, skriver Meteorologene om helgev\u00e6ret.<\/p>\n<p class=\"_paragraph_o9xde_4 _paragraph_xtcu6_10 layout-component text-serif-m layout-normal text-serif-m layout-padded\"><strong class=\"_strong_o9xde_25\">\u2013 Skal du til fjellet i S\u00f8r-Norge? Der kan det bli kaldere enn -30. Skal du til Finnmarksvidda? Der n\u00e6rmer vi oss -40, skriver de videre.<\/strong><\/p>\n<p class=\"_paragraph_o9xde_4 _paragraph_xtcu6_10 layout-component text-serif-m layout-normal text-serif-m layout-padded\">VG har snakket med Meteorologisk institutt om kuldesituasjonen i landet, svaret p\u00e5 hva som skjer er ganske enkelt.<\/p>\n<p class=\"_paragraph_o9xde_4 _paragraph_xtcu6_10 layout-component text-serif-m layout-normal text-serif-m layout-padded\">\u2013 Vinteren har kommet veldig forsinket, men n\u00e5 har vinteren kommet for godt, og det ser ut som den har kommet for \u00e5 bli \u2013 i hvert fall en uke frem i tid, sier statsmeteorolog, Charalampos Sarchosidis, til VG. <\/p>\n<p class=\"_paragraph_o9xde_4 _paragraph_xtcu6_10 layout-component text-serif-m layout-normal text-serif-m layout-padded\">I S\u00f8r-Norge og p\u00e5 Vestlandet er det i helgen meldt sol og klar himmel. <\/p>\n<ul class=\"_gallery_1qa3s_23\" tabindex=\"0\">\n<li class=\"_item_1qa3s_37\" data-index=\"0\"><img decoding=\"async\" class=\"_image_foru8_23 _articleGallery_foru8_39\" data-fullscreen- width=\"986\" height=\"1566\" itemprop=\"image\" loading=\"lazy\"  src=\"https:\/\/www.europesays.com\/no\/wp-content\/uploads\/2026\/01\/33fb1309-6c70-4088-a049-2b15e76e8a34.jpeg\"  style=\"object-position:50% 50%;aspect-ratio:var(--gallery-aspect-ratio, 16 \/ 9)\"\/><\/li>\n<li class=\"_item_1qa3s_37\" data-index=\"1\"><img decoding=\"async\" class=\"_image_foru8_23 _articleGallery_foru8_39\" data-fullscreen- width=\"980\" height=\"1570\" itemprop=\"image\" loading=\"lazy\"  src=\"https:\/\/www.europesays.com\/no\/wp-content\/uploads\/2026\/01\/ddf6b579-8efc-4b4f-8b9f-50c4a4380f40.jpeg\"  style=\"object-position:50% 50%;aspect-ratio:var(--gallery-aspect-ratio, 16 \/ 9)\"\/><\/li>\n<\/ul>\n<p class=\"_paragraph_o9xde_4 _paragraph_xtcu6_10 layout-component text-serif-m layout-normal text-serif-m layout-padded\">\u2013 Klar himmel kommer med en pris. Klar himmel om vinteren gir lavere temperaturer enn om det hadde v\u00e6rt overskyet, sier Sarchosidis. <\/p>\n<p class=\"_paragraph_o9xde_4 _paragraph_xtcu6_10 layout-component text-serif-m layout-normal text-serif-m layout-padded\">I byer som Bergen, Kristiansand og Arendal vil gradestokken vise rundt fem bl\u00e5, mens drar du i fjellomr\u00e5dene p\u00e5 S\u00f8r-Norge kan det bli ned mot 30 minusgrader. <\/p>\n<p class=\"_paragraph_o9xde_4 _paragraph_xtcu6_10 layout-component text-serif-m layout-normal text-serif-m layout-padded\">\u2013 P\u00e5 \u00d8stlandet blir det ogs\u00e5 kaldt, her er det overskyet og litt sn\u00f8 p\u00e5 s\u00f8ndag, men jeg m\u00e5 nok skuffe de som er glad \u00e5 p\u00e5 ski, det blir bare noen f\u00e5 cm, derfor kan jeg forsl\u00e5 sk\u00f8yter fremfor ski, sier statsmeteorologen. <\/p>\n<p class=\"_paragraph_o9xde_4 _paragraph_xtcu6_10 layout-component text-serif-m layout-normal text-serif-m layout-padded\">I Nord-Norge vil det sn\u00f8 og gradestokken vil vise opp mot tosifrede minusgrader. <\/p>\n<p class=\"_paragraph_o9xde_4 _paragraph_xtcu6_10 layout-component text-serif-m layout-normal text-serif-m layout-padded\">\u2013 I Nord-Norge vil man plages av sn\u00f8 og polare lavtrykk, spesielt ved kysten av Troms og Finnmark. <\/p>\n<p class=\"_paragraph_o9xde_4 _paragraph_xtcu6_10 layout-component text-serif-m layout-normal text-serif-m layout-padded\">I natt viste gradestokken i Karasjok \u221239,5 grader, og kaldt vil det bli de neste dagene ogs\u00e5. <\/p>\n<p class=\"_paragraph_o9xde_4 _paragraph_xtcu6_10 layout-component text-serif-m layout-normal text-serif-m layout-padded\">\u2013 Det ser ut som det er ganske lik kulde i s\u00f8r og nord n\u00e5 i helgen. Det blir nok h\u00f8yere str\u00f8mregninger, og det er bare \u00e5 finne frem varmere kl\u00e6r fordi det er nok vinterens hittil laveste temperaturer, sier Sarchosidis. <\/p>\n<p class=\"_paragraph_o9xde_4 _paragraph_xtcu6_10 layout-component text-serif-m layout-normal text-serif-m layout-padded\">Kulden over Norge vil ogs\u00e5 ligge over deler av Sverige. Det f\u00f8rer at SJ har innstilt alle passasjertog mellom Narvik i Nordland og G\u00e4llivare i Nord-Sverige. <\/p>\n<p class=\"_paragraph_o9xde_4 _paragraph_xtcu6_10 layout-component text-serif-m layout-normal text-serif-m layout-padded\">Det er m\u00e5lt minus 33 grader flere steder mellom Narvik og G\u00e4llivare, og det gj\u00f8r at SJ mener at det ikke er forsvarlig \u00e5 kj\u00f8re tog p\u00e5 strekningen, melder\u00a0<a href=\"https:\/\/www.fremover.no\/alle-tog-innstilt-ingen-alternativ-transport\/s\/5-17-1452549\" class=\"_link_o9xde_39\" rel=\"nofollow noopener\" target=\"_blank\">Fremover.<\/a><\/p>\n<p>     <img decoding=\"async\" alt=\"Tips oss illustrasjon\" src=\"https:\/\/www.europesays.com\/no\/wp-content\/uploads\/2025\/10\/pssst-small.webp.webp\"\/>    <\/p>\n<p class=\"title-serif-s\">Har du tips?<\/p>\n<p class=\"text-sans-m\">Send oss informasjon, bilder eller video.<\/p>\n<p>  <a href=\"https:\/\/www.vg.no\/tips-oss\" rel=\"nofollow noopener\" target=\"_blank\"> Tips oss <\/a>      <\/p>\n","protected":false},"excerpt":{"rendered":"\u2013 Det er bare \u00e5 finne frem varmere kl\u00e6r, er beskjeden fra meteorologen. Foto: NTB og Windy Oppdatert&hellip;\n","protected":false},"author":2,"featured_media":127132,"comment_status":"","ping_status":"","sticky":false,"template":"","format":"standard","meta":{"footnotes":""},"categories":[5],"tags":[31,20,21,24,25,15,19,22,23,17,18,13,30,28,29,14,16,26,27,553],"class_list":{"0":"post-127131","1":"post","2":"type-post","3":"status-publish","4":"format-standard","5":"has-post-thumbnail","7":"category-overskrifter","8":"tag-breaking","9":"tag-breaking-news","10":"tag-breakingnews","11":"tag-featured-news","12":"tag-featurednews","13":"tag-headlines","14":"tag-hovedoppslag","15":"tag-latest-news","16":"tag-latestnews","17":"tag-main-news","18":"tag-mainnews","19":"tag-news","20":"tag-no","21":"tag-norge","22":"tag-norway","23":"tag-nyheter","24":"tag-overskrifter","25":"tag-top-stories","26":"tag-topstories","27":"tag-vaer"},"share_on_mastodon":{"url":"https:\/\/pubeurope.com\/@no\/115825956818387681","error":""},"_links":{"self":[{"href":"https:\/\/www.europesays.com\/no\/wp-json\/wp\/v2\/posts\/127131","targetHints":{"allow":["GET"]}}],"collection":[{"href":"https:\/\/www.europesays.com\/no\/wp-json\/wp\/v2\/posts"}],"about":[{"href":"https:\/\/www.europesays.com\/no\/wp-json\/wp\/v2\/types\/post"}],"author":[{"embeddable":true,"href":"https:\/\/www.europesays.com\/no\/wp-json\/wp\/v2\/users\/2"}],"replies":[{"embeddable":true,"href":"https:\/\/www.europesays.com\/no\/wp-json\/wp\/v2\/comments?post=127131"}],"version-history":[{"count":0,"href":"https:\/\/www.europesays.com\/no\/wp-json\/wp\/v2\/posts\/127131\/revisions"}],"wp:featuredmedia":[{"embeddable":true,"href":"https:\/\/www.europesays.com\/no\/wp-json\/wp\/v2\/media\/127132"}],"wp:attachment":[{"href":"https:\/\/www.europesays.com\/no\/wp-json\/wp\/v2\/media?parent=127131"}],"wp:term":[{"taxonomy":"category","embeddable":true,"href":"https:\/\/www.europesays.com\/no\/wp-json\/wp\/v2\/categories?post=127131"},{"taxonomy":"post_tag","embeddable":true,"href":"https:\/\/www.europesays.com\/no\/wp-json\/wp\/v2\/tags?post=127131"}],"curies":[{"name":"wp","href":"https:\/\/api.w.org\/{rel}","templated":true}]}}