{"id":127144,"date":"2026-01-02T14:37:25","date_gmt":"2026-01-02T14:37:25","guid":{"rendered":"https:\/\/www.europesays.com\/no\/127144\/"},"modified":"2026-01-02T14:37:25","modified_gmt":"2026-01-02T14:37:25","slug":"nyarsonske-2026-fra-eid-idrettslag-friidrett","status":"publish","type":"post","link":"https:\/\/www.europesays.com\/no\/127144\/","title":{"rendered":"Ny\u00e5rs\u00f8nske 2026 fr\u00e5 Eid Idrettslag Friidrett"},"content":{"rendered":"<p>F\u00f8r jula 2024 handsama Stad kommunestyre sak om samlokalisering av skule og idrett. Ordf\u00f8raren fann det rett \u00e5 \u00abl\u00f8fte\u00bb saka, fr\u00e5 ei orienteringssak til ei sak der kommunestyret skulle gjera vedtak,- saka var \u00abovermoden\u00bb.<\/p>\n<p>I kommunestyrem\u00f8tet vart framf\u00f8rt mange flammande innlegg. Omsynet til idretten, barn og unge vart trekt fram. Det vart sagt mindre om det \u00f8konomiske bidraget idretten m\u00e5tte gje Stad kommune som motyting for plasseringa av hallen: F\u00f8r bygging skal idrettslaget betale kostnaden ved \u00e5 regulere det kommunale skule- og idrettsomr\u00e5det. I tillegg m\u00e5 idretten gje fr\u00e5 seg festeretten til klubbhus og anlegg p\u00e5 Stadion\/Utstillingsplassen utan vederlag.<\/p>\n<p>Dette er eit vedtak idretten ikkje kan leve med. Vedtaket vart straks p\u00e5klaga fordi det er urettferdig og ulovleg. Klagen er no etter eit \u00e5r framleis \u00abunder handsaming\u00bb i kommunen. Framdrift eller vidare saksgang i saka er ikkje opplyst.<\/p>\n<p>Med status i Robek er \u00f8konomisk draghjelp fr\u00e5 kommunen til vidare utvikling heilt i det \u00abbl\u00e5\u00bb. Tidlegare har Stad kommune utan sakshandsaming godkjent knusing av dreneringsanlegget som var bygd mot l\u00f8pebana p\u00e5 Stadion. Dette for \u00e5 gje plass til anlegg for hest inn i l\u00f8pebana. Konsekvensen er at bana no knapt eignar seg som hinderl\u00f8ype.<\/p>\n<p>Vidare er i haust etablert deponi for kommunal og fylkeskommunal sn\u00f8rydding,- ogs\u00e5 utan \u00e5 involvere idrettslaget. Idretten lever i uvisse om kva som er neste tiltaket \u00e5 setje i verk p\u00e5 Stadion\/Utstillingsomr\u00e5det.<\/p>\n<p>Ny\u00e5rs\u00f8nsket til Stad kommune er at idrettslaget f\u00e5r sleppe ut av denne tvangstr\u00f8ya. Kommunen m\u00e5 vedst\u00e5 seg det \u00f8konomiske ansvaret for reguleringsplan over skule- og idrettsomr\u00e5det p\u00e5 Nordfjordeid.<\/p>\n<p>Vidare m\u00e5 idretten f\u00e5 eigedomsrett og s\u00e5leis full r\u00e5derett til Stadion\/Utstillingsplassen. D\u00e5 kan Eid Idrettslag starte med \u00e5 planlegge og realisere framtida si sj\u00f8lv!<\/p>\n","protected":false},"excerpt":{"rendered":"F\u00f8r jula 2024 handsama Stad kommunestyre sak om samlokalisering av skule og idrett. Ordf\u00f8raren fann det rett \u00e5&hellip;\n","protected":false},"author":2,"featured_media":127145,"comment_status":"","ping_status":"","sticky":false,"template":"","format":"standard","meta":{"footnotes":""},"categories":[59],"tags":[1939,30,28,29,83,82,5734],"class_list":{"0":"post-127144","1":"post","2":"type-post","3":"status-publish","4":"format-standard","5":"has-post-thumbnail","7":"category-sport","8":"tag-meiningar","9":"tag-no","10":"tag-norge","11":"tag-norway","12":"tag-sport","13":"tag-sports","14":"tag-stad-kommune"},"share_on_mastodon":{"url":"https:\/\/pubeurope.com\/@no\/115826015740115873","error":""},"_links":{"self":[{"href":"https:\/\/www.europesays.com\/no\/wp-json\/wp\/v2\/posts\/127144","targetHints":{"allow":["GET"]}}],"collection":[{"href":"https:\/\/www.europesays.com\/no\/wp-json\/wp\/v2\/posts"}],"about":[{"href":"https:\/\/www.europesays.com\/no\/wp-json\/wp\/v2\/types\/post"}],"author":[{"embeddable":true,"href":"https:\/\/www.europesays.com\/no\/wp-json\/wp\/v2\/users\/2"}],"replies":[{"embeddable":true,"href":"https:\/\/www.europesays.com\/no\/wp-json\/wp\/v2\/comments?post=127144"}],"version-history":[{"count":0,"href":"https:\/\/www.europesays.com\/no\/wp-json\/wp\/v2\/posts\/127144\/revisions"}],"wp:featuredmedia":[{"embeddable":true,"href":"https:\/\/www.europesays.com\/no\/wp-json\/wp\/v2\/media\/127145"}],"wp:attachment":[{"href":"https:\/\/www.europesays.com\/no\/wp-json\/wp\/v2\/media?parent=127144"}],"wp:term":[{"taxonomy":"category","embeddable":true,"href":"https:\/\/www.europesays.com\/no\/wp-json\/wp\/v2\/categories?post=127144"},{"taxonomy":"post_tag","embeddable":true,"href":"https:\/\/www.europesays.com\/no\/wp-json\/wp\/v2\/tags?post=127144"}],"curies":[{"name":"wp","href":"https:\/\/api.w.org\/{rel}","templated":true}]}}