{"id":127155,"date":"2026-01-02T14:57:09","date_gmt":"2026-01-02T14:57:09","guid":{"rendered":"https:\/\/www.europesays.com\/no\/127155\/"},"modified":"2026-01-02T14:57:09","modified_gmt":"2026-01-02T14:57:09","slug":"glatt-skader-faller-pa-glatten-det-har-vaert-en-del-bruddskader","status":"publish","type":"post","link":"https:\/\/www.europesays.com\/no\/127155\/","title":{"rendered":"Glatt, Skader | Faller p\u00e5 glatten: \u2013 Det har v\u00e6rt en del bruddskader"},"content":{"rendered":"\n<p>\u2013 Vi f\u00e5r inn noen titalls bruddskader p\u00e5 en dag som i dag, sier fungerende overlege Nj\u00e5l Kleven p\u00e5 Skadepoliklinikken p\u00e5 Bergen helsehus (der ogs\u00e5 legevakten holder til).<\/p>\n<p>Det er omtrent som forventet n\u00e5r det ligger is p\u00e5 fortau og i gater i Bergen.<\/p>\n<p>N\u00e5r det blir glatt ute, \u00f8ker naturlig nok antallet bruddskader p\u00e5 skadepoliklinikken. Da <a href=\"https:\/\/www.ba.no\/mange-fortau-er-dekket-av-sno-i-bergen-etter-kraftig-snofall-og-frost-etter-nyttar\/s\/5-8-3269673\" rel=\"Follow nofollow noopener\" target=\"_blank\">BA tok en runde i sentrum fredag morgen<\/a>, traff vi blant annet p\u00e5 Helga Mjeldheim p\u00e5 tur med hunden Blizz (16).<\/p>\n<p>   <img decoding=\"async\" width=\"5808\" height=\"3872\" fetchpriority=\"low\"  loading=\"lazy\"  src=\"https:\/\/www.europesays.com\/no\/wp-content\/uploads\/2026\/01\/_SF_3534.jpg\" alt=\"Rykk\" class=\"brick-c-cFOWSL\" style=\"--brick-image-ratio: 5808 \/ 3872;\"\/><\/p>\n<p>      Helga Mjeldheim og hunden Blizz (16).<br \/>\n      Foto: LARS KRISTIAN STEEN FLUGE\n    <\/p>\n<p>\u2013 Det er sikkert dagen for ankel- og h\u00e5ndleddsbrudd dette, kommenterte Fjeldheim. Hun hadde helt rett!<\/p>\n<p>\u2013 Vi f\u00e5r inn flest h\u00e5ndleddbrudd, og deretter ankel og skulder, forteller Kleven.<\/p>\n<p>Han forteller at bruddskadene rammer folk i alle aldre.<\/p>\n<p>\u2013 Det begynner n\u00e5r folk v\u00e5kner. N\u00e5r folk er ute i aktivitet og aker, eller handler eller beveger seg fra A til B, s\u00e5 oppst\u00e5r det skader. Vi ser en del brudd hos folk som aker og er p\u00e5 ski, og hos voksne i benskj\u00f8rhetsalder rundt 60-70 \u00e5r, sier legen.<\/p>\n<p>Han har enkle r\u00e5d til bergenserne.<\/p>\n<p>\u2013 Utvis forsiktighet og vis respekt for glatten. Ha p\u00e5 brodder! foresl\u00e5r Kleven.<\/p>\n","protected":false},"excerpt":{"rendered":"\u2013 Vi f\u00e5r inn noen titalls bruddskader p\u00e5 en dag som i dag, sier fungerende overlege Nj\u00e5l Kleven&hellip;\n","protected":false},"author":2,"featured_media":127156,"comment_status":"","ping_status":"","sticky":false,"template":"","format":"standard","meta":{"footnotes":""},"categories":[10],"tags":[36,444,20,21,24,25,9149,15,22,23,13,30,28,29,14,16,8192,1510,26,27],"class_list":{"0":"post-127155","1":"post","2":"type-post","3":"status-publish","4":"format-standard","5":"has-post-thumbnail","7":"category-norge","8":"tag-art","9":"tag-bergen","10":"tag-breaking-news","11":"tag-breakingnews","12":"tag-featured-news","13":"tag-featurednews","14":"tag-glatt","15":"tag-headlines","16":"tag-latest-news","17":"tag-latestnews","18":"tag-news","19":"tag-no","20":"tag-norge","21":"tag-norway","22":"tag-nyheter","23":"tag-overskrifter","24":"tag-skader","25":"tag-story","26":"tag-top-stories","27":"tag-topstories"},"share_on_mastodon":{"url":"https:\/\/pubeurope.com\/@no\/115826094524124980","error":""},"_links":{"self":[{"href":"https:\/\/www.europesays.com\/no\/wp-json\/wp\/v2\/posts\/127155","targetHints":{"allow":["GET"]}}],"collection":[{"href":"https:\/\/www.europesays.com\/no\/wp-json\/wp\/v2\/posts"}],"about":[{"href":"https:\/\/www.europesays.com\/no\/wp-json\/wp\/v2\/types\/post"}],"author":[{"embeddable":true,"href":"https:\/\/www.europesays.com\/no\/wp-json\/wp\/v2\/users\/2"}],"replies":[{"embeddable":true,"href":"https:\/\/www.europesays.com\/no\/wp-json\/wp\/v2\/comments?post=127155"}],"version-history":[{"count":0,"href":"https:\/\/www.europesays.com\/no\/wp-json\/wp\/v2\/posts\/127155\/revisions"}],"wp:featuredmedia":[{"embeddable":true,"href":"https:\/\/www.europesays.com\/no\/wp-json\/wp\/v2\/media\/127156"}],"wp:attachment":[{"href":"https:\/\/www.europesays.com\/no\/wp-json\/wp\/v2\/media?parent=127155"}],"wp:term":[{"taxonomy":"category","embeddable":true,"href":"https:\/\/www.europesays.com\/no\/wp-json\/wp\/v2\/categories?post=127155"},{"taxonomy":"post_tag","embeddable":true,"href":"https:\/\/www.europesays.com\/no\/wp-json\/wp\/v2\/tags?post=127155"}],"curies":[{"name":"wp","href":"https:\/\/api.w.org\/{rel}","templated":true}]}}