{"id":127168,"date":"2026-01-02T15:17:13","date_gmt":"2026-01-02T15:17:13","guid":{"rendered":"https:\/\/www.europesays.com\/no\/127168\/"},"modified":"2026-01-02T15:17:13","modified_gmt":"2026-01-02T15:17:13","slug":"toetasjes-buss-med-48-personer-om-bord-veltet-i-sverige","status":"publish","type":"post","link":"https:\/\/www.europesays.com\/no\/127168\/","title":{"rendered":"Toetasjes buss med 48 personer om bord veltet i Sverige"},"content":{"rendered":"\n<p class=\"_lead_o9xde_2 _lead_xtcu6_50 layout-component text-serif-m layout-normal text-serif-l layout-component layout-wide layout-padded _wide_17hqh_1 layout-padded\">Bussen kolliderte med to personbiler. Elleve personer er sendt til sykehus. <\/p>\n<p><img alt=\" Foto: VG-tipser\" class=\"_image_qp4xg_65 layout-component layout-wide\" data-fullscreen- data-track-element-type=\"Article image fullscreen\" data-track-name=\"ImageFullscreen\" fetchpriority=\"high\" decoding=\"sync\" loading=\"eager\" height=\"928\" itemprop=\"image\"  src=\"https:\/\/www.europesays.com\/no\/wp-content\/uploads\/2026\/01\/f7e4feea-ba86-4ab1-8745-aef022c50b94.jpeg\"  style=\"object-position:0% 0%\" width=\"1392\"\/> Foto: VG-tipser Oppdatert fredag 2. januar kl. 14:45     <\/p>\n<p class=\"_paragraph_o9xde_4 _paragraph_xtcu6_10 layout-component text-serif-m layout-normal text-serif-m layout-padded\">En dobbeltdekkerbuss har veltet i en gr\u00f8ft p\u00e5 E4 n\u00e6r L\u00f6v\u00e5nger i Sverige. <\/p>\n<p class=\"_paragraph_o9xde_4 _paragraph_xtcu6_10 layout-component text-serif-m layout-normal text-serif-m layout-padded\">\u2013 Vi har f\u00e5tt melding om at en buss ligger i gr\u00f8ften og at to personbiler ligger i gr\u00f8ften p\u00e5 den andre siden av veien, sier polititalsperson Elisabeth Glaas til <a href=\"https:\/\/www.aftonbladet.se\/nyheter\/a\/e784VQ\/buss-har-valt-efter-krock-med-bilar\" class=\"_link_o9xde_39\" rel=\"nofollow noopener\" target=\"_blank\">Aftonbladet<\/a>.<\/p>\n<p class=\"_paragraph_o9xde_4 _paragraph_xtcu6_10 layout-component text-serif-m layout-normal text-serif-m layout-padded\">\u00c5tte ambulanser ble kalt ut til skadestedet. En luftambulanse ble ogs\u00e5 kalt ut, men kunne ikke lande. <\/p>\n<p class=\"_paragraph_o9xde_4 _paragraph_xtcu6_10 layout-component text-serif-m layout-normal text-serif-m layout-padded\">Det var 48 passasjerer om bord i bussen. <\/p>\n<p class=\"_paragraph_o9xde_4 _paragraph_xtcu6_10 layout-component text-serif-m layout-normal text-serif-m layout-padded\"><strong class=\"_strong_o9xde_25\">Ellevere personer er fraktet til sykehus, melder <a href=\"https:\/\/www.aftonbladet.se\/nyheter\/a\/e784VQ\/buss-har-valt-efter-krock-med-bilar\" class=\"_link_o9xde_39\" rel=\"nofollow noopener\" target=\"_blank\">Aftonbladet<\/a>.<\/strong><\/p>\n<p class=\"_paragraph_o9xde_4 _paragraph_xtcu6_10 layout-component text-serif-m layout-normal text-serif-m layout-padded\">Ulykken skjedde rundt klokken 12 fredag. Bilder fra stedet viser at veien er dekket av sn\u00f8. Trafikken har blitt stengt i begge retninger. <\/p>\n<p class=\"_paragraph_o9xde_4 _paragraph_xtcu6_10 layout-component text-serif-m layout-normal text-serif-m layout-padded\">\u2013 Det er kaos. Folk bl\u00f8r og sitter inntullet i tepper rundt bussen, forteller et \u00f8yenvitne som sitter i bilk\u00f8 ved ulykkesstedet til Aftonbladet. <\/p>\n<p class=\"_paragraph_o9xde_4 _paragraph_xtcu6_10 layout-component text-serif-m layout-normal text-serif-m layout-padded\">Noen av passasjerene er tatt om bord i en annen forbipasserende buss for \u00e5 varme seg opp. <\/p>\n<p class=\"_paragraph_o9xde_4 _paragraph_xtcu6_10 layout-component text-serif-m layout-normal text-serif-m layout-padded\">L\u00f6v\u00e5nger er et lite tettsted i Skellefte\u00e5 kommune, som ligger nord\u00f8st i Sverige.<\/p>\n<p class=\"_paragraph_o9xde_4 _paragraph_xtcu6_10 layout-component text-serif-m layout-normal text-serif-m layout-padded\">Det har v\u00e6rt kraftig sn\u00f8v\u00e6r i Sverige de siste dagene. I Skellefte\u00e5 ligger temperaturen p\u00e5 15 minusgrader fredag ettermiddag. <\/p>\n<p class=\"_paragraph_o9xde_4 _paragraph_xtcu6_10 layout-component text-serif-m layout-normal text-serif-m layout-padded\">Sveriges meteorologiske institutt har fredag sendt ut oransje farevarsel for sn\u00f8 i deler av landet.<\/p>\n<p>Aktiver kart<\/p>\n","protected":false},"excerpt":{"rendered":"Bussen kolliderte med to personbiler. Elleve personer er sendt til sykehus. Foto: VG-tipser Oppdatert fredag 2. januar kl.&hellip;\n","protected":false},"author":2,"featured_media":127169,"comment_status":"","ping_status":"","sticky":false,"template":"","format":"standard","meta":{"footnotes":""},"categories":[5],"tags":[20,21,24,25,15,19,22,23,17,18,13,30,28,29,14,16,26,27],"class_list":{"0":"post-127168","1":"post","2":"type-post","3":"status-publish","4":"format-standard","5":"has-post-thumbnail","7":"category-overskrifter","8":"tag-breaking-news","9":"tag-breakingnews","10":"tag-featured-news","11":"tag-featurednews","12":"tag-headlines","13":"tag-hovedoppslag","14":"tag-latest-news","15":"tag-latestnews","16":"tag-main-news","17":"tag-mainnews","18":"tag-news","19":"tag-no","20":"tag-norge","21":"tag-norway","22":"tag-nyheter","23":"tag-overskrifter","24":"tag-top-stories","25":"tag-topstories"},"share_on_mastodon":{"url":"https:\/\/pubeurope.com\/@no\/115826173076434479","error":""},"_links":{"self":[{"href":"https:\/\/www.europesays.com\/no\/wp-json\/wp\/v2\/posts\/127168","targetHints":{"allow":["GET"]}}],"collection":[{"href":"https:\/\/www.europesays.com\/no\/wp-json\/wp\/v2\/posts"}],"about":[{"href":"https:\/\/www.europesays.com\/no\/wp-json\/wp\/v2\/types\/post"}],"author":[{"embeddable":true,"href":"https:\/\/www.europesays.com\/no\/wp-json\/wp\/v2\/users\/2"}],"replies":[{"embeddable":true,"href":"https:\/\/www.europesays.com\/no\/wp-json\/wp\/v2\/comments?post=127168"}],"version-history":[{"count":0,"href":"https:\/\/www.europesays.com\/no\/wp-json\/wp\/v2\/posts\/127168\/revisions"}],"wp:featuredmedia":[{"embeddable":true,"href":"https:\/\/www.europesays.com\/no\/wp-json\/wp\/v2\/media\/127169"}],"wp:attachment":[{"href":"https:\/\/www.europesays.com\/no\/wp-json\/wp\/v2\/media?parent=127168"}],"wp:term":[{"taxonomy":"category","embeddable":true,"href":"https:\/\/www.europesays.com\/no\/wp-json\/wp\/v2\/categories?post=127168"},{"taxonomy":"post_tag","embeddable":true,"href":"https:\/\/www.europesays.com\/no\/wp-json\/wp\/v2\/tags?post=127168"}],"curies":[{"name":"wp","href":"https:\/\/api.w.org\/{rel}","templated":true}]}}