{"id":127170,"date":"2026-01-02T15:23:17","date_gmt":"2026-01-02T15:23:17","guid":{"rendered":"https:\/\/www.europesays.com\/no\/127170\/"},"modified":"2026-01-02T15:23:17","modified_gmt":"2026-01-02T15:23:17","slug":"skole-oppvekst-varsler-avslag-for-skole","status":"publish","type":"post","link":"https:\/\/www.europesays.com\/no\/127170\/","title":{"rendered":"Skole, Oppvekst | Varsler avslag for skole"},"content":{"rendered":"\n<p>Akershus fylkeskommune har s\u00f8kt om \u00e5 ta i bruk Brynsveien 88 som erstatningslokaler mens nye Rud videreg\u00e5ende skole bygges. Lokalene skal etter planen huse 411 elever og 104 ansatte frem til sommeren 2030, med fokus p\u00e5 studieretningene musikk, dans og drama, samt helse og oppvekst.<\/p>\n<p>N\u00e5 har Arbeidstilsynet sendt et varsel om avslag p\u00e5 s\u00f8knaden. Tilsynet mener dokumentasjonen rundt st\u00f8y og ventilasjon er mangelfull.<\/p>\n<p>   <img decoding=\"async\" width=\"1280\" height=\"720\" fetchpriority=\"low\"  loading=\"lazy\"  src=\"https:\/\/www.europesays.com\/no\/wp-content\/uploads\/2026\/01\/nye+rud+vgs.jpg\" alt=\"\" class=\"brick-c-cFOWSL\" style=\"--brick-image-ratio: 1280 \/ 720;\"\/><\/p>\n<p>      Nye Rud videreg\u00e5ende skole skal etter planen st\u00e5 klar i 2030. ILLUSTRASJON: LINK ARKITETUR AS<\/p>\n<p>  Trommelyd og musikk<\/p>\n<p>Et av hovedpunktene i varselet gjelder st\u00f8yforholdene i modulbygget (paviljongen) fra 2008, der det er planlagt musikkrom.<\/p>\n<p>I s\u00f8knaden har arkitekten p\u00e5 vegne av fylkeskommunen beskrevet at det vil v\u00e6re \u00absv\u00e6rt kostbart og krevende\u00bb \u00e5 oppfylle kravene til lydisolering for musikkrommene. Akustikkrapporten viser at modulene ikke tilfredsstiller grenseverdiene for rom med slagverk eller forsterket musikk.<\/p>\n<p>Som et mottiltak er det foresl\u00e5tt organisatoriske grep, som begrenset sambruk av lokalene, men Arbeidstilsynet etterlyser n\u00e5 en redegj\u00f8relse for hvordan de faktiske kravene i arbeidsmilj\u00f8loven skal overholdes.<\/p>\n<p>Rektor p\u00e5 Rud vgs, Geir Lindblad, sier til Budstikka torsdag 1. januar at avslaget fra Arbeidstilsynet er ukjent for ham.<\/p>\n<p>Marianne Carlsen, seksjonsleder for prosjektseksjonen i Eiendomsavdelingen i Akershus fylkeskommune (AFK), sier til Budstikka fredag at det har v\u00e6rt en lengre prosess \u00e5 finne egnede midlertidige lokaler for skolen.<\/p>\n<p>\u2013 Lokalene i Brynsveien 88 er en del av l\u00f8sningen, og skal huse en del av undervisningstilbudet p\u00e5 Rud i byggeperioden. Siden det er lokaler opprinnelig bygd for et annet form\u00e5l har det v\u00e6rt en periode med prosjektering og planlegging av n\u00f8dvendige tilpasninger, som etter planen skal starte opp n\u00e5 i starten av \u00e5ret. Siden ombyggingen inneb\u00e6rer etablering av nye midlertidige arbeidsplasser er det s\u00f8kt om Arbeidstilsynets samtykke.<\/p>\n<p>\u2013 AFK planlegger \u00e5 svare ut arbeidstilsynets merknader med n\u00e6rmere dokumentasjon i god tid f\u00f8r fristen, 30 januar. Alle bemerkningene er forhold som AFK har en plan om \u00e5 l\u00f8se. De midlertidige lokalene er planlagt for en tidsperiode p\u00e5 maksimalt 4 \u00e5r.<\/p>\n<p>Lokalene i Brynsveien eies av B\u00e6rum kommune gjennom selskapet Kalk Eiendom.<\/p>\n<p>  <a href=\"https:\/\/www.budstikka.no\/5-55-2010354\" class=\"related-teaser has-image default-story-teaser article--c-eRUmMG article--c-eRUmMG-jKCPdD-design-default\" rel=\"nofollow noopener\" target=\"_blank\"><\/p>\n<p>    <img decoding=\"async\" loading=\"lazy\"  src=\"https:\/\/www.europesays.com\/no\/wp-content\/uploads\/2026\/01\/1767367397_965_nye+rud+vgs.jpg\" alt=\"\" class=\"brick-c-cFOWSL\" style=\"\"\/><\/p>\n<p>\n            Les ogs\u00e5<\/p>\n<p>              Skissene klare for milliardprosjekt\n        <\/p>\n<p>  <\/a><br \/>\n  Dans under hjemmetjenesten<\/p>\n<p>I skrivet fra tilsynet reiser de ogs\u00e5 sp\u00f8rsm\u00e5l ved st\u00f8yforholdene i hovedbygget, som er det tidligere administrasjonsbygget til El-verket fra 1970-tallet.<\/p>\n<p>Her viser plantegningene at det er planlagt en dansesal og en \u00abBlackbox\u00bb direkte under hjemmetjenestens kontorer i andre etasje. Arbeidstilsynet krever svar p\u00e5 hvordan st\u00f8y fra disse rommene vil p\u00e5virke de som jobber i etasjen over.<\/p>\n<p>I tillegg til st\u00f8y, er inneklimaet et kritisk punkt. Dokumentasjonen viser at ventilasjonsanleggets kapasitets\u00f8kning er oppgitt til 0 prosent.<\/p>\n<p>Arbeidstilsynet p\u00e5peker at n\u00e5r et anlegg m\u00e5 kj\u00f8res p\u00e5 maksimal hastighet for \u00e5 dekke behovet, f\u00f8rer det ofte til nye problemer:<\/p>\n<ul>\n<li>\u00d8kt st\u00f8y fra selve anlegget.<\/li>\n<li>For h\u00f8y lufthastighet (trekk).<\/li>\n<li>Manglende fleksibilitet ved endret behov.<\/li>\n<\/ul>\n<p>Uten samtykke fra Arbeidstilsynet kan ikke B\u00e6rum kommune gi igangsettingstillatelse for tiltakene i bygget. Fylkeskommunen har n\u00e5 f\u00e5tt frist til 30. januar 2026 med \u00e5 sende inn dokumentasjonen som mangler.<\/p>\n<p>Dersom kravene til st\u00f8yvern og ventilasjon ikke blir dokumentert tilfredsstillende innen fristen, vil s\u00f8knaden om samtykke bli avsl\u00e5tt.<\/p>\n","protected":false},"excerpt":{"rendered":"Akershus fylkeskommune har s\u00f8kt om \u00e5 ta i bruk Brynsveien 88 som erstatningslokaler mens nye Rud videreg\u00e5ende skole&hellip;\n","protected":false},"author":2,"featured_media":127171,"comment_status":"","ping_status":"","sticky":false,"template":"","format":"standard","meta":{"footnotes":""},"categories":[10],"tags":[14902,36,14416,20,21,24,25,15,22,23,13,30,28,29,14,2208,16,3858,14901,804,1510,26,27],"class_list":{"0":"post-127170","1":"post","2":"type-post","3":"status-publish","4":"format-standard","5":"has-post-thumbnail","7":"category-norge","8":"tag-akershus-fylkeskommune","9":"tag-art","10":"tag-baerum-kommune","11":"tag-breaking-news","12":"tag-breakingnews","13":"tag-featured-news","14":"tag-featurednews","15":"tag-headlines","16":"tag-latest-news","17":"tag-latestnews","18":"tag-news","19":"tag-no","20":"tag-norge","21":"tag-norway","22":"tag-nyheter","23":"tag-oppvekst","24":"tag-overskrifter","25":"tag-rud","26":"tag-rud-videregaende-skole","27":"tag-skole","28":"tag-story","29":"tag-top-stories","30":"tag-topstories"},"share_on_mastodon":{"url":"https:\/\/pubeurope.com\/@no\/115826196801524789","error":""},"_links":{"self":[{"href":"https:\/\/www.europesays.com\/no\/wp-json\/wp\/v2\/posts\/127170","targetHints":{"allow":["GET"]}}],"collection":[{"href":"https:\/\/www.europesays.com\/no\/wp-json\/wp\/v2\/posts"}],"about":[{"href":"https:\/\/www.europesays.com\/no\/wp-json\/wp\/v2\/types\/post"}],"author":[{"embeddable":true,"href":"https:\/\/www.europesays.com\/no\/wp-json\/wp\/v2\/users\/2"}],"replies":[{"embeddable":true,"href":"https:\/\/www.europesays.com\/no\/wp-json\/wp\/v2\/comments?post=127170"}],"version-history":[{"count":0,"href":"https:\/\/www.europesays.com\/no\/wp-json\/wp\/v2\/posts\/127170\/revisions"}],"wp:featuredmedia":[{"embeddable":true,"href":"https:\/\/www.europesays.com\/no\/wp-json\/wp\/v2\/media\/127171"}],"wp:attachment":[{"href":"https:\/\/www.europesays.com\/no\/wp-json\/wp\/v2\/media?parent=127170"}],"wp:term":[{"taxonomy":"category","embeddable":true,"href":"https:\/\/www.europesays.com\/no\/wp-json\/wp\/v2\/categories?post=127170"},{"taxonomy":"post_tag","embeddable":true,"href":"https:\/\/www.europesays.com\/no\/wp-json\/wp\/v2\/tags?post=127170"}],"curies":[{"name":"wp","href":"https:\/\/api.w.org\/{rel}","templated":true}]}}