{"id":127172,"date":"2026-01-02T15:24:19","date_gmt":"2026-01-02T15:24:19","guid":{"rendered":"https:\/\/www.europesays.com\/no\/127172\/"},"modified":"2026-01-02T15:24:19","modified_gmt":"2026-01-02T15:24:19","slug":"biskop-stavanger-peker-pa-61-som-mulig-biskop-i-stavanger","status":"publish","type":"post","link":"https:\/\/www.europesays.com\/no\/127172\/","title":{"rendered":"Biskop, Stavanger | Peker p\u00e5 61 som mulig biskop i Stavanger"},"content":{"rendered":"\n<p>11. desember i fjor ble det kjent at Anne Lise \u00c5dn\u00f8y (68) g\u00e5r av som biskop i Stavanger i april, etter sju \u00e5r som leder for bisped\u00f8mmet.<\/p>\n<p> I jakten p\u00e5 etterf\u00f8lgeren inviterte Stavanger bisped\u00f8mmer\u00e5d offentligheten til \u00e5 spille inn navn p\u00e5 bispekandidater. Da fristen gikk ut, var det spilt inn 61 navn, opplyser <a href=\"https:\/\/www.kirken.no\/nn-NO\/bispedommer\/stavanger\/aktuelt\/61 personer foresl%C3%A5tt som ny biskop\/\" rel=\"nofollow noopener\" target=\"_blank\">Den norske kirke<\/a>.<\/p>\n<p> Navnelisten vil bli offentliggjort fredag 2. januar. Ogs\u00e5 <a href=\"https:\/\/www.dagen.no\/nyheter\/61-er-blitt-foreslatt-som-bispekandidat-i-stavanger\/1528782\" rel=\"nofollow noopener\" target=\"_blank\">Dagen <\/a> og <a href=\"https:\/\/www.vl.no\/nyheter\/61-er-foreslatt-som-bispekandidat-i-stavanger\/10128617\" rel=\"nofollow noopener\" target=\"_blank\">V\u00e5rt Land<\/a> har skrevet om saken.<\/p>\n<p>Bisped\u00f8mmer\u00e5det skal innen 8. mars nominere inntil fem personer som de anser skikket til \u00e5 overta som biskop. Den nye biskopen vil bli presentert 22. mai.<\/p>\n<p>\u00c5dn\u00f8y har avskjedsgudstjenester i Haugesund helgen etter p\u00e5ske og i Stavanger domkirke 19. april.<\/p>\n<p>(\u00a9NTB)<\/p>\n","protected":false},"excerpt":{"rendered":"11. desember i fjor ble det kjent at Anne Lise \u00c5dn\u00f8y (68) g\u00e5r av som biskop i Stavanger&hellip;\n","protected":false},"author":2,"featured_media":127173,"comment_status":"","ping_status":"","sticky":false,"template":"","format":"standard","meta":{"footnotes":""},"categories":[5],"tags":[20,21,24,25,15,19,22,23,17,18,13,30,28,29,14,16,26,27],"class_list":{"0":"post-127172","1":"post","2":"type-post","3":"status-publish","4":"format-standard","5":"has-post-thumbnail","7":"category-overskrifter","8":"tag-breaking-news","9":"tag-breakingnews","10":"tag-featured-news","11":"tag-featurednews","12":"tag-headlines","13":"tag-hovedoppslag","14":"tag-latest-news","15":"tag-latestnews","16":"tag-main-news","17":"tag-mainnews","18":"tag-news","19":"tag-no","20":"tag-norge","21":"tag-norway","22":"tag-nyheter","23":"tag-overskrifter","24":"tag-top-stories","25":"tag-topstories"},"share_on_mastodon":{"url":"https:\/\/pubeurope.com\/@no\/115826200825192625","error":""},"_links":{"self":[{"href":"https:\/\/www.europesays.com\/no\/wp-json\/wp\/v2\/posts\/127172","targetHints":{"allow":["GET"]}}],"collection":[{"href":"https:\/\/www.europesays.com\/no\/wp-json\/wp\/v2\/posts"}],"about":[{"href":"https:\/\/www.europesays.com\/no\/wp-json\/wp\/v2\/types\/post"}],"author":[{"embeddable":true,"href":"https:\/\/www.europesays.com\/no\/wp-json\/wp\/v2\/users\/2"}],"replies":[{"embeddable":true,"href":"https:\/\/www.europesays.com\/no\/wp-json\/wp\/v2\/comments?post=127172"}],"version-history":[{"count":0,"href":"https:\/\/www.europesays.com\/no\/wp-json\/wp\/v2\/posts\/127172\/revisions"}],"wp:featuredmedia":[{"embeddable":true,"href":"https:\/\/www.europesays.com\/no\/wp-json\/wp\/v2\/media\/127173"}],"wp:attachment":[{"href":"https:\/\/www.europesays.com\/no\/wp-json\/wp\/v2\/media?parent=127172"}],"wp:term":[{"taxonomy":"category","embeddable":true,"href":"https:\/\/www.europesays.com\/no\/wp-json\/wp\/v2\/categories?post=127172"},{"taxonomy":"post_tag","embeddable":true,"href":"https:\/\/www.europesays.com\/no\/wp-json\/wp\/v2\/tags?post=127172"}],"curies":[{"name":"wp","href":"https:\/\/api.w.org\/{rel}","templated":true}]}}