{"id":127176,"date":"2026-01-02T15:30:10","date_gmt":"2026-01-02T15:30:10","guid":{"rendered":"https:\/\/www.europesays.com\/no\/127176\/"},"modified":"2026-01-02T15:30:10","modified_gmt":"2026-01-02T15:30:10","slug":"skjeberg-tyveri-fanget-pa-kamera","status":"publish","type":"post","link":"https:\/\/www.europesays.com\/no\/127176\/","title":{"rendered":"Skjeberg, Tyveri | Fanget p\u00e5 kamera"},"content":{"rendered":"\n<p>En tyv stjal fem sekker med t\u00f8rr bj\u00f8rkeved fra to fjorten\u00e5ringer fra Skjeberg natt til l\u00f8rdag i forrige uke.<\/p>\n<p>Guttene hadde satt ut veden til salgs ved \u00d8stfold Dekk &amp; Antirust i Stasjonsveien.<\/p>\n<p>\u2013 De solgte veden som et ledd i et skoleprosjekt, forteller Roger Dahl som er faren til en av guttene.<\/p>\n<p>Totalt har guttene pakket rundt 20 sekker med ved som de solgte for 99 kroner sekken.<\/p>\n<p>\u2013 Han hadde det travelt<\/p>\n<p>Et overv\u00e5kningskamera fanget opp tyveriet.<\/p>\n<p>P\u00e5 bildet ser vi en mann som tar veden og stabler den opp p\u00e5 en sykkeltralle bak sykkelen.<\/p>\n<p>Tyveriet skjedde klokken 02.30 natt til l\u00f8rdag forrige uke.<\/p>\n<p>\u2013 P\u00e5 videoen ser vi at personen har det veldig travelt med \u00e5 komme seg av g\u00e5rde, forteller Dahl.<\/p>\n<p>I ettertid har Dahl f\u00e5tt flere tips om hvem dette kan v\u00e6re, og vil f\u00f8lge opp tipsene han har f\u00e5tt.<\/p>\n<p>   <img decoding=\"async\" width=\"590\" height=\"528\" fetchpriority=\"low\"  loading=\"lazy\"  src=\"https:\/\/www.europesays.com\/no\/wp-content\/uploads\/2026\/01\/605138693_1809228699739610_613598422100933412_n.jpg\" alt=\"Screenshot\" class=\"brick-c-cFOWSL\" style=\"--brick-image-ratio: 590 \/ 528;\"\/><\/p>\n<p>  Stor st\u00f8tte<\/p>\n<p>Etter at saken om tyveriet ble lagt ut p\u00e5 Facebook, har flere vist sin sympati for de unge guttene.<\/p>\n<p>\u2013 Det er alts\u00e5 helt utrolig at det g\u00e5r an! Jeg st\u00f8tter p\u00e5 ingen m\u00e5te denne tyven, men vil veldig gjerne hjelpe elevbedriften s\u00e5 jeg vipser for to sekker og h\u00e5per tyven melder seg sporenstreks, lyder en av kommentarene p\u00e5 Facebook.<\/p>\n<p>\u2013 For h\u00e5pe han f\u00e5r d\u00e5rlig samvittighet og vipser det han skylder, lyder en annen kommentar.<\/p>\n<p>B\u00e5de Dahl og guttene er takknemlig for all st\u00f8tten, og opplyser at de har rundt ti sekker igjen om det er noen som har behov for ved.<\/p>\n<p>  <a href=\"https:\/\/www.sa.no\/5-46-1935698\" class=\"related-teaser has-image default-story-teaser article--c-eRUmMG article--c-eRUmMG-jKCPdD-design-default\" rel=\"nofollow noopener\" target=\"_blank\"><\/p>\n<p>    <img decoding=\"async\" loading=\"lazy\"  src=\"https:\/\/www.europesays.com\/no\/wp-content\/uploads\/2026\/01\/IMGL9311+%281%29.jpg\" alt=\"\" class=\"brick-c-cFOWSL\" style=\"\"\/><\/p>\n<p>\n            Les ogs\u00e5<\/p>\n<p>              Tyver slo til i Monicas butikk rett f\u00f8r jul: \u2013 Jeg ble lurt trill rundt\n        <\/p>\n<p>  <\/a><\/p>\n<p>  <a href=\"https:\/\/www.sa.no\/5-46-1927785\" class=\"related-teaser has-image default-story-teaser article--c-eRUmMG article--c-eRUmMG-jKCPdD-design-default\" rel=\"nofollow noopener\" target=\"_blank\"><\/p>\n<p>    <img decoding=\"async\" loading=\"lazy\"  src=\"https:\/\/www.europesays.com\/no\/wp-content\/uploads\/2026\/01\/20251209-VM_L8098-Enhanced-NR.jpg\" alt=\"\" class=\"brick-c-cFOWSL\" style=\"\"\/><\/p>\n<p>\n            Les ogs\u00e5<\/p>\n<p>              \u2013 Jeg ble s\u00e5 glad da jeg fikk den tekstmeldingen\n        <\/p>\n<p>  <\/a><\/p>\n<p>  <a href=\"https:\/\/www.sa.no\/5-46-1927494\" class=\"related-teaser has-image default-story-teaser article--c-eRUmMG article--c-eRUmMG-jKCPdD-design-default\" rel=\"nofollow noopener\" target=\"_blank\"><\/p>\n<p>    <img decoding=\"async\" loading=\"lazy\"  src=\"https:\/\/www.europesays.com\/no\/wp-content\/uploads\/2026\/01\/597826783_2314635588985153_5274362966396591566_n.jpg\" alt=\"\" class=\"brick-c-cFOWSL\" style=\"\"\/><\/p>\n<p>\n            Les ogs\u00e5<\/p>\n<p>              Stj\u00e5let i natt &#8211; funnet\n        <\/p>\n<p>  <\/a><\/p>\n","protected":false},"excerpt":{"rendered":"En tyv stjal fem sekker med t\u00f8rr bj\u00f8rkeved fra to fjorten\u00e5ringer fra Skjeberg natt til l\u00f8rdag i forrige&hellip;\n","protected":false},"author":2,"featured_media":127177,"comment_status":"","ping_status":"","sticky":false,"template":"","format":"standard","meta":{"footnotes":""},"categories":[10],"tags":[36,20,21,24,25,15,22,23,13,30,28,29,14,16,14903,1510,26,27,1063,14904],"class_list":{"0":"post-127176","1":"post","2":"type-post","3":"status-publish","4":"format-standard","5":"has-post-thumbnail","7":"category-norge","8":"tag-art","9":"tag-breaking-news","10":"tag-breakingnews","11":"tag-featured-news","12":"tag-featurednews","13":"tag-headlines","14":"tag-latest-news","15":"tag-latestnews","16":"tag-news","17":"tag-no","18":"tag-norge","19":"tag-norway","20":"tag-nyheter","21":"tag-overskrifter","22":"tag-skjeberg","23":"tag-story","24":"tag-top-stories","25":"tag-topstories","26":"tag-tyveri","27":"tag-videoovervakning"},"share_on_mastodon":{"url":"https:\/\/pubeurope.com\/@no\/115826224320470469","error":""},"_links":{"self":[{"href":"https:\/\/www.europesays.com\/no\/wp-json\/wp\/v2\/posts\/127176","targetHints":{"allow":["GET"]}}],"collection":[{"href":"https:\/\/www.europesays.com\/no\/wp-json\/wp\/v2\/posts"}],"about":[{"href":"https:\/\/www.europesays.com\/no\/wp-json\/wp\/v2\/types\/post"}],"author":[{"embeddable":true,"href":"https:\/\/www.europesays.com\/no\/wp-json\/wp\/v2\/users\/2"}],"replies":[{"embeddable":true,"href":"https:\/\/www.europesays.com\/no\/wp-json\/wp\/v2\/comments?post=127176"}],"version-history":[{"count":0,"href":"https:\/\/www.europesays.com\/no\/wp-json\/wp\/v2\/posts\/127176\/revisions"}],"wp:featuredmedia":[{"embeddable":true,"href":"https:\/\/www.europesays.com\/no\/wp-json\/wp\/v2\/media\/127177"}],"wp:attachment":[{"href":"https:\/\/www.europesays.com\/no\/wp-json\/wp\/v2\/media?parent=127176"}],"wp:term":[{"taxonomy":"category","embeddable":true,"href":"https:\/\/www.europesays.com\/no\/wp-json\/wp\/v2\/categories?post=127176"},{"taxonomy":"post_tag","embeddable":true,"href":"https:\/\/www.europesays.com\/no\/wp-json\/wp\/v2\/tags?post=127176"}],"curies":[{"name":"wp","href":"https:\/\/api.w.org\/{rel}","templated":true}]}}