{"id":127185,"date":"2026-01-02T15:39:12","date_gmt":"2026-01-02T15:39:12","guid":{"rendered":"https:\/\/www.europesays.com\/no\/127185\/"},"modified":"2026-01-02T15:39:12","modified_gmt":"2026-01-02T15:39:12","slug":"sport-ullensaker-kisa-kbk-spiller-blir-utenlandsproff-klar-for-tysk-klubb","status":"publish","type":"post","link":"https:\/\/www.europesays.com\/no\/127185\/","title":{"rendered":"Sport, Ullensaker Kisa | KBK-spiller blir utenlandsproff \u2013 klar for tysk klubb"},"content":{"rendered":"\n<p>Overgangen bekreftes i Bochums <a href=\"https:\/\/x.com\/VfLBochum1848eV\/status\/2007029873311879191\" rel=\"nofollow\">mediekanaler.<\/a><\/p>\n<p>Bochum rykket ned fra Bundesliga forrige sesong etter flere \u00e5r p\u00e5 \u00f8verste niv\u00e5 i Tyskland. Laget ligger for tiden p\u00e5 10.-plass p\u00e5 tabellen.<\/p>\n<p>L\u00f8venstad-guttens kontrakt med Kristiansund gikk ut ved \u00e5rsskiftet. If\u00f8lge lokalavisen Tidens Krav pr\u00f8vde nordm\u00f8ringene gjentatte ganger \u00e5 forlenge med 23-\u00e5ringen, men uten \u00e5 lykkes.<\/p>\n<p>Venstrebacken kom til KBK fra Ull\/Kisa foran 2022-sesongen.<\/p>\n<p>(\u00a9NTB)<\/p>\n<p>  <a href=\"https:\/\/www.rb.no\/5-43-2645177\" class=\"related-teaser has-image default-story-teaser article--c-eRUmMG article--c-eRUmMG-jKCPdD-design-default\" wp_automatic_readability=\"1\" rel=\"nofollow noopener\" target=\"_blank\"><\/p>\n<p>    For abonnenter<\/p>\n<p>    <img decoding=\"async\" loading=\"lazy\"  src=\"https:\/\/www.europesays.com\/no\/wp-content\/uploads\/2026\/01\/1767368351_241_lsk-ibrahimaj.jpg\" alt=\"\" class=\"brick-c-cFOWSL\" style=\"\"\/><\/p>\n<p>\n            Les ogs\u00e5<\/p>\n<p>  RB erfarer: Hentes tilbake til \u00c5r\u00e5sen<\/p>\n<p>  <\/a><\/p>\n<p>  <a href=\"https:\/\/www.rb.no\/5-43-2640274\" class=\"related-teaser has-image default-story-teaser article--c-eRUmMG article--c-eRUmMG-jKCPdD-design-default\" wp_automatic_readability=\"1\" rel=\"nofollow noopener\" target=\"_blank\"><\/p>\n<p>    For abonnenter<\/p>\n<p>    <img decoding=\"async\" loading=\"lazy\"  src=\"https:\/\/www.europesays.com\/no\/wp-content\/uploads\/2026\/01\/lsk-dahlberg.jpeg\" alt=\"\" class=\"brick-c-cFOWSL\" style=\"\"\/><\/p>\n<p>\n            Les ogs\u00e5<\/p>\n<p>  Den nye keeperen: \u2013 Veldig inspirerende det som skjer i LSK<\/p>\n<p>  <\/a><\/p>\n<p>  <a href=\"https:\/\/www.rb.no\/5-43-2644448\" class=\"related-teaser has-image default-story-teaser article--c-eRUmMG article--c-eRUmMG-jKCPdD-design-default\" wp_automatic_readability=\"1\" rel=\"nofollow noopener\" target=\"_blank\"><\/p>\n<p>    For abonnenter<\/p>\n<p>    <img decoding=\"async\" loading=\"lazy\"  src=\"https:\/\/www.europesays.com\/no\/wp-content\/uploads\/2026\/01\/DSC_9894.JPG\" alt=\"\" class=\"brick-c-cFOWSL\" style=\"\"\/><\/p>\n<p>\n            Les ogs\u00e5<\/p>\n<p>  Flere st\u00e5r p\u00e5 venteliste: \u2013 Interessen bare fortsetter \u00e5 vokse<\/p>\n<p>  <\/a><\/p>\n","protected":false},"excerpt":{"rendered":"Overgangen bekreftes i Bochums mediekanaler. Bochum rykket ned fra Bundesliga forrige sesong etter flere \u00e5r p\u00e5 \u00f8verste niv\u00e5&hellip;\n","protected":false},"author":2,"featured_media":127186,"comment_status":"","ping_status":"","sticky":false,"template":"","format":"standard","meta":{"footnotes":""},"categories":[59],"tags":[36,92,30,28,29,83,82,1510,14905],"class_list":{"0":"post-127185","1":"post","2":"type-post","3":"status-publish","4":"format-standard","5":"has-post-thumbnail","7":"category-sport","8":"tag-art","9":"tag-fotball","10":"tag-no","11":"tag-norge","12":"tag-norway","13":"tag-sport","14":"tag-sports","15":"tag-story","16":"tag-ullensaker-kisa"},"share_on_mastodon":{"url":"https:\/\/pubeurope.com\/@no\/115826259686735276","error":""},"_links":{"self":[{"href":"https:\/\/www.europesays.com\/no\/wp-json\/wp\/v2\/posts\/127185","targetHints":{"allow":["GET"]}}],"collection":[{"href":"https:\/\/www.europesays.com\/no\/wp-json\/wp\/v2\/posts"}],"about":[{"href":"https:\/\/www.europesays.com\/no\/wp-json\/wp\/v2\/types\/post"}],"author":[{"embeddable":true,"href":"https:\/\/www.europesays.com\/no\/wp-json\/wp\/v2\/users\/2"}],"replies":[{"embeddable":true,"href":"https:\/\/www.europesays.com\/no\/wp-json\/wp\/v2\/comments?post=127185"}],"version-history":[{"count":0,"href":"https:\/\/www.europesays.com\/no\/wp-json\/wp\/v2\/posts\/127185\/revisions"}],"wp:featuredmedia":[{"embeddable":true,"href":"https:\/\/www.europesays.com\/no\/wp-json\/wp\/v2\/media\/127186"}],"wp:attachment":[{"href":"https:\/\/www.europesays.com\/no\/wp-json\/wp\/v2\/media?parent=127185"}],"wp:term":[{"taxonomy":"category","embeddable":true,"href":"https:\/\/www.europesays.com\/no\/wp-json\/wp\/v2\/categories?post=127185"},{"taxonomy":"post_tag","embeddable":true,"href":"https:\/\/www.europesays.com\/no\/wp-json\/wp\/v2\/tags?post=127185"}],"curies":[{"name":"wp","href":"https:\/\/api.w.org\/{rel}","templated":true}]}}