{"id":127187,"date":"2026-01-02T15:40:06","date_gmt":"2026-01-02T15:40:06","guid":{"rendered":"https:\/\/www.europesays.com\/no\/127187\/"},"modified":"2026-01-02T15:40:06","modified_gmt":"2026-01-02T15:40:06","slug":"nyhet-kino-flaklypa-med-flotte-tall-i-halden","status":"publish","type":"post","link":"https:\/\/www.europesays.com\/no\/127187\/","title":{"rendered":"Nyhet, Kino | Fl\u00e5klypa med flotte tall i Halden"},"content":{"rendered":"\n<p>\u2013 Veldig gledelig, sier en forn\u00f8yd kinosjef Clas Lucky Eriksen.<\/p>\n<p>Fl\u00e5klypa hadde premiere 25. desember, og p\u00e5 de siste dagene av 2025 ble den sett av 1.725 mennesker p\u00e5 Halden kino.<\/p>\n<p>Det gj\u00f8r den, p\u00e5 rekordtid, til \u00e5rets fjerde mest sett kinofilm i Halden.<\/p>\n<p><b>Dette er topp 10 for 2025:<\/b><\/p>\n<ol>\n<li>Hvis ingen g\u00e5r i fella 2.648<\/li>\n<li>Bl\u00fccher 2.558<\/li>\n<li>En Minecraft-film 2.497<\/li>\n<li>Fl\u00e5klypa \u2013 fra Paris til Pyramidene 1.725<\/li>\n<li>Avatar: Fire and Ash 1.298<\/li>\n<li>The Conjuring: Last Rites 1.170<\/li>\n<li>Lilo &amp; Stich 1.076<\/li>\n<li>Affeksjonsverdi 941<\/li>\n<li>Kaptein Sabeltann og Grevinnen av Gral 913<\/li>\n<li>Bridget Jones: Mad about the Boy 898<\/li>\n<\/ol>\n<p>Totalt hadde Halden kino 35.915 bes\u00f8k i 2025, fordelt p\u00e5 2.749 forestillinger.<\/p>\n<p>Det betyr rundt regnet 13 personer i snitt per film.<\/p>\n<p>\u2013 Vi har \u00f8kt totalbes\u00f8ket med 100 fra 2024 til 2025, forteller kinosjefen.<\/p>\n<p>Han forteller videre at filmelskere har mye \u00e5 se fram til i det kommende \u00e5ret.<\/p>\n<p>\u2013 Det er mange store filmer p\u00e5 gang, og med et nytt og gunstig kinoabonnement (KinoPluss Unlimited) har vi troen p\u00e5 at bes\u00f8ket kommer til \u00e5 stige i 2026, sier han.<\/p>\n<p><b>Dette er noen av filmene som kommer i \u00e5r:<\/b><\/p>\n<p>09.01 Rutete Ninja 3<br \/>06.02 Kraken<br \/>06.02 SvampeBob: Jakten p\u00e5 firkant<br \/>27.02 EPiC: Elvis Presley in Concert<br \/>27.02 Scream 7<br \/>20.03 Project Hail Mary<br \/>24.04 Michael<br \/>19.06 Toy Story 5<br \/>26.06 Supergirl<br \/>01.07 Minions 3<br \/>17.07 The Odyssey<br \/>31.07 Spider-Man: Brand New Day<br \/>25.09 Avengers: Endgame<br \/>11.12 Jumanji 3<br \/>25.12 Bukkene Bruse drar til Syden<br \/>25.12 ViQueens<\/p>\n","protected":false},"excerpt":{"rendered":"\u2013 Veldig gledelig, sier en forn\u00f8yd kinosjef Clas Lucky Eriksen. Fl\u00e5klypa hadde premiere 25. desember, og p\u00e5 de&hellip;\n","protected":false},"author":2,"featured_media":127188,"comment_status":"","ping_status":"","sticky":false,"template":"","format":"standard","meta":{"footnotes":""},"categories":[58],"tags":[36,14907,71,14906,461,30,28,29,447,1510,72],"class_list":{"0":"post-127187","1":"post","2":"type-post","3":"status-publish","4":"format-standard","5":"has-post-thumbnail","7":"category-underholdning","8":"tag-art","9":"tag-clas-lucky-eriksen","10":"tag-entertainment","11":"tag-halden-kino","12":"tag-kino","13":"tag-no","14":"tag-norge","15":"tag-norway","16":"tag-nyhet","17":"tag-story","18":"tag-underholdning"},"share_on_mastodon":{"url":"https:\/\/pubeurope.com\/@no\/115826263507830385","error":""},"_links":{"self":[{"href":"https:\/\/www.europesays.com\/no\/wp-json\/wp\/v2\/posts\/127187","targetHints":{"allow":["GET"]}}],"collection":[{"href":"https:\/\/www.europesays.com\/no\/wp-json\/wp\/v2\/posts"}],"about":[{"href":"https:\/\/www.europesays.com\/no\/wp-json\/wp\/v2\/types\/post"}],"author":[{"embeddable":true,"href":"https:\/\/www.europesays.com\/no\/wp-json\/wp\/v2\/users\/2"}],"replies":[{"embeddable":true,"href":"https:\/\/www.europesays.com\/no\/wp-json\/wp\/v2\/comments?post=127187"}],"version-history":[{"count":0,"href":"https:\/\/www.europesays.com\/no\/wp-json\/wp\/v2\/posts\/127187\/revisions"}],"wp:featuredmedia":[{"embeddable":true,"href":"https:\/\/www.europesays.com\/no\/wp-json\/wp\/v2\/media\/127188"}],"wp:attachment":[{"href":"https:\/\/www.europesays.com\/no\/wp-json\/wp\/v2\/media?parent=127187"}],"wp:term":[{"taxonomy":"category","embeddable":true,"href":"https:\/\/www.europesays.com\/no\/wp-json\/wp\/v2\/categories?post=127187"},{"taxonomy":"post_tag","embeddable":true,"href":"https:\/\/www.europesays.com\/no\/wp-json\/wp\/v2\/tags?post=127187"}],"curies":[{"name":"wp","href":"https:\/\/api.w.org\/{rel}","templated":true}]}}