{"id":12719,"date":"2025-08-19T23:47:08","date_gmt":"2025-08-19T23:47:08","guid":{"rendered":"https:\/\/www.europesays.com\/no\/12719\/"},"modified":"2025-08-19T23:47:08","modified_gmt":"2025-08-19T23:47:08","slug":"slik-gikk-det-for-partilederne-i-debatten-pa-tv-2","status":"publish","type":"post","link":"https:\/\/www.europesays.com\/no\/12719\/","title":{"rendered":"Slik gikk det for partilederne i debatten p\u00e5 TV 2"},"content":{"rendered":"\n<p class=\"_lead_1bvmi_2 _lead_xtcu6_50 layout-component text-serif-m layout-normal text-serif-l layout-component layout-wide layout-padded _wide_17hqh_1 layout-padded\">Helse og utenriks var hovedtemaene da parti\u00adlederne nok en gang m\u00f8ttes til debatt. VGs kommentatorer har kommet med sin dom.<\/p>\n<p> <img class=\"_image_qp4xg_65 layout-component layout-wide\" data-fullscreen- data-track-element-type=\"Article image fullscreen\" data-track-name=\"ImageFullscreen\" fetchpriority=\"high\" decoding=\"sync\" loading=\"eager\" height=\"102\" itemprop=\"image\"  src=\"https:\/\/www.europesays.com\/no\/wp-content\/uploads\/2025\/08\/0570ea13041b770a00493423f3bb15dc.jpg\"  style=\"object-position:50% 50%;aspect-ratio:1.75;height:auto;object-fit:cover;width:100%\" width=\"102\"\/>  Rapporterer fra Bergen Oppdatert tirsdag 19. august kl. 23:27     <\/p>\n<p class=\"_paragraph_1bvmi_4 _paragraph_xtcu6_10 layout-component text-serif-m layout-normal text-serif-m layout-padded\">Tirsdag kveld m\u00f8ttes partilederne til debatt p\u00e5 TV 2- med tre uker igjen til valget. Arbeiderpartiet faller kraftig p\u00e5 <a href=\"https:\/\/www.vg.no\/nyheter\/i\/4B22wR\/vgs-partimaaling-mdg-jubler-ap-faller\" data-track-element-type=\"Link\" data-track-id=\"link:4B22wR\" class=\"_link_1bvmi_39\" rel=\"nofollow noopener\" target=\"_blank\">VGs ferske partim\u00e5ling<\/a>, mens MDG jubler over at de er over sperregrensen \u2013 og berger r\u00f8dgr\u00f8nt flertall. H\u00f8yre fortsetter nedturen.<\/p>\n<p class=\"_paragraph_1bvmi_4 _paragraph_xtcu6_10 layout-component text-serif-m layout-normal text-serif-m layout-padded\">I Media City Bergen fors\u00f8kte TV 2 \u00e5 tvinge partilederne til \u00e5 bruke de enkleste svarene av dem alle \u2014 ja eller nei.<\/p>\n<p class=\"_paragraph_1bvmi_4 _paragraph_xtcu6_10 layout-component text-serif-m layout-normal layout-padded\"><strong class=\"_strong_1bvmi_25\">Les ogs\u00e5:<\/strong> <a href=\"https:\/\/www.vg.no\/i\/Pp1MWX\" data-track-element-type=\"Link\" data-track-id=\"link:Pp1MWX\" class=\"_link_1bvmi_39\" rel=\"nofollow noopener\" target=\"_blank\">Melby om Gaza: \u2013 Historien vil vise at dere st\u00e5r p\u00e5 helt feil side<\/a><\/p>\n<p class=\"_paragraph_1bvmi_4 _paragraph_xtcu6_10 layout-component text-serif-m layout-normal text-serif-m layout-padded\">B\u00e5de H\u00f8yre og Arbeiderpartiet gikk tilbake p\u00e5 VG, Aftenposten, og Bergens Tidendes <a href=\"https:\/\/www.vg.no\/nyheter\/i\/4B22wR\/vgs-partimaaling-mdg-jubler-ap-faller\" data-track-element-type=\"Link\" data-track-id=\"link:4B22wR\" class=\"_link_1bvmi_39\" rel=\"nofollow noopener\" target=\"_blank\">ferskeste m\u00e5ling<\/a>. <\/p>\n<p class=\"_paragraph_1bvmi_4 _paragraph_xtcu6_10 layout-component text-serif-m layout-normal text-serif-m layout-padded\">De tapte stemmene gikk ikke til Frp, men til hverandre og til sm\u00e5partiene som n\u00e5 kjemper om \u00e5 komme seg over sperregrensen. <\/p>\n<p class=\"_paragraph_1bvmi_4 _paragraph_xtcu6_10 layout-component text-serif-m layout-normal text-serif-m layout-padded\">Mer om m\u00e5lingen og resultatene kan du lese her:<\/p>\n<p class=\"_paragraph_1bvmi_4 _paragraph_xtcu6_10 layout-component text-serif-m layout-normal layout-padded\"><strong class=\"_strong_1bvmi_25\">Les ogs\u00e5:<\/strong> <a href=\"https:\/\/www.vg.no\/i\/4B22wR\" data-track-element-type=\"Link\" data-track-id=\"link:4B22wR\" class=\"_link_1bvmi_39\" rel=\"nofollow noopener\" target=\"_blank\">MDG-sjokk p\u00e5 ny VG-m\u00e5ling: Kan avgj\u00f8re valget<\/a><\/p>\n<p class=\"_paragraph_1bvmi_4 _paragraph_xtcu6_10 layout-component text-serif-m layout-normal text-serif-m layout-padded\"><strong class=\"_strong_1bvmi_25\">Klarte partiene \u00e5 overbevise? Under kan du se VGs dom \u2013 og trille terningen selv:<\/strong><\/p>\n","protected":false},"excerpt":{"rendered":"Helse og utenriks var hovedtemaene da parti\u00adlederne nok en gang m\u00f8ttes til debatt. VGs kommentatorer har kommet med&hellip;\n","protected":false},"author":2,"featured_media":12720,"comment_status":"","ping_status":"","sticky":false,"template":"","format":"standard","meta":{"footnotes":""},"categories":[10],"tags":[20,21,24,25,15,22,23,13,30,28,281,29,14,16,199,26,27],"class_list":{"0":"post-12719","1":"post","2":"type-post","3":"status-publish","4":"format-standard","5":"has-post-thumbnail","7":"category-norge","8":"tag-breaking-news","9":"tag-breakingnews","10":"tag-featured-news","11":"tag-featurednews","12":"tag-headlines","13":"tag-latest-news","14":"tag-latestnews","15":"tag-news","16":"tag-no","17":"tag-norge","18":"tag-norsk-politikk","19":"tag-norway","20":"tag-nyheter","21":"tag-overskrifter","22":"tag-stortingsvalg","23":"tag-top-stories","24":"tag-topstories"},"share_on_mastodon":{"url":"","error":""},"_links":{"self":[{"href":"https:\/\/www.europesays.com\/no\/wp-json\/wp\/v2\/posts\/12719","targetHints":{"allow":["GET"]}}],"collection":[{"href":"https:\/\/www.europesays.com\/no\/wp-json\/wp\/v2\/posts"}],"about":[{"href":"https:\/\/www.europesays.com\/no\/wp-json\/wp\/v2\/types\/post"}],"author":[{"embeddable":true,"href":"https:\/\/www.europesays.com\/no\/wp-json\/wp\/v2\/users\/2"}],"replies":[{"embeddable":true,"href":"https:\/\/www.europesays.com\/no\/wp-json\/wp\/v2\/comments?post=12719"}],"version-history":[{"count":0,"href":"https:\/\/www.europesays.com\/no\/wp-json\/wp\/v2\/posts\/12719\/revisions"}],"wp:featuredmedia":[{"embeddable":true,"href":"https:\/\/www.europesays.com\/no\/wp-json\/wp\/v2\/media\/12720"}],"wp:attachment":[{"href":"https:\/\/www.europesays.com\/no\/wp-json\/wp\/v2\/media?parent=12719"}],"wp:term":[{"taxonomy":"category","embeddable":true,"href":"https:\/\/www.europesays.com\/no\/wp-json\/wp\/v2\/categories?post=12719"},{"taxonomy":"post_tag","embeddable":true,"href":"https:\/\/www.europesays.com\/no\/wp-json\/wp\/v2\/tags?post=12719"}],"curies":[{"name":"wp","href":"https:\/\/api.w.org\/{rel}","templated":true}]}}