{"id":127197,"date":"2026-01-02T15:52:22","date_gmt":"2026-01-02T15:52:22","guid":{"rendered":"https:\/\/www.europesays.com\/no\/127197\/"},"modified":"2026-01-02T15:52:22","modified_gmt":"2026-01-02T15:52:22","slug":"bernkonvensjonen-ulv-sp-vil-bytte-side-for-a-felle-flere-ulv-nationen","status":"publish","type":"post","link":"https:\/\/www.europesays.com\/no\/127197\/","title":{"rendered":"Bernkonvensjonen, Ulv | Sp vil bytte side for \u00e5 felle flere ulv &#8211; Nationen"},"content":{"rendered":"<ol>\n<li><a href=\"https:\/\/news.google.com\/rss\/articles\/CBMihAFBVV95cUxNaVhtVEdscEpBNXdjZW9oUnlLQk9zZ1NBOUpSUlR3aHhuTElQVG90OTRhN1B1WlQxbGFLNGxRWXhLbThhOVRHaEN1SUE1MXJHU19UMHRCbHRjUVRvbldYTUczeTE4b1pBVzJQVjNRWklVQVBUSGtvaUhxd1hobWkwRnlXdE4?oc=5\" target=\"_blank\" rel=\"nofollow noopener\">Bernkonvensjonen, Ulv | Sp vil bytte side for \u00e5 felle flere ulv<\/a>&nbsp;&nbsp;Nationen<\/li>\n<li><a href=\"https:\/\/news.google.com\/rss\/articles\/CBMitwFBVV95cUxNemI5eXJxdGZmZmxzUmVhOHVOVWRJMk93V3RHMnRhQkRHTTVYY0dQNEM5LVN3TWFLZWcwTkJXR19RQXJmaC1HSW1BeFhFQUZPNHN3N1p2djg2Z19MV004eFAwWFFEbXZPalQ3MkNDQ3hELWdpRFdKRkdvVFNES3VsTF9wSExqRjRWMGRpWi1OOUxzeUk5YXVJRWZ4dnhFUVB4NHdYLXhGWGd2RThYM29QOUZjd0hud00?oc=5\" target=\"_blank\" rel=\"nofollow noopener\">Uv\u00e6ret gjorde titusenvis str\u00f8ml\u00f8se: Kostet nettselskapet 50 millioner kroner<\/a>&nbsp;&nbsp;NRK<\/li>\n<li><a href=\"https:\/\/news.google.com\/rss\/articles\/CBMijgFBVV95cUxObGR2RlBYWklXV0lMaTIwc0pkSWhwbTllbVpMWXpHRDF6TnNtd21lVE14ZFVCbU9Qa0NkUExQV3JpekNBSlU5WWJvQU9KaWFGTm9yOUNHNEN0aG43N3hCaEdYdF9VemtmM21XbzdBczdXN2VJbWhqSER2UmFlTDYxTkRCX3N6eUM3ZTFEMzZn?oc=5\" target=\"_blank\" rel=\"nofollow noopener\">V\u00e6r, N\u00e6ringsliv | Helgas uv\u00e6r koster Linea minst 50 millioner kroner<\/a>&nbsp;&nbsp;Helgelendingen<\/li>\n<li><a href=\"https:\/\/news.google.com\/rss\/articles\/CBMijwFBVV95cUxOcTRvVGt3dTJhV21kQXNncURRbFdFRXl5cUItR2Nvc0R6ODhVY2RPMDdmYW5EZDktYnpyckVRektRcTMyRlJxSUZsUDJFRW5WZTc2QVdvZF82UzVVNmJBS2VhNHV3ZmZVNXlSZWVhOEFuMEN4Ukp4eFYzcXZXSEI4ZFJxWHJVUjA1QmVMbFVWNA?oc=5\" target=\"_blank\" rel=\"nofollow noopener\">Skog, Hogst | Bare hver tiende skogeiendom hadde hogst i fjor<\/a>&nbsp;&nbsp;Nationen<\/li>\n<li><a href=\"https:\/\/news.google.com\/rss\/articles\/CBMikAFBVV95cUxPTi00MVdwb25kUFdHVE4zMkwzbVV2NEtQNzVZeEFvVGhLUWZuSVpiTG44bHA4VkpuaDA2dldMbkZ1b1ViWUVqQUlEQkk2ZEZuUjJtR044endGOXM1b2NuaXNfVGFBa2dDbWJkeGVxeUpPTVlCQkhUemI5VXNBV2tRUDBIbDIxbmFWTnd4Sld2RzM?oc=5\" target=\"_blank\" rel=\"nofollow noopener\">Nyheter, Salten | Mer tr\u00f8bbel p\u00e5 str\u00f8mnettet: \u2013 Mer omfattende enn vi trodde<\/a>&nbsp;&nbsp;Avisa Nordland<\/li>\n<\/ol>\n","protected":false},"excerpt":{"rendered":"Bernkonvensjonen, Ulv | Sp vil bytte side for \u00e5 felle flere ulv&nbsp;&nbsp;Nationen Uv\u00e6ret gjorde titusenvis str\u00f8ml\u00f8se: Kostet nettselskapet&hellip;\n","protected":false},"author":2,"featured_media":127198,"comment_status":"","ping_status":"","sticky":false,"template":"","format":"standard","meta":{"footnotes":""},"categories":[10],"tags":[20,21,24,25,15,22,23,13,30,28,29,14,16,26,27],"class_list":{"0":"post-127197","1":"post","2":"type-post","3":"status-publish","4":"format-standard","5":"has-post-thumbnail","7":"category-norge","8":"tag-breaking-news","9":"tag-breakingnews","10":"tag-featured-news","11":"tag-featurednews","12":"tag-headlines","13":"tag-latest-news","14":"tag-latestnews","15":"tag-news","16":"tag-no","17":"tag-norge","18":"tag-norway","19":"tag-nyheter","20":"tag-overskrifter","21":"tag-top-stories","22":"tag-topstories"},"share_on_mastodon":{"url":"https:\/\/pubeurope.com\/@no\/115826310653766920","error":""},"_links":{"self":[{"href":"https:\/\/www.europesays.com\/no\/wp-json\/wp\/v2\/posts\/127197","targetHints":{"allow":["GET"]}}],"collection":[{"href":"https:\/\/www.europesays.com\/no\/wp-json\/wp\/v2\/posts"}],"about":[{"href":"https:\/\/www.europesays.com\/no\/wp-json\/wp\/v2\/types\/post"}],"author":[{"embeddable":true,"href":"https:\/\/www.europesays.com\/no\/wp-json\/wp\/v2\/users\/2"}],"replies":[{"embeddable":true,"href":"https:\/\/www.europesays.com\/no\/wp-json\/wp\/v2\/comments?post=127197"}],"version-history":[{"count":0,"href":"https:\/\/www.europesays.com\/no\/wp-json\/wp\/v2\/posts\/127197\/revisions"}],"wp:featuredmedia":[{"embeddable":true,"href":"https:\/\/www.europesays.com\/no\/wp-json\/wp\/v2\/media\/127198"}],"wp:attachment":[{"href":"https:\/\/www.europesays.com\/no\/wp-json\/wp\/v2\/media?parent=127197"}],"wp:term":[{"taxonomy":"category","embeddable":true,"href":"https:\/\/www.europesays.com\/no\/wp-json\/wp\/v2\/categories?post=127197"},{"taxonomy":"post_tag","embeddable":true,"href":"https:\/\/www.europesays.com\/no\/wp-json\/wp\/v2\/tags?post=127197"}],"curies":[{"name":"wp","href":"https:\/\/api.w.org\/{rel}","templated":true}]}}