{"id":127209,"date":"2026-01-02T16:06:15","date_gmt":"2026-01-02T16:06:15","guid":{"rendered":"https:\/\/www.europesays.com\/no\/127209\/"},"modified":"2026-01-02T16:06:15","modified_gmt":"2026-01-02T16:06:15","slug":"trafikk-e16-bil-kjorte-av-veien-og-havnet-pa-taket","status":"publish","type":"post","link":"https:\/\/www.europesays.com\/no\/127209\/","title":{"rendered":"Trafikk, E16 | Bil kj\u00f8rte av veien og havnet p\u00e5 taket"},"content":{"rendered":"\n<p>N\u00f8detatene er p\u00e5 vei ut til E16 i retning Nes i \u00c5dal etter meldinger om en trafikkulykke.<\/p>\n<p>Utforkj\u00f8ring<\/p>\n<p>Politiets operasjonsleder Tom Richard Skuggedal opplyser at det dreier seg om en singelulykke med kun f\u00f8rer i bilen. Utforkj\u00f8ringen har skjedd i 80-sone.<\/p>\n<p>\u2013 Har kj\u00f8rt ut i en sving. Bilen har havnet p\u00e5 taket.<\/p>\n<p>If\u00f8lge politiet klager f\u00f8rer p\u00e5 smerter i nakke og rygg.<\/p>\n<p>  <a href=\"https:\/\/www.ringblad.no\/5-45-2161656\" class=\"related-teaser default-story-teaser article--c-eRUmMG article--c-eRUmMG-jKCPdD-design-default article--c-eRUmMG-kpKLOW-cv\" rel=\"nofollow noopener\" target=\"_blank\"><\/p>\n<p>\n            Les ogs\u00e5<\/p>\n<p>              Vind, sn\u00f8 og kuldegrader: Slik ser det ut p\u00e5 lokale veier n\u00e5\n        <\/p>\n<p>  <\/a><br \/>\n  Ikke utl\u00f8st airbag<\/p>\n<p>Samtlige n\u00f8detater har ankommet stedet n\u00e5r klokken har passert 11 fredag formiddag.<\/p>\n<p>\u2013 Ingen r\u00f8yk eller lekkasje fra bilen. Airbag er ikke utl\u00f8st, sier Skuggedal.<\/p>\n<p>Hendelsen f\u00f8rte ikke til de store trafikale problemene. If\u00f8lge politiet fl\u00f8t trafikken greit i ett felt.<\/p>\n<p><b>Klokken 12 er bilen berget og veien ryddet. <\/b><\/p>\n<p>  <a href=\"https:\/\/www.ringblad.no\/5-45-2161674\" class=\"related-teaser has-image default-story-teaser article--c-eRUmMG article--c-eRUmMG-jKCPdD-design-default\" rel=\"nofollow noopener\" target=\"_blank\"><\/p>\n<p>    <img decoding=\"async\" loading=\"lazy\"  src=\"https:\/\/www.europesays.com\/no\/wp-content\/uploads\/2026\/01\/sladd+Trafikkuhell+Hvalsmoen+010126_1.jpg\" alt=\"\" class=\"brick-c-cFOWSL\" style=\"\"\/><\/p>\n<p>\n            Les ogs\u00e5<\/p>\n<p>              Trafikkuhell p\u00e5 E16: \u2013 Begge ble avh\u00f8rt som mistenkt\n        <\/p>\n<p>  <\/a><\/p>\n","protected":false},"excerpt":{"rendered":"N\u00f8detatene er p\u00e5 vei ut til E16 i retning Nes i \u00c5dal etter meldinger om en trafikkulykke. Utforkj\u00f8ring&hellip;\n","protected":false},"author":2,"featured_media":6127,"comment_status":"","ping_status":"","sticky":false,"template":"","format":"standard","meta":{"footnotes":""},"categories":[10],"tags":[36,20,21,295,24,25,15,22,23,13,30,28,29,14,16,2032,1510,26,27,224],"class_list":{"0":"post-127209","1":"post","2":"type-post","3":"status-publish","4":"format-standard","5":"has-post-thumbnail","7":"category-norge","8":"tag-art","9":"tag-breaking-news","10":"tag-breakingnews","11":"tag-e16","12":"tag-featured-news","13":"tag-featurednews","14":"tag-headlines","15":"tag-latest-news","16":"tag-latestnews","17":"tag-news","18":"tag-no","19":"tag-norge","20":"tag-norway","21":"tag-nyheter","22":"tag-overskrifter","23":"tag-ringerike","24":"tag-story","25":"tag-top-stories","26":"tag-topstories","27":"tag-trafikk"},"share_on_mastodon":{"url":"https:\/\/pubeurope.com\/@no\/115826365728505192","error":""},"_links":{"self":[{"href":"https:\/\/www.europesays.com\/no\/wp-json\/wp\/v2\/posts\/127209","targetHints":{"allow":["GET"]}}],"collection":[{"href":"https:\/\/www.europesays.com\/no\/wp-json\/wp\/v2\/posts"}],"about":[{"href":"https:\/\/www.europesays.com\/no\/wp-json\/wp\/v2\/types\/post"}],"author":[{"embeddable":true,"href":"https:\/\/www.europesays.com\/no\/wp-json\/wp\/v2\/users\/2"}],"replies":[{"embeddable":true,"href":"https:\/\/www.europesays.com\/no\/wp-json\/wp\/v2\/comments?post=127209"}],"version-history":[{"count":0,"href":"https:\/\/www.europesays.com\/no\/wp-json\/wp\/v2\/posts\/127209\/revisions"}],"wp:featuredmedia":[{"embeddable":true,"href":"https:\/\/www.europesays.com\/no\/wp-json\/wp\/v2\/media\/6127"}],"wp:attachment":[{"href":"https:\/\/www.europesays.com\/no\/wp-json\/wp\/v2\/media?parent=127209"}],"wp:term":[{"taxonomy":"category","embeddable":true,"href":"https:\/\/www.europesays.com\/no\/wp-json\/wp\/v2\/categories?post=127209"},{"taxonomy":"post_tag","embeddable":true,"href":"https:\/\/www.europesays.com\/no\/wp-json\/wp\/v2\/tags?post=127209"}],"curies":[{"name":"wp","href":"https:\/\/api.w.org\/{rel}","templated":true}]}}