{"id":127214,"date":"2026-01-02T16:15:07","date_gmt":"2026-01-02T16:15:07","guid":{"rendered":"https:\/\/www.europesays.com\/no\/127214\/"},"modified":"2026-01-02T16:15:07","modified_gmt":"2026-01-02T16:15:07","slug":"erik-valnes-bryter-tour-de-ski","status":"publish","type":"post","link":"https:\/\/www.europesays.com\/no\/127214\/","title":{"rendered":"Erik Valnes bryter Tour de Ski"},"content":{"rendered":"\n<p class=\"_lead_o9xde_2 _lead_xtcu6_50 layout-component text-serif-m layout-normal text-serif-l layout-component layout-wide layout-padded _wide_17hqh_1 layout-padded\">Med to etapper igjen velger 29-\u00e5ringen \u00e5 kaste inn h\u00e5ndkleet.<\/p>\n<p><img alt=\"Valnes under treningen i Val di Fiemme tidligere fredag. Foto: Terje Pedersen \/ NTB\" class=\"_image_qp4xg_65 layout-component layout-wide\" data-fullscreen- data-track-element-type=\"Article image fullscreen\" data-track-name=\"ImageFullscreen\" fetchpriority=\"high\" decoding=\"sync\" loading=\"eager\" height=\"4000\" itemprop=\"image\"  src=\"https:\/\/www.europesays.com\/no\/wp-content\/uploads\/2026\/01\/5a8a5b51-0205-4baa-b1a8-e3fa2d27fcfb.png\"  style=\"object-position:0% 0%\" width=\"6000\"\/>Valnes under treningen i Val di Fiemme tidligere fredag. Foto: Terje Pedersen \/ NTBVal di Fiemme, Italia Oppdatert fredag 2. januar kl. 17:11     <\/p>\n<p class=\"_paragraph_o9xde_4 _paragraph_xtcu6_10 layout-component text-serif-m layout-normal text-serif-m layout-padded\">\u2013 Valnes f\u00f8ler seg sliten og lite restituert etter fire renn s\u00e5 langt i \u00e5rets Tour, opplyser Norges Skiforbund i en pressemelding.<\/p>\n<p class=\"_paragraph_o9xde_4 _paragraph_xtcu6_10 layout-component text-serif-m layout-normal text-serif-m layout-padded\">Valnes l\u00e5 som nummer 37 i sammendraget, hele tre minutter og 40 sekunder bak Johannes H\u00f8sflot Kl\u00e6bo. <\/p>\n<p class=\"_paragraph_o9xde_4 _paragraph_xtcu6_10 layout-component text-serif-m layout-normal text-serif-m layout-padded\">Etter torsdagens 20 kilometer jaktstart sa Valnes til VG at han har \u00abj\u00e6vlig lyst til\u00bb \u00e5 bryte touren etter en blytung etappe.<\/p>\n<p class=\"_paragraph_o9xde_4 _paragraph_xtcu6_10 layout-component text-serif-m layout-normal text-serif-m layout-padded\">\u2013 Min verste dag p\u00e5 ski. Det var et helvete, sa han:<\/p>\n<p class=\"_paragraph_o9xde_4 _paragraph_xtcu6_10 layout-component text-serif-m layout-normal text-serif-m layout-padded\">Valnes ble likevel med videre til Val di Fiemme, hvor han ogs\u00e5 deltok p\u00e5 trening sammen med lagkameratene fredag. <\/p>\n<p class=\"_paragraph_o9xde_4 _paragraph_xtcu6_10 layout-component text-serif-m layout-normal text-serif-m layout-padded\">L\u00f8rdag st\u00e5r sprint p\u00e5 programmet \u2013 en uhyre viktig en. Det er nemlig generalpr\u00f8ven til samme \u00f8velse i OL om en dr\u00f8y m\u00e5ned.<\/p>\n<p class=\"_paragraph_o9xde_4 _paragraph_xtcu6_10 layout-component text-serif-m layout-normal text-serif-m layout-padded\">Tour de Ski avsluttes med en ti kilometer fellesstart, som ender med en klatring opp \u00abmonsterbakken\u00bb i Val di Fiemme s\u00f8ndag.<\/p>\n<p class=\"_paragraph_o9xde_4 _paragraph_xtcu6_10 layout-component text-serif-m layout-normal text-serif-m layout-padded\">Valnes ble nummer \u00e5tte sammenlagt i 2022, nummer seks i 2024 og nummer syv i 2025.<\/p>\n<p class=\"_paragraph_o9xde_4 _paragraph_xtcu6_10 layout-component text-serif-m layout-normal text-serif-m layout-padded\">Tidligere fredag ble det klart at ogs\u00e5 Kristin Austgulen Fosn\u00e6s <a href=\"https:\/\/www.vg.no\/sport\/i\/xrPEvj\/kristin-austgulen-fosnaes-bryter-tour-de-ski\" data-track-element-type=\"Link\" data-track-id=\"link:xrPEvj\" class=\"_link_o9xde_39\" rel=\"nofollow noopener\" target=\"_blank\">st\u00e5r av touren<\/a>. <\/p>\n","protected":false},"excerpt":{"rendered":"Med to etapper igjen velger 29-\u00e5ringen \u00e5 kaste inn h\u00e5ndkleet. Valnes under treningen i Val di Fiemme tidligere&hellip;\n","protected":false},"author":2,"featured_media":127215,"comment_status":"","ping_status":"","sticky":false,"template":"","format":"standard","meta":{"footnotes":""},"categories":[59],"tags":[14685,30,28,642,29,83,82,12662],"class_list":{"0":"post-127214","1":"post","2":"type-post","3":"status-publish","4":"format-standard","5":"has-post-thumbnail","7":"category-sport","8":"tag-erik-valnes","9":"tag-no","10":"tag-norge","11":"tag-norges-skiforbund","12":"tag-norway","13":"tag-sport","14":"tag-sports","15":"tag-tour-de-ski"},"share_on_mastodon":{"url":"https:\/\/pubeurope.com\/@no\/115826401161287592","error":""},"_links":{"self":[{"href":"https:\/\/www.europesays.com\/no\/wp-json\/wp\/v2\/posts\/127214","targetHints":{"allow":["GET"]}}],"collection":[{"href":"https:\/\/www.europesays.com\/no\/wp-json\/wp\/v2\/posts"}],"about":[{"href":"https:\/\/www.europesays.com\/no\/wp-json\/wp\/v2\/types\/post"}],"author":[{"embeddable":true,"href":"https:\/\/www.europesays.com\/no\/wp-json\/wp\/v2\/users\/2"}],"replies":[{"embeddable":true,"href":"https:\/\/www.europesays.com\/no\/wp-json\/wp\/v2\/comments?post=127214"}],"version-history":[{"count":0,"href":"https:\/\/www.europesays.com\/no\/wp-json\/wp\/v2\/posts\/127214\/revisions"}],"wp:featuredmedia":[{"embeddable":true,"href":"https:\/\/www.europesays.com\/no\/wp-json\/wp\/v2\/media\/127215"}],"wp:attachment":[{"href":"https:\/\/www.europesays.com\/no\/wp-json\/wp\/v2\/media?parent=127214"}],"wp:term":[{"taxonomy":"category","embeddable":true,"href":"https:\/\/www.europesays.com\/no\/wp-json\/wp\/v2\/categories?post=127214"},{"taxonomy":"post_tag","embeddable":true,"href":"https:\/\/www.europesays.com\/no\/wp-json\/wp\/v2\/tags?post=127214"}],"curies":[{"name":"wp","href":"https:\/\/api.w.org\/{rel}","templated":true}]}}