{"id":127222,"date":"2026-01-02T16:27:22","date_gmt":"2026-01-02T16:27:22","guid":{"rendered":"https:\/\/www.europesays.com\/no\/127222\/"},"modified":"2026-01-02T16:27:22","modified_gmt":"2026-01-02T16:27:22","slug":"2025-ble-aret-da-internasjonal-solidaritet-kollapset","status":"publish","type":"post","link":"https:\/\/www.europesays.com\/no\/127222\/","title":{"rendered":"\u2013 2025 ble \u00e5ret da internasjonal solidaritet kollapset"},"content":{"rendered":"<p>    Nato-land ruster opp, og bistandsmidler skj\u00e6res ned. En feilaktig sikkerhetspolitikk, sier Jan Egeland. I nyhetsintervjuet ser han tilbake p\u00e5 \u00e5ret som har g\u00e5tt.<\/p>\n<p>\n        \u2013 Vi m\u00e5 gjenskape en optimisme, sier generalsekret\u00e6r i Flyktninghjelpen, Jan Egeland.<br \/>\n        Foto: Petter Berntsen\/AFP\n    <\/p>\n<p class=\"kicker tertiary color_mobile_tertiary\" style=\"\">Nyhetsintervjuet<\/p>\n<p class=\"italic m-italic\" data-lab-italic=\"italic\">F\u00e5 nyhetsbrev fra Dagsavisen. Meld deg p\u00e5\u00a0<a href=\"https:\/\/www.dagsavisen.no\/om-dagsavisen\/2023\/12\/20\/fa-daglig-nyhetsbrev\/\" rel=\"nofollow noopener\" target=\"_blank\">her<\/a>!<\/p>\n<p class=\"font-weight-bold m-font-weight-bold\" data-lab-font_weight=\"font-weight-bold\">2025 g\u00e5r mot slutten. Med hvilke ord vil du beskrive \u00e5ret<br \/>\nsom har g\u00e5tt, sett fra ditt st\u00e5sted som generalsekret\u00e6r i Flyktninghjelpen?<\/p>\n<p class=\"font-weight-normal m-font-weight-normal\" data-lab-font_weight=\"font-weight-normal\">\u2013 Dette \u00e5ret vil vi snakke om ogs\u00e5 20 \u00e5r fra n\u00e5. 2025 ble et annus horribilis p\u00e5 tre m\u00e5ter. For det f\u00f8rste eksploderte behovene i Sudan, i Gaza og i Ukraina, men ogs\u00e5 i omr\u00e5der med glemte konflikter, fra Sahel til Myanmar og Venezuela. For det andre ble det \u00e5ret da internasjonal solidaritet kollapset, f\u00f8rst og fremst fordi Trump-administrasjonen fr\u00f8s all bistand og la ned USAID, en av v\u00e5re st\u00f8rste giverorganisasjoner. Men ogs\u00e5 fordi andre land i Europa ogs\u00e5 har kuttet i hjelpen, til tross for at behovene \u00f8kte. Det tredje problemet er at internasjonalt samarbeid i FN og andre arenaer har forsvunnet inn i dypfryseren, og vi har kald krig mellom Vesten og Russland og mellom USA og Kina. Det gj\u00f8r at vi som gir humanit\u00e6rhjelp ofte f\u00f8ler oss veldig alene i felten.\u00a0<\/p>\n","protected":false},"excerpt":{"rendered":"Nato-land ruster opp, og bistandsmidler skj\u00e6res ned. En feilaktig sikkerhetspolitikk, sier Jan Egeland. I nyhetsintervjuet ser han tilbake&hellip;\n","protected":false},"author":2,"featured_media":127223,"comment_status":"","ping_status":"","sticky":false,"template":"","format":"standard","meta":{"footnotes":""},"categories":[12],"tags":[20,21,24,25,15,22,23,13,30,28,29,14,16,26,27,42,43,44,45],"class_list":{"0":"post-127222","1":"post","2":"type-post","3":"status-publish","4":"format-standard","5":"has-post-thumbnail","7":"category-verden","8":"tag-breaking-news","9":"tag-breakingnews","10":"tag-featured-news","11":"tag-featurednews","12":"tag-headlines","13":"tag-latest-news","14":"tag-latestnews","15":"tag-news","16":"tag-no","17":"tag-norge","18":"tag-norway","19":"tag-nyheter","20":"tag-overskrifter","21":"tag-top-stories","22":"tag-topstories","23":"tag-verden","24":"tag-world","25":"tag-world-news","26":"tag-worldnews"},"share_on_mastodon":{"url":"https:\/\/pubeurope.com\/@no\/115826448376490421","error":""},"_links":{"self":[{"href":"https:\/\/www.europesays.com\/no\/wp-json\/wp\/v2\/posts\/127222","targetHints":{"allow":["GET"]}}],"collection":[{"href":"https:\/\/www.europesays.com\/no\/wp-json\/wp\/v2\/posts"}],"about":[{"href":"https:\/\/www.europesays.com\/no\/wp-json\/wp\/v2\/types\/post"}],"author":[{"embeddable":true,"href":"https:\/\/www.europesays.com\/no\/wp-json\/wp\/v2\/users\/2"}],"replies":[{"embeddable":true,"href":"https:\/\/www.europesays.com\/no\/wp-json\/wp\/v2\/comments?post=127222"}],"version-history":[{"count":0,"href":"https:\/\/www.europesays.com\/no\/wp-json\/wp\/v2\/posts\/127222\/revisions"}],"wp:featuredmedia":[{"embeddable":true,"href":"https:\/\/www.europesays.com\/no\/wp-json\/wp\/v2\/media\/127223"}],"wp:attachment":[{"href":"https:\/\/www.europesays.com\/no\/wp-json\/wp\/v2\/media?parent=127222"}],"wp:term":[{"taxonomy":"category","embeddable":true,"href":"https:\/\/www.europesays.com\/no\/wp-json\/wp\/v2\/categories?post=127222"},{"taxonomy":"post_tag","embeddable":true,"href":"https:\/\/www.europesays.com\/no\/wp-json\/wp\/v2\/tags?post=127222"}],"curies":[{"name":"wp","href":"https:\/\/api.w.org\/{rel}","templated":true}]}}