{"id":127224,"date":"2026-01-02T16:28:07","date_gmt":"2026-01-02T16:28:07","guid":{"rendered":"https:\/\/www.europesays.com\/no\/127224\/"},"modified":"2026-01-02T16:28:07","modified_gmt":"2026-01-02T16:28:07","slug":"her-er-arets-nyttarsbarn-i-rana-alt-star-bra-til-rana-blad","status":"publish","type":"post","link":"https:\/\/www.europesays.com\/no\/127224\/","title":{"rendered":"Her er \u00e5rets nytt\u00e5rsbarn i Rana: \u2013 Alt st\u00e5r bra til &#8211; Rana Blad"},"content":{"rendered":"<ol>\n<li><a href=\"https:\/\/news.google.com\/rss\/articles\/CBMikAFBVV95cUxPUmJ2aHNnQ0s2NktwalFPaWstZklHNUtGTDdvVzV0enQwaVZzN1htY29lbnpiWk1sUDM0dzA3MkQ0RmVYR2cwclpzTk9NbHFEM0h6VHFJRno4LWdmeTVmSl84Snh2M2g5RFpNSHR1TTkxVWU5SlNzVEtJX0NrSS1feE5GOVBhdlpoYWtZTVFzaXM?oc=5\" target=\"_blank\" rel=\"nofollow noopener\">Her er \u00e5rets nytt\u00e5rsbarn i Rana: \u2013 Alt st\u00e5r bra til<\/a>&nbsp;&nbsp;Rana Blad<\/li>\n<li><a href=\"https:\/\/news.google.com\/rss\/articles\/CBMingFBVV95cUxNQjRSM2pkN0NLVFFxX2R2LURyZDRwRW11eHdGeDFNQVItVnpNMkU0LTYyMXYwbFRkTE5rdGhFdmVSc1ZwYkEwVmNacHhrbkFHVXdtYmRJRXlJZUhJRncwZDFweWlNekNKWU8xb3dMcXB6S0tOUmE4UVd0VjZqY3hYT0dha1Znb2NwOEpnd0NzTHc3aFN2MzhJQ2h3MGZHUQ?oc=5\" target=\"_blank\" rel=\"nofollow noopener\">Forn\u00f8yd far etter nytt\u00e5rsbarn ble f\u00f8dt p\u00e5 S\u00f8rlandet sykehus: \u2013 Jeg er s\u00e5 glad<\/a>&nbsp;&nbsp;NRK<\/li>\n<li><a href=\"https:\/\/news.google.com\/rss\/articles\/CBMingFBVV95cUxOYWItRmowd2lkNlRYN0M1TDg0TGlUckdwTndCaklDNXp6Q25LcDJDZG44bWJGR2gyQXZxamtqX1dJTENBekZMLW41N01aTk1nUlh1MWxiaTdDVE5HOC1pREFGZTYxU2xrR3k3TUJkaElRMlY2VExlUW5CaTd5MHlsOEpPRVQ3UnVyb1NFX2xGdEh2czRqV1ZLVmlsRXpSUQ?oc=5\" target=\"_blank\" rel=\"nofollow noopener\">Nyheter, MittL\u00f8renskog | Sana (29) l\u00e5 p\u00e5 f\u00f8destua da det smalt utenfor: \u2013 Vi er veldig heldige<\/a>&nbsp;&nbsp;Romerikes Blad<\/li>\n<li><a href=\"https:\/\/news.google.com\/rss\/articles\/CBMibEFVX3lxTE9MWXA4WmpHRnhrZlBhSF9KZVNVZVFmcF9kWEQ4dTNYZjN3Zi11RkpWdEFqSTVFTEp2NGM0c0NpeExBVndYdUZvekQ5YUtUdzk0dWI4YjFLR3RiMVVOdm5vUjUxUW1ja0dNQmZjcg?oc=5\" target=\"_blank\" rel=\"nofollow noopener\">F\u00f8rde, Flor\u00f8 | Her er \u00e5rets nytt\u00e5rsbarn<\/a>&nbsp;&nbsp;Firda<\/li>\n<li><a href=\"https:\/\/news.google.com\/rss\/articles\/CBMid0FVX3lxTFBaZnJJQ25WOUFwNENWTWZjVXhQa1dIbDJaR1FDaWEwZnBnWjZfbVdqQ3lZV1NQd1h5UlJnS3p2SlByU1ZiZ3JZS3dkQ1FLTG84MXh4WGQtemVHVFdnREplTlpSZTNjWG9rQUVhNXExXzkxdUpfTHNF?oc=5\" target=\"_blank\" rel=\"nofollow noopener\">Her er \u00e5rets nytt\u00e5rsbarn: \u2013 Det var spennende<\/a>&nbsp;&nbsp;Bergensavisen<\/li>\n<\/ol>\n","protected":false},"excerpt":{"rendered":"Her er \u00e5rets nytt\u00e5rsbarn i Rana: \u2013 Alt st\u00e5r bra til&nbsp;&nbsp;Rana Blad Forn\u00f8yd far etter nytt\u00e5rsbarn ble f\u00f8dt&hellip;\n","protected":false},"author":2,"featured_media":127225,"comment_status":"","ping_status":"","sticky":false,"template":"","format":"standard","meta":{"footnotes":""},"categories":[10],"tags":[20,21,24,25,15,22,23,13,30,28,29,14,16,26,27],"class_list":{"0":"post-127224","1":"post","2":"type-post","3":"status-publish","4":"format-standard","5":"has-post-thumbnail","7":"category-norge","8":"tag-breaking-news","9":"tag-breakingnews","10":"tag-featured-news","11":"tag-featurednews","12":"tag-headlines","13":"tag-latest-news","14":"tag-latestnews","15":"tag-news","16":"tag-no","17":"tag-norge","18":"tag-norway","19":"tag-nyheter","20":"tag-overskrifter","21":"tag-top-stories","22":"tag-topstories"},"share_on_mastodon":{"url":"https:\/\/pubeurope.com\/@no\/115826452232269283","error":""},"_links":{"self":[{"href":"https:\/\/www.europesays.com\/no\/wp-json\/wp\/v2\/posts\/127224","targetHints":{"allow":["GET"]}}],"collection":[{"href":"https:\/\/www.europesays.com\/no\/wp-json\/wp\/v2\/posts"}],"about":[{"href":"https:\/\/www.europesays.com\/no\/wp-json\/wp\/v2\/types\/post"}],"author":[{"embeddable":true,"href":"https:\/\/www.europesays.com\/no\/wp-json\/wp\/v2\/users\/2"}],"replies":[{"embeddable":true,"href":"https:\/\/www.europesays.com\/no\/wp-json\/wp\/v2\/comments?post=127224"}],"version-history":[{"count":0,"href":"https:\/\/www.europesays.com\/no\/wp-json\/wp\/v2\/posts\/127224\/revisions"}],"wp:featuredmedia":[{"embeddable":true,"href":"https:\/\/www.europesays.com\/no\/wp-json\/wp\/v2\/media\/127225"}],"wp:attachment":[{"href":"https:\/\/www.europesays.com\/no\/wp-json\/wp\/v2\/media?parent=127224"}],"wp:term":[{"taxonomy":"category","embeddable":true,"href":"https:\/\/www.europesays.com\/no\/wp-json\/wp\/v2\/categories?post=127224"},{"taxonomy":"post_tag","embeddable":true,"href":"https:\/\/www.europesays.com\/no\/wp-json\/wp\/v2\/tags?post=127224"}],"curies":[{"name":"wp","href":"https:\/\/api.w.org\/{rel}","templated":true}]}}