{"id":127238,"date":"2026-01-02T16:54:07","date_gmt":"2026-01-02T16:54:07","guid":{"rendered":"https:\/\/www.europesays.com\/no\/127238\/"},"modified":"2026-01-02T16:54:07","modified_gmt":"2026-01-02T16:54:07","slug":"kjendis-mads-hansen-erstatter-mads-hansen-du-kan-hvile-na","status":"publish","type":"post","link":"https:\/\/www.europesays.com\/no\/127238\/","title":{"rendered":"Kjendis, Mads Hansen | Erstatter Mads Hansen: \u2013 Du kan hvile n\u00e5"},"content":{"rendered":"\n<p><a href=\"https:\/\/www.nettavisen.no\/kjendis\/mads-hansen-erstattes-arvtakeren-er-klar\/s\/5-95-2804406\" rel=\"Follow nofollow noopener\" target=\"_blank\">(Nettavisen):<\/a> Mads Hansen (41) og Rasmus Wold (34) har ledet podkasten \u00abTopp 3\u00bb gjennom hele 300 episoder, men n\u00e5 takker f\u00f8rstnevnte for seg.<\/p>\n<p>Det er i dagens episode av podkasten at nyheten slippes, og arvtakeren er allerede klar.<\/p>\n<p>\u2013 Jeg skal slutte som programleder fordi vi i Sp\u00e5rtsklubben skal ha en ekstra episode i uka. Det blir for voldsomt, s\u00e5 da hopper jeg av her og en ny programleder overtar mine sko. Jeg kan si at den som tar over er dritbra. Det blir en nydelig duo, sier Hansen i episoden, gjengitt av VGTV.<\/p>\n<p>Det er komiker og programleder Henrik Fladseth (37) som n\u00e5 tar over Hansens rolle i podkasten.<\/p>\n<p>   <img decoding=\"async\" width=\"7008\" height=\"4672\" fetchpriority=\"low\"  loading=\"lazy\"  src=\"https:\/\/www.europesays.com\/no\/wp-content\/uploads\/2026\/01\/Produksjonen+mtte+bryte+inn%3A++Skulle+boikotte+hele+programmet.bin.jpeg\" alt=\"\" class=\"brick-c-cFOWSL\" style=\"--brick-image-ratio: 7008 \/ 4672;\"\/><\/p>\n<p>      NY JOBB: Henrik Fladseth erstatter Mads Hansen som programleder.<br \/>\n      Foto: Nettavisen\n    <\/p>\n<p>Det skriver VGTV i en pressemelding.<\/p>\n<p>Overgangen markeres i ukens episode, der Hansen for f\u00f8rste gang setter seg i gjestestolen, mens Fladseth tar hans plass.<\/p>\n<p>\u2013 Du kan hvile n\u00e5, Mads. N\u00e5 har du jaga hele livet. Podkast for meg er et fristed. Der koser jeg meg. Da kan jeg la kjeften g\u00e5, om ikke l\u00f8psk, til enhver tid. Jeg er glad i \u00e5 prate, sier Fladseth i episoden, gjengitt av VGTV.<\/p>\n","protected":false},"excerpt":{"rendered":"(Nettavisen): Mads Hansen (41) og Rasmus Wold (34) har ledet podkasten \u00abTopp 3\u00bb gjennom hele 300 episoder, men&hellip;\n","protected":false},"author":2,"featured_media":127208,"comment_status":"","ping_status":"","sticky":false,"template":"","format":"standard","meta":{"footnotes":""},"categories":[58],"tags":[36,71,479,5164,30,28,29,1510,14910,72],"class_list":{"0":"post-127238","1":"post","2":"type-post","3":"status-publish","4":"format-standard","5":"has-post-thumbnail","7":"category-underholdning","8":"tag-art","9":"tag-entertainment","10":"tag-kjendis","11":"tag-mads-hansen","12":"tag-no","13":"tag-norge","14":"tag-norway","15":"tag-story","16":"tag-topp-3","17":"tag-underholdning"},"share_on_mastodon":{"url":"https:\/\/pubeurope.com\/@no\/115826554500116798","error":""},"_links":{"self":[{"href":"https:\/\/www.europesays.com\/no\/wp-json\/wp\/v2\/posts\/127238","targetHints":{"allow":["GET"]}}],"collection":[{"href":"https:\/\/www.europesays.com\/no\/wp-json\/wp\/v2\/posts"}],"about":[{"href":"https:\/\/www.europesays.com\/no\/wp-json\/wp\/v2\/types\/post"}],"author":[{"embeddable":true,"href":"https:\/\/www.europesays.com\/no\/wp-json\/wp\/v2\/users\/2"}],"replies":[{"embeddable":true,"href":"https:\/\/www.europesays.com\/no\/wp-json\/wp\/v2\/comments?post=127238"}],"version-history":[{"count":0,"href":"https:\/\/www.europesays.com\/no\/wp-json\/wp\/v2\/posts\/127238\/revisions"}],"wp:featuredmedia":[{"embeddable":true,"href":"https:\/\/www.europesays.com\/no\/wp-json\/wp\/v2\/media\/127208"}],"wp:attachment":[{"href":"https:\/\/www.europesays.com\/no\/wp-json\/wp\/v2\/media?parent=127238"}],"wp:term":[{"taxonomy":"category","embeddable":true,"href":"https:\/\/www.europesays.com\/no\/wp-json\/wp\/v2\/categories?post=127238"},{"taxonomy":"post_tag","embeddable":true,"href":"https:\/\/www.europesays.com\/no\/wp-json\/wp\/v2\/tags?post=127238"}],"curies":[{"name":"wp","href":"https:\/\/api.w.org\/{rel}","templated":true}]}}