{"id":127245,"date":"2026-01-02T17:05:07","date_gmt":"2026-01-02T17:05:07","guid":{"rendered":"https:\/\/www.europesays.com\/no\/127245\/"},"modified":"2026-01-02T17:05:07","modified_gmt":"2026-01-02T17:05:07","slug":"e18-larvik-kjorte-nesten-60-km-t-over-fartsgrensen","status":"publish","type":"post","link":"https:\/\/www.europesays.com\/no\/127245\/","title":{"rendered":"E18, Larvik | Kj\u00f8rte nesten 60 km\/t over fartsgrensen"},"content":{"rendered":"\n<p>I en melding fredag ettermiddag forteller politiet at en UP-patrulje m\u00e5lte hastigheten p\u00e5 en bil i Larvikstunnelen. Farten skal ha v\u00e6rt hele 157 km\/t, p\u00e5 en strekning der fartsgrensen er 100 km\/t.<\/p>\n<p>Personen bak rattet i den aktuelle bilen, en mann i 30-\u00e5rene, fikk f\u00f8rerkortet umiddelbart beslaglagt. Han ble ogs\u00e5 anmeldt for forholdet, som fant sted klokken 15:39 fredag.<\/p>\n<p>B\u00f8tene for fartsoverskridelse \u00f8kte ved \u00e5rsskiftet, men n\u00e5r bruddet er s\u00e5 grovt som i dette tilfellet, vil det ikke deles ut forenklet forelegg p\u00e5 stedet. F\u00f8lgende av anmeldelsen vil danne grunnlaget for straffen.<\/p>\n<p>Med utgangspunkt i en oversikt fra <a href=\"https:\/\/lovdata.no\/artikkel\/hva_blir_boten_hvis_du_kjorer_for_fort\/4290\" rel=\"Follow nofollow noopener\" target=\"_blank\">Lovdata<\/a>, kan f\u00f8reren vente seg samfunnsstraff, da han kj\u00f8rte i over 155 km\/t. Fengselsstraff blir vanligvis aktuelt dersom farten passerer 165.<\/p>\n<p>  <a href=\"https:\/\/www.op.no\/5-36-1866598\" class=\"related-teaser default-story-teaser article--c-eRUmMG article--c-eRUmMG-jKCPdD-design-default article--c-eRUmMG-kpKLOW-cv\" rel=\"nofollow noopener\" target=\"_blank\"><\/p>\n<p>\n            Les ogs\u00e5<\/p>\n<p>              Raste forbi, da kunne UP ikke bare gi bot\n        <\/p>\n<p>  <\/a><\/p>\n","protected":false},"excerpt":{"rendered":"I en melding fredag ettermiddag forteller politiet at en UP-patrulje m\u00e5lte hastigheten p\u00e5 en bil i Larvikstunnelen. Farten&hellip;\n","protected":false},"author":2,"featured_media":127246,"comment_status":"","ping_status":"","sticky":false,"template":"","format":"standard","meta":{"footnotes":""},"categories":[10],"tags":[36,20,21,940,4052,24,25,15,113,22,23,13,30,28,29,14,16,254,1510,26,27],"class_list":{"0":"post-127245","1":"post","2":"type-post","3":"status-publish","4":"format-standard","5":"has-post-thumbnail","7":"category-norge","8":"tag-art","9":"tag-breaking-news","10":"tag-breakingnews","11":"tag-e18","12":"tag-fart","13":"tag-featured-news","14":"tag-featurednews","15":"tag-headlines","16":"tag-larvik","17":"tag-latest-news","18":"tag-latestnews","19":"tag-news","20":"tag-no","21":"tag-norge","22":"tag-norway","23":"tag-nyheter","24":"tag-overskrifter","25":"tag-politi","26":"tag-story","27":"tag-top-stories","28":"tag-topstories"},"share_on_mastodon":{"url":"https:\/\/pubeurope.com\/@no\/115826597811154170","error":""},"_links":{"self":[{"href":"https:\/\/www.europesays.com\/no\/wp-json\/wp\/v2\/posts\/127245","targetHints":{"allow":["GET"]}}],"collection":[{"href":"https:\/\/www.europesays.com\/no\/wp-json\/wp\/v2\/posts"}],"about":[{"href":"https:\/\/www.europesays.com\/no\/wp-json\/wp\/v2\/types\/post"}],"author":[{"embeddable":true,"href":"https:\/\/www.europesays.com\/no\/wp-json\/wp\/v2\/users\/2"}],"replies":[{"embeddable":true,"href":"https:\/\/www.europesays.com\/no\/wp-json\/wp\/v2\/comments?post=127245"}],"version-history":[{"count":0,"href":"https:\/\/www.europesays.com\/no\/wp-json\/wp\/v2\/posts\/127245\/revisions"}],"wp:featuredmedia":[{"embeddable":true,"href":"https:\/\/www.europesays.com\/no\/wp-json\/wp\/v2\/media\/127246"}],"wp:attachment":[{"href":"https:\/\/www.europesays.com\/no\/wp-json\/wp\/v2\/media?parent=127245"}],"wp:term":[{"taxonomy":"category","embeddable":true,"href":"https:\/\/www.europesays.com\/no\/wp-json\/wp\/v2\/categories?post=127245"},{"taxonomy":"post_tag","embeddable":true,"href":"https:\/\/www.europesays.com\/no\/wp-json\/wp\/v2\/tags?post=127245"}],"curies":[{"name":"wp","href":"https:\/\/api.w.org\/{rel}","templated":true}]}}