{"id":127252,"date":"2026-01-02T17:12:08","date_gmt":"2026-01-02T17:12:08","guid":{"rendered":"https:\/\/www.europesays.com\/no\/127252\/"},"modified":"2026-01-02T17:12:08","modified_gmt":"2026-01-02T17:12:08","slug":"innstiller-alle-passasjertog-dagbladet","status":"publish","type":"post","link":"https:\/\/www.europesays.com\/no\/127252\/","title":{"rendered":"Innstiller alle passasjertog &#8211; Dagbladet"},"content":{"rendered":"<ol>\n<li><a href=\"https:\/\/news.google.com\/rss\/articles\/CBMiekFVX3lxTFB1YTE4QVJubU5sekUzOVlKMzVmdjZBUTVZQXB0U0tJaG92RXVtb1JFOFhLdUtrd29NTDFtQk5TUy03TFdGeDMxXzlYLXBvc1lua01SdkhfTTVKUTlpdjdwaW9NRjYycVpSbmYxVERmS3hxRTVzNlJ1YmdB?oc=5\" target=\"_blank\" rel=\"nofollow noopener\">Innstiller alle passasjertog<\/a>&nbsp;&nbsp;Dagbladet<\/li>\n<li><a href=\"https:\/\/news.google.com\/rss\/articles\/CBMiiwFBVV95cUxPT2ZvUm1uWWRfNWdVVXlLU29tSlpqcFkwR0Vab3ZfZHI0ZDI0X2s2ejFnSlpQbGF3ZDAzUG14Q3piUlBYMGRjeW15Y1BGUllOVXZuekU4bi1hYndWQk5UZklVM1lHQ0F5cUdoZkZSSjE5eUhLZEljM2k0N3lCakNxQjVva01IclVLNHJF?oc=5\" target=\"_blank\" rel=\"nofollow noopener\">Tog, SJ | Alle tog innstilt \u2013 ingen alternativ transport<\/a>&nbsp;&nbsp;Fremover<\/li>\n<li><a href=\"https:\/\/news.google.com\/rss\/articles\/CBMitgFBVV95cUxOSTZudlVoXzhkaDR4Z3VFMmV1dmxCUXg0bjU0RFlkY3FXeXNPTGxhSXJTbTZzSlFwMm5KX29iT0ktSVZtLURUTnBjeThRcDh3MzQ0T19CZEJmYXp6a2Z6cDVQRndsVFo2Z0htMUVjbkcycDdPQnlfeWtJVTNzUkFDd0ZSbEN2ODFCS2pnZkwwQ0hQTUx4cGpqNURVZUgxVW5WaUVIcjluNGVUY3RWS3pTN2xiZFpqUQ?oc=5\" target=\"_blank\" rel=\"nofollow noopener\">Ofotbanen \u00e5pner ikke f\u00f8r tidligst s\u00f8ndag kveld<\/a>&nbsp;&nbsp;TV2.no<\/li>\n<li><a href=\"https:\/\/news.google.com\/rss\/articles\/CBMiogFBVV95cUxOazhIcjJpYnhxeFQtSlR6OGdSRXVieXRuS0Z2cEhaT0JuTjRMcG1Pb25IcEZMd2lscXRycmhBRS1iTjNhLThjNTF4MlZFSkczcWdjOFg0WC0wZnRIdFpVNDltb2dORDY5MzJnTFVoSU1Rc1kxZUNZd1huSEVINTdtU0ZPalRaT3R6clBoMGZ5SEV1OHpCOEgyZWxQaF9pSFgyZnc?oc=5\" target=\"_blank\" rel=\"nofollow noopener\">Alle tog mellom Narvik og G\u00e4llivare innstilt p\u00e5 grunn av kulde \u2013 Siste nytt<\/a>&nbsp;&nbsp;NRK<\/li>\n<li><a href=\"https:\/\/news.google.com\/rss\/articles\/CBMiwwFBVV95cUxNQjBkQmt4VzQ1TExWTjVHcVpMcERiZFVsT2stUjJmV3h0M0cwQlBlbWxwdWViSk9IOEFyUEJDSHhJQmpoSkxEUjl1VlFfbWpOTk92V2V0eHlIQldqbWhPVDU4UmxubUpPQUFmZGttN2dWZ1ZvM25LeDFTMDRwdEk2SW1ILUFGZnVzYVVGNFhaQ2xEVG95WlZPc04ybE5HZVhMYlN5MW5Ha3U4R3BmSEVHcldtbHZvUWtLdl9NaXo4UUFFMlU?oc=5\" target=\"_blank\" rel=\"nofollow noopener\">Alle passasjertog mellom Narvik og G\u00e4llivare er innstilt p\u00e5 grunn av kulde<\/a>&nbsp;&nbsp;adressa.no<\/li>\n<\/ol>\n","protected":false},"excerpt":{"rendered":"Innstiller alle passasjertog&nbsp;&nbsp;Dagbladet Tog, SJ | Alle tog innstilt \u2013 ingen alternativ transport&nbsp;&nbsp;Fremover Ofotbanen \u00e5pner ikke f\u00f8r tidligst&hellip;\n","protected":false},"author":2,"featured_media":127253,"comment_status":"","ping_status":"","sticky":false,"template":"","format":"standard","meta":{"footnotes":""},"categories":[10],"tags":[20,21,24,25,15,2539,22,23,13,30,28,29,14,16,26,27],"class_list":{"0":"post-127252","1":"post","2":"type-post","3":"status-publish","4":"format-standard","5":"has-post-thumbnail","7":"category-norge","8":"tag-breaking-news","9":"tag-breakingnews","10":"tag-featured-news","11":"tag-featurednews","12":"tag-headlines","13":"tag-innenriks","14":"tag-latest-news","15":"tag-latestnews","16":"tag-news","17":"tag-no","18":"tag-norge","19":"tag-norway","20":"tag-nyheter","21":"tag-overskrifter","22":"tag-top-stories","23":"tag-topstories"},"share_on_mastodon":{"url":"https:\/\/pubeurope.com\/@no\/115826625240447929","error":""},"_links":{"self":[{"href":"https:\/\/www.europesays.com\/no\/wp-json\/wp\/v2\/posts\/127252","targetHints":{"allow":["GET"]}}],"collection":[{"href":"https:\/\/www.europesays.com\/no\/wp-json\/wp\/v2\/posts"}],"about":[{"href":"https:\/\/www.europesays.com\/no\/wp-json\/wp\/v2\/types\/post"}],"author":[{"embeddable":true,"href":"https:\/\/www.europesays.com\/no\/wp-json\/wp\/v2\/users\/2"}],"replies":[{"embeddable":true,"href":"https:\/\/www.europesays.com\/no\/wp-json\/wp\/v2\/comments?post=127252"}],"version-history":[{"count":0,"href":"https:\/\/www.europesays.com\/no\/wp-json\/wp\/v2\/posts\/127252\/revisions"}],"wp:featuredmedia":[{"embeddable":true,"href":"https:\/\/www.europesays.com\/no\/wp-json\/wp\/v2\/media\/127253"}],"wp:attachment":[{"href":"https:\/\/www.europesays.com\/no\/wp-json\/wp\/v2\/media?parent=127252"}],"wp:term":[{"taxonomy":"category","embeddable":true,"href":"https:\/\/www.europesays.com\/no\/wp-json\/wp\/v2\/categories?post=127252"},{"taxonomy":"post_tag","embeddable":true,"href":"https:\/\/www.europesays.com\/no\/wp-json\/wp\/v2\/tags?post=127252"}],"curies":[{"name":"wp","href":"https:\/\/api.w.org\/{rel}","templated":true}]}}