{"id":127309,"date":"2026-01-02T18:14:24","date_gmt":"2026-01-02T18:14:24","guid":{"rendered":"https:\/\/www.europesays.com\/no\/127309\/"},"modified":"2026-01-02T18:14:24","modified_gmt":"2026-01-02T18:14:24","slug":"de-mest-minneverdige-antrekkene-fra-rampenissen-premieren","status":"publish","type":"post","link":"https:\/\/www.europesays.com\/no\/127309\/","title":{"rendered":"De mest minneverdige antrekkene fra \u00abRampenissen\u00bb-premieren"},"content":{"rendered":"<p class=\"kicker \" style=\"\">Jan Thomas<\/p>\n<p>  Det var ingen rampenisse p\u00e5 premieren av \u00abRampenissen\u00bb, men derimot mange flotte og frekke deltakere.<\/p>\n<p>\n    TERNINGKAST SEKS: Aurora Gude (33), Iben Akerlie (37), Vita og Wanda Mashadi (33) str\u00e5lte p\u00e5 r\u00f8dl\u00f8per. Foto: Andreas Fadum (Montasje)\n  <\/p>\n<p id=\"text\" class=\"svelte-1bgec1z\">I samarbeid med<\/p>\n<p>     <img decoding=\"async\" src=\"https:\/\/www.europesays.com\/no\/wp-content\/uploads\/2025\/12\/fishermansFriend.png\" alt=\"kommersiell logo\" class=\"svelte-1bgec1z\"\/>          <\/p>\n<p>        <img loading=\"lazy\" decoding=\"async\" src=\"https:\/\/www.europesays.com\/no\/wp-content\/uploads\/2026\/01\/84034729.webp.webp\" width=\"579\" height=\"1031\" title=\"Flyvertinne?\" alt=\"\" class=\"\" style=\"--aspect-ratio-image: 0.56; \"\/><\/p>\n<p class=\"font-weight-bold m-font-weight-bold\" data-lab-font_weight=\"font-weight-bold\">Lene Alexandra \u00d8ien (44)<\/p>\n<p>Personlig trener<\/p>\n<p>Antrekk: Veske fra YSL<\/p>\n<p>Slik er vi ikke vant til \u00e5 se deg. Litt bussj\u00e5f\u00f8r m\u00f8ter kondukt\u00f8r blandet med flyvertinne gj\u00f8r at helheten blir i overkant uniformert, og skoene hjelper deg ikke opp p\u00e5 niv\u00e5et der du pleier \u00e5 briljere. Antrekket f\u00f8les litt voksent for en kvinne som kler lekenhet s\u00e5 godt. Jeg vil ha deg der du str\u00e5ler mest \u2013 et sted mellom Victoria Beckhams skarphet og Sienna Millers coolness, med en dose Blake Lively-glam.\u00a0<\/p>\n<p>      Vis mer<br \/>\n      Vis mindre<\/p>\n<p>        <img loading=\"lazy\" decoding=\"async\" src=\"https:\/\/www.europesays.com\/no\/wp-content\/uploads\/2026\/01\/84034735.webp.webp\" width=\"579\" height=\"921\" title=\"Ren magi\" alt=\"\" class=\"\" style=\"--aspect-ratio-image: 0.63; \"\/><\/p>\n<p class=\"font-weight-bold m-font-weight-bold\" data-lab-font_weight=\"font-weight-bold\">Iben Akerlie (37)<\/p>\n<p>Kjent fra \u00abMammon\u00bb<\/p>\n<p>Antrekk: Ukjent<\/p>\n<p>Iben er en fantastisk vakker ung kvinne med en stil som skiller henne ut. Det dystre og dramatiske uttrykket kunne blitt for mye p\u00e5 andre, men p\u00e5 henne blir det b\u00e5de kledelig, spennende og elegant androgynt. Nettopp fordi hun ikke pr\u00f8ver for hardt, blir resultatet oppsiktsvekkende flott &#8211; en stilren motvekt til all glitteren rundt. P\u00e5 mange ville dette v\u00e6rt anonymt. P\u00e5 Iben blir det ren magi.<\/p>\n<p>      Vis mer<br \/>\n      Vis mindre<\/p>\n<p>        <img loading=\"lazy\" decoding=\"async\" src=\"https:\/\/www.europesays.com\/no\/wp-content\/uploads\/2026\/01\/84034739.webp.webp\" width=\"579\" height=\"904\" title=\"L\u00f8p og kj\u00f8p\" alt=\"\" class=\"\" style=\"--aspect-ratio-image: 0.64; \"\/><\/p>\n<p>      Aurora Gude (33)<\/p>\n<p>Kjent fra \u00abCharterfeber\u00bb<\/p>\n<p>Antrekk: Kjole fra Gina Tricot, veske fra YSL<\/p>\n<p>Dette er noe av det vakreste jeg har sett fra Aurora. Kjolen er et lite eventyr i seg selv, og m\u00e5ten den faller over hennes fantastiske silhuett er rett og slett magisk. Tilbeh\u00f8ret er valgt med presisjon og l\u00f8fter helheten til nye h\u00f8yder. Jeg har aldri sett henne vakrere enn dette. En fullkommen look fra topp til t\u00e5. Ser dere denne kjolen i butikkene, er det bare \u00e9n ting \u00e5 gj\u00f8re: L\u00f8p og kj\u00f8p.<\/p>\n<p>      Vis mer<br \/>\n      Vis mindre<\/p>\n<p>    Dramatisk finesse og full av attitude<\/p>\n<p>        <img loading=\"lazy\" decoding=\"async\" src=\"https:\/\/www.europesays.com\/no\/wp-content\/uploads\/2026\/01\/84034775.webp.webp\" width=\"579\" height=\"869\" title=\"Dramatisk finesse og full av attitude\" alt=\"\" class=\"\" style=\"--aspect-ratio-image: 0.67; \"\/><\/p>\n<p class=\"font-weight-bold m-font-weight-bold\" data-lab-font_weight=\"font-weight-bold\">Wanda Mashadi (33)<\/p>\n<p>Influenser<\/p>\n<p>Antrekk: Kjole fra Norma Kamali<\/p>\n<p>Wanda str\u00e5ler i en nydelig hvit kjole med bar skulder og et elegant slep som gir antrekket dramatikk og finesse. Kjolen sitter som st\u00f8pt og fremhever alt som skal fremheves, en kreativ og sofistikert vri p\u00e5 en klassisk kort kjole. Det er ingen tvil om at Wanda bare blir vakrere og mer stilsikker for hver eneste r\u00f8de l\u00f8per hun setter foten p\u00e5.<\/p>\n<p class=\"font-weight-bold m-font-weight-bold\" data-lab-font_weight=\"font-weight-bold\">Vita Mashadi (33)\u00a0<\/p>\n<p>Influenser\u00a0<\/p>\n<p>Antrekk: Skj\u00f8rt fra Oxholm\u00a0<\/p>\n<p>Vita st\u00e5r ikke tilbake for tvillings\u00f8steren \u2013 her leverer hun<br \/>\nett av sine aller kuleste antrekk.<br \/>\nToppen og paljettskj\u00f8rtet er en<br \/>\nleken, sexy og moderne kombinasjon. Dette er Wanda p\u00e5<br \/>\nsitt beste, uanstrengt glamor\u00f8s<br \/>\nog full av attitude. N\u00e5r et antrekk<br \/>\nkan v\u00e6re s\u00e5 enkelt og samtidig<br \/>\ns\u00e5 sl\u00e5ende, da vet du at du har<br \/>\ntruffet. Jeg er mektig forn\u00f8yd<br \/>\nog oppriktig imponert.<\/p>\n<p>      Vis mer<br \/>\n      Vis mindre<\/p>\n<p>        <img loading=\"lazy\" decoding=\"async\" src=\"https:\/\/www.europesays.com\/no\/wp-content\/uploads\/2026\/01\/84034749.webp.webp\" width=\"579\" height=\"852\" title=\"Mektig imponert\" alt=\"\" class=\"\" style=\"--aspect-ratio-image: 0.68; \"\/><\/p>\n<p class=\"font-weight-bold m-font-weight-bold\" data-lab-font_weight=\"font-weight-bold\">Tobias Brandal Bus\u00e6t (33)<\/p>\n<p>Kjent fra \u00abSkal vi danse\u00bb<\/p>\n<p>Antrekk: Skjorte fra Ethon, bukse fra Vailent, blazer fra Oscar Jacobson, sko fra Prada og belte fra Herm\u00e8s<\/p>\n<p>Tobias imponerte p\u00e5 \u00abSkal vi danse\u00bb i h\u00f8st, og n\u00e5 stiller han i et antrekk som viser at han mestrer langt mer enn \u00e5 trikse med ball. Dette er en look jeg h\u00e5per mange menn lar seg inspirere av \u2013 en blanding av Brad Pitt-nonchalanse og Orlando Bloom-karisma. Fortsetter du slik, er du en sterk kandidat til \u00e5rets best kledde mann 2026.<\/p>\n<p>      Vis mer<br \/>\n      Vis mindre<\/p>\n<p>.<\/p>\n","protected":false},"excerpt":{"rendered":"Jan Thomas Det var ingen rampenisse p\u00e5 premieren av \u00abRampenissen\u00bb, men derimot mange flotte og frekke deltakere. TERNINGKAST&hellip;\n","protected":false},"author":2,"featured_media":127310,"comment_status":"","ping_status":"","sticky":false,"template":"","format":"standard","meta":{"footnotes":""},"categories":[59],"tags":[6801,4104,14913,2286,479,6587,8012,30,28,29,83,82,5762,5763],"class_list":{"0":"post-127309","1":"post","2":"type-post","3":"status-publish","4":"format-standard","5":"has-post-thumbnail","7":"category-sport","8":"tag-aurora-gude","9":"tag-eksklusivt","10":"tag-iben-akerlie","11":"tag-jan-thomas","12":"tag-kjendis","13":"tag-lene-alexandra-oien","14":"tag-motepolitiet","15":"tag-no","16":"tag-norge","17":"tag-norway","18":"tag-sport","19":"tag-sports","20":"tag-vita-mashadi","21":"tag-wanda-mashadi"},"share_on_mastodon":{"url":"https:\/\/pubeurope.com\/@no\/115826869108614380","error":""},"_links":{"self":[{"href":"https:\/\/www.europesays.com\/no\/wp-json\/wp\/v2\/posts\/127309","targetHints":{"allow":["GET"]}}],"collection":[{"href":"https:\/\/www.europesays.com\/no\/wp-json\/wp\/v2\/posts"}],"about":[{"href":"https:\/\/www.europesays.com\/no\/wp-json\/wp\/v2\/types\/post"}],"author":[{"embeddable":true,"href":"https:\/\/www.europesays.com\/no\/wp-json\/wp\/v2\/users\/2"}],"replies":[{"embeddable":true,"href":"https:\/\/www.europesays.com\/no\/wp-json\/wp\/v2\/comments?post=127309"}],"version-history":[{"count":0,"href":"https:\/\/www.europesays.com\/no\/wp-json\/wp\/v2\/posts\/127309\/revisions"}],"wp:featuredmedia":[{"embeddable":true,"href":"https:\/\/www.europesays.com\/no\/wp-json\/wp\/v2\/media\/127310"}],"wp:attachment":[{"href":"https:\/\/www.europesays.com\/no\/wp-json\/wp\/v2\/media?parent=127309"}],"wp:term":[{"taxonomy":"category","embeddable":true,"href":"https:\/\/www.europesays.com\/no\/wp-json\/wp\/v2\/categories?post=127309"},{"taxonomy":"post_tag","embeddable":true,"href":"https:\/\/www.europesays.com\/no\/wp-json\/wp\/v2\/tags?post=127309"}],"curies":[{"name":"wp","href":"https:\/\/api.w.org\/{rel}","templated":true}]}}