{"id":127319,"date":"2026-01-02T18:31:23","date_gmt":"2026-01-02T18:31:23","guid":{"rendered":"https:\/\/www.europesays.com\/no\/127319\/"},"modified":"2026-01-02T18:31:23","modified_gmt":"2026-01-02T18:31:23","slug":"ulykker-trafikk-okning-i-antall-omkomne-i-trafikken-vi-har-et-gutteproblem","status":"publish","type":"post","link":"https:\/\/www.europesays.com\/no\/127319\/","title":{"rendered":"Ulykker, Trafikk | \u00d8kning i antall omkomne i trafikken: \u2013 Vi har et \u00abgutteproblem\u00bb"},"content":{"rendered":"\n<p>Det er for mange som d\u00f8r i trafikken, og jeg er ikke forn\u00f8yd med at ulykkestallene \u00f8ker, sier vegdirekt\u00f8r Ingrid Dahl Hovland, i en pressemelding fra Statens vegvesen.<\/p>\n<p>Forel\u00f8pige tall fra Statens vegvesen viser at det i 2025 var 111 personer som mistet livet i trafikken. Det er 24 flere enn i 2024.<\/p>\n<p>I desember var det ni mennesker i Norge som mistet livet i trafikken, hvor fem av de ni var fotgjengerulykker.<\/p>\n<p>Tallene viser at det er en overvekt av menn som omkommer, hvor det i 2025 var 17 kvinner, mot 94 menn.<\/p>\n<p>N\u00e5r det gjelder barn er det ingen under 14 \u00e5r som omkom i fjor i trafikken.<\/p>\n<p>\u2013 Bekymret for utviklingen<\/p>\n<p>Det er en tydelig \u00f8kning i antall d\u00f8dsulykker blant de unge.<\/p>\n<p>I aldersgruppen 16 til 24 \u00e5r var det 22 som omkom, mot 24 omkomne i aldersgruppen 55 til 64. De er dermed de to aldersgruppene med flest omkomne.<\/p>\n<p>\u2013 Jeg er bekymret for den utviklingen vi ser p\u00e5 veiene v\u00e5re og i trafikken. Og jeg er spesielt bekymret for utviklingen blant de aller yngste sj\u00e5f\u00f8rene v\u00e5re. Vi m\u00e5 gj\u00f8re mer for \u00e5 hindre at mennesker d\u00f8r p\u00e5 norske veier, og vi m\u00e5 gj\u00f8re mer for \u00e5 n\u00e5 de unge trafikantene, sier samferdselsminister Jon-Ivar Nyg\u00e5rd.<\/p>\n<p>I l\u00f8pet av 2026 skal Statens vegvesen legge fram tiltaksplanen for trafikksikkerhet for de fire neste \u00e5rene fram mot 2030. I planen er det flere ambisi\u00f8se m\u00e5l, ogs\u00e5 overfor de unge.<\/p>\n<p>\u2013 \u00abGutteproblem\u00bb<\/p>\n<p>\u2013 Vi har et \u00abgutteproblem\u00bb, sier vegdirekt\u00f8ren \u2013 Unge gutter som kj\u00f8rer altfor fort og har annen s\u00e6rlig risikofull atferd. Og s\u00e5 har de med seg flere i bilen. At de unge guttene tar store sjanser b\u00e5de p\u00e5 egne og andres vegne kan vi ikke akseptere, sier Hovland.<\/p>\n<p>Vegdirekt\u00f8ren forklarer at de ofte mangler kj\u00f8reerfaring, kj\u00f8rer eldre biler, og mister oftere kontrollen, sammenliknet med eldre f\u00f8rere. Hun understreker at dette er noe hun vil gj\u00f8re noe med.<\/p>\n<p>\u2013 Vi kan ikke bygge oss ut av denne problemstillingen, men vi kan bedre oppl\u00e6ringen, bidra til bedre holdninger og atferd og kanskje ogs\u00e5 stramme inn p\u00e5 noe regelverk, sier hun.<\/p>\n<p>  <a href=\"https:\/\/www.helg.no\/5-24-1120609\" class=\"related-teaser has-image default-story-teaser article--c-eRUmMG article--c-eRUmMG-jKCPdD-design-default\" rel=\"nofollow noopener\" target=\"_blank\"><\/p>\n<p>    <img decoding=\"async\" loading=\"lazy\"  src=\"https:\/\/www.europesays.com\/no\/wp-content\/uploads\/2026\/01\/20251208_123628.jpg\" alt=\"\" class=\"brick-c-cFOWSL\" style=\"\"\/><\/p>\n<p>\n            Les ogs\u00e5<\/p>\n<p>              Glem r\u00e5kj\u00f8ring og sinker \u2013 dette irriterer oss mest i trafikken\n        <\/p>\n<p>  <\/a><\/p>\n","protected":false},"excerpt":{"rendered":"Det er for mange som d\u00f8r i trafikken, og jeg er ikke forn\u00f8yd med at ulykkestallene \u00f8ker, sier&hellip;\n","protected":false},"author":2,"featured_media":127320,"comment_status":"","ping_status":"","sticky":false,"template":"","format":"standard","meta":{"footnotes":""},"categories":[5],"tags":[36,20,21,24,25,15,19,22,23,17,18,1068,13,30,28,29,14,16,1953,1510,26,27,224,1204],"class_list":{"0":"post-127319","1":"post","2":"type-post","3":"status-publish","4":"format-standard","5":"has-post-thumbnail","7":"category-overskrifter","8":"tag-art","9":"tag-breaking-news","10":"tag-breakingnews","11":"tag-featured-news","12":"tag-featurednews","13":"tag-headlines","14":"tag-hovedoppslag","15":"tag-latest-news","16":"tag-latestnews","17":"tag-main-news","18":"tag-mainnews","19":"tag-mosjoen","20":"tag-news","21":"tag-no","22":"tag-norge","23":"tag-norway","24":"tag-nyheter","25":"tag-overskrifter","26":"tag-sandnessjoen","27":"tag-story","28":"tag-top-stories","29":"tag-topstories","30":"tag-trafikk","31":"tag-ulykker"},"share_on_mastodon":{"url":"https:\/\/pubeurope.com\/@no\/115826936008797789","error":""},"_links":{"self":[{"href":"https:\/\/www.europesays.com\/no\/wp-json\/wp\/v2\/posts\/127319","targetHints":{"allow":["GET"]}}],"collection":[{"href":"https:\/\/www.europesays.com\/no\/wp-json\/wp\/v2\/posts"}],"about":[{"href":"https:\/\/www.europesays.com\/no\/wp-json\/wp\/v2\/types\/post"}],"author":[{"embeddable":true,"href":"https:\/\/www.europesays.com\/no\/wp-json\/wp\/v2\/users\/2"}],"replies":[{"embeddable":true,"href":"https:\/\/www.europesays.com\/no\/wp-json\/wp\/v2\/comments?post=127319"}],"version-history":[{"count":0,"href":"https:\/\/www.europesays.com\/no\/wp-json\/wp\/v2\/posts\/127319\/revisions"}],"wp:featuredmedia":[{"embeddable":true,"href":"https:\/\/www.europesays.com\/no\/wp-json\/wp\/v2\/media\/127320"}],"wp:attachment":[{"href":"https:\/\/www.europesays.com\/no\/wp-json\/wp\/v2\/media?parent=127319"}],"wp:term":[{"taxonomy":"category","embeddable":true,"href":"https:\/\/www.europesays.com\/no\/wp-json\/wp\/v2\/categories?post=127319"},{"taxonomy":"post_tag","embeddable":true,"href":"https:\/\/www.europesays.com\/no\/wp-json\/wp\/v2\/tags?post=127319"}],"curies":[{"name":"wp","href":"https:\/\/api.w.org\/{rel}","templated":true}]}}